{"id":492162,"date":"2023-11-28T22:00:08","date_gmt":"2023-11-29T02:00:08","guid":{"rendered":"https:\/\/diariodominicano.com\/?p=492162"},"modified":"2023-11-28T22:48:58","modified_gmt":"2023-11-29T02:48:58","slug":"campana-de-abel-martinez-juramenta-amplia-estructura-de-trabajo-en-la-region-enriquillo","status":"publish","type":"post","link":"https:\/\/diariodominicano.com\/?p=492162","title":{"rendered":"Campa\u00f1a de Abel Mart\u00ednez juramenta estructura de trabajo en la regi\u00f3n Enriquillo"},"content":{"rendered":"\n<p>BARAHONA: La campa\u00f1a presidencial de Abel Mart\u00ednez formaliz\u00f3 los equipos de trabajo del Sector Externo correspondientes a los 52 municipios y Distrito Municipales de la regi\u00f3n del Lago Enriquillo, compuesto por destacados hombres y mujeres que tienen la finalidad de garantizar la victoria de Abel en las pr\u00f3ximas elecciones de mayo de 2024.<br><br>Con la misi\u00f3n de sumar y conquistar votantes, esta estructura tambi\u00e9n se levanta como fuerza para denunciar y sugerir soluciones ante los grandes problemas que aquejan la regi\u00f3n, ante la falta de pol\u00edticas p\u00fablicas a favor de sus comunidades y el abandono del actual gobierno en esta zona del pa\u00eds.<br><br>Al dejar posicionados en sus puestos a los responsables de estos trabajos, el ingeniero Edwin Espinal Matos, coordinador nacional del Sector Externo de Abel Mart\u00ednez, manifest\u00f3 que le genera impotencia que miles de j\u00f3venes pierdan cada d\u00eda la oportunidad de desarrollarse <\/p>\n\n\n\n<figure class=\"wp-block-image size-full\"><img loading=\"lazy\" decoding=\"async\" width=\"400\" height=\"400\" src=\"https:\/\/diariodominicano.com\/wp-content\/uploads\/2023\/11\/Campana-de-Abel-Martinez-juramenta-amplia-estructura-de-trabajo-en-la-region-Enriquillo-1.jpeg\" alt=\"\" class=\"wp-image-492206\" srcset=\"https:\/\/diariodominicano.com\/wp-content\/uploads\/2023\/11\/Campana-de-Abel-Martinez-juramenta-amplia-estructura-de-trabajo-en-la-region-Enriquillo-1.jpeg 400w, https:\/\/diariodominicano.com\/wp-content\/uploads\/2023\/11\/Campana-de-Abel-Martinez-juramenta-amplia-estructura-de-trabajo-en-la-region-Enriquillo-1-300x300.jpeg 300w, https:\/\/diariodominicano.com\/wp-content\/uploads\/2023\/11\/Campana-de-Abel-Martinez-juramenta-amplia-estructura-de-trabajo-en-la-region-Enriquillo-1-150x150.jpeg 150w, https:\/\/diariodominicano.com\/wp-content\/uploads\/2023\/11\/Campana-de-Abel-Martinez-juramenta-amplia-estructura-de-trabajo-en-la-region-Enriquillo-1-88x88.jpeg 88w\" sizes=\"auto, (max-width: 400px) 100vw, 400px\" \/><\/figure>\n\n\n\n<p><br><br>\u201cAsumimos el compromiso de acompa\u00f1arlos para lograr sus anhelos y hacer valer sus reclamos, para juntos lograr vencer en las elecciones de febrero y en mayo, y sacar el gobierno de los apagas estufas; de los que mantienen nuestras familias en riesgo por la delincuencia, a los que descuidan la salud de la poblaci\u00f3n por falta de prevenci\u00f3n\u201d, expres\u00f3 a los cientos de lideres de la regi\u00f3n Enriquillo.<br><br>&nbsp;Agreg\u00f3 que un ejemplo de ese descuido, es el aumento de casos de dengue y el brote de c\u00f3lera en la regi\u00f3n, muestra clara de que quienes gobiernan, han descuidado la calidad de la salud, as\u00ed como la educaci\u00f3n.<br><br>\u201cHe conversado con Abel, y ustedes tambi\u00e9n lo saben, para Abel el rescate de esta Regi\u00f3n Enriquillo es una prioridad, a diferencia de quienes gobiernan, que lo hacen para un grupito, Abel Mart\u00ednez gobernar\u00e1 para todos\u201d enfatiz\u00f3 Espinal Matos, en medio de efusivos aplausos de los presentes.<br><br>La Regi\u00f3n Enriquillo tiene el mayor nivel de pobreza del pa\u00eds, con una tasa de desempleo de 11,8%, la m\u00e1s alta del pa\u00eds, lo que genera que miles de j\u00f3venes pierdan la oportunidad de desarrollarse.<br><br>Otro problema social cr\u00edtico en la Regi\u00f3n Enriquillo es el alto \u00edndice de embarazo en adolescentes que alcanza el 27,7% en mujeres entre 15 y 19 a\u00f1os, tambi\u00e9n el m\u00e1s elevado del pa\u00eds. Es lamentable que programas como el de Prevenci\u00f3n de Embarazos en Adolescentes, (PREA), el 911 y los Centros Tecnol\u00f3gicos Comunitarios, as\u00ed como el programa de medicamentos de alto costo, se hayan descontinuado o desmejorado en esta gesti\u00f3n.<br><br>Sobre esa base, Edwin Espinal Matos pidi\u00f3 trabajar para alcanzar el triunfo y juntos transformar el pa\u00eds.<br><br>En tanto que Ilianov M\u00e9ndez, coordinador regional del sector externo, asegur\u00f3 que la meta electoral es alcanzar el 5% del padr\u00f3n de la junta en cada uno de los municipios municipales de la regi\u00f3n Enriquillo.<\/p>\n\n\n\n<p>Indic\u00f3 que el equipo de trabajo est\u00e1 decidido a trabajar, dando todo para que Abel Mart\u00ednez y los PLD ganen en febrero y mayo.<\/p>\n\n\n\n<p>M\u00e9ndez, se\u00f1al\u00f3 que desde el 15 de octubre se &nbsp;propuso la meta de constituir 55 equipos de trabajo a nivel de los distritos municipales y provincias que componen el lago.<\/p>\n\n\n\n<p>\u00abEn ese sentido hoy presentamos los coordinadores que se encargar\u00e1n de buscar la meta que nos hemos trazado para febrero y mayo, que es de un 5% del padr\u00f3n del la junta no afiliado al PLD\u00bb, dijo Ilianov M\u00e9ndez.<\/p>\n\n\n\n<p>La actividad se realiz\u00f3 en un local comercial del malec\u00f3n de la ciudad de &nbsp;Barahona.<\/p>\n","protected":false},"excerpt":{"rendered":"<p>BARAHONA: La campa\u00f1a presidencial de Abel Mart\u00ednez formaliz\u00f3 los equipos de trabajo del Sector Externo correspondientes a los 52 municipios y Distrito Municipales de la regi\u00f3n del Lago Enriquillo, compuesto por destacados hombres y mujeres que tienen la finalidad de garantizar la victoria de Abel en las pr\u00f3ximas elecciones de mayo de 2024. Con la [&hellip;]<\/p>\n","protected":false},"author":7,"featured_media":492207,"comment_status":"closed","ping_status":"","sticky":true,"template":"","format":"standard","meta":{"footnotes":""},"categories":[22,27],"tags":[],"class_list":["post-492162","post","type-post","status-publish","format-standard","has-post-thumbnail","hentry","category-politica","category-portada"],"_links":{"self":[{"href":"https:\/\/diariodominicano.com\/index.php?rest_route=\/wp\/v2\/posts\/492162","targetHints":{"allow":["GET"]}}],"collection":[{"href":"https:\/\/diariodominicano.com\/index.php?rest_route=\/wp\/v2\/posts"}],"about":[{"href":"https:\/\/diariodominicano.com\/index.php?rest_route=\/wp\/v2\/types\/post"}],"author":[{"embeddable":true,"href":"https:\/\/diariodominicano.com\/index.php?rest_route=\/wp\/v2\/users\/7"}],"replies":[{"embeddable":true,"href":"https:\/\/diariodominicano.com\/index.php?rest_route=%2Fwp%2Fv2%2Fcomments&post=492162"}],"version-history":[{"count":3,"href":"https:\/\/diariodominicano.com\/index.php?rest_route=\/wp\/v2\/posts\/492162\/revisions"}],"predecessor-version":[{"id":492242,"href":"https:\/\/diariodominicano.com\/index.php?rest_route=\/wp\/v2\/posts\/492162\/revisions\/492242"}],"wp:featuredmedia":[{"embeddable":true,"href":"https:\/\/diariodominicano.com\/index.php?rest_route=\/wp\/v2\/media\/492207"}],"wp:attachment":[{"href":"https:\/\/diariodominicano.com\/index.php?rest_route=%2Fwp%2Fv2%2Fmedia&parent=492162"}],"wp:term":[{"taxonomy":"category","embeddable":true,"href":"https:\/\/diariodominicano.com\/index.php?rest_route=%2Fwp%2Fv2%2Fcategories&post=492162"},{"taxonomy":"post_tag","embeddable":true,"href":"https:\/\/diariodominicano.com\/index.php?rest_route=%2Fwp%2Fv2%2Ftags&post=492162"}],"curies":[{"name":"wp","href":"https:\/\/api.w.org\/{rel}","templated":true}]}}