{"id":492091,"date":"2023-11-28T00:54:48","date_gmt":"2023-11-28T04:54:48","guid":{"rendered":"https:\/\/diariodominicano.com\/?p=492091"},"modified":"2023-11-28T01:00:26","modified_gmt":"2023-11-28T05:00:26","slug":"abel-martinez-candidato-presidencial-del-pld-presentara-este-martes-su-propuesta-de-transformacion-del-sector-agropecuario-nacional","status":"publish","type":"post","link":"https:\/\/diariodominicano.com\/?p=492091","title":{"rendered":"Abel Mart\u00ednez presentar\u00e1 este martes su propuesta de Transformaci\u00f3n del Sector Agropecuario Nacional"},"content":{"rendered":"\n<p><strong>Abel Mart\u00ednez, candidato presidencial del Partido de la Liberaci\u00f3n Dominicana (PLD),\u00a0<\/strong>presentar\u00e1 este martes su propuesta para la Transformaci\u00f3n de la Agropecuaria Nacional para hacer frente al descalabro del sector, fruto de las deficiencias del Gobierno y el maltrato a productores, profesionales y labriegos.<\/p>\n\n\n\n<p><\/p>\n\n\n\n<p>Desde sus inicios, el gobierno de Luis Abinader ha implementado pol\u00edticas p\u00fablicas que han destruido la producci\u00f3n local y han llevado a la ruina a agricultores y ganaderos, diagn\u00f3stico utilizado para la propuesta que Abel Mart\u00ednez presentar\u00e1 al pa\u00eds en su encuentro de este martes.<\/p>\n\n\n\n<p>La propuesta del candidato presidencial del PLD para recuperar el sector agropecuario nacional se realizar\u00e1 en un encuentro pautado para las 10.00 de la ma\u00f1ana de este martes en la Casa Nacional Reinaldo Pared P\u00e9rez.<\/p>\n\n\n\n<p>Para la presentaci\u00f3n de la propuesta se est\u00e1 invitando a la representaci\u00f3n de los medios de comunicaci\u00f3n y a personalidades ligadas al sector, as\u00ed como dirigentes del Partido de la Liberaci\u00f3n Dominicana.<\/p>\n\n\n\n<p>En la sede nacional del PLD se prepara el escenario para la presentaci\u00f3n de la propuesta que har\u00e1 Abel Mart\u00ednez al electorado como parte de los ejes tem\u00e1ticos que present\u00f3 el pasado octubre en el acto de proclamaci\u00f3n oficial de su candidatura a la Presidencia de la Rep\u00fablica.<\/p>\n\n\n\n<p><strong>SECRETARIA DE COMUNICACIONES<\/strong><\/p>\n\n\n\n<p><strong>27 DE NOVIEMBRE, 2023.-<\/strong><\/p>\n","protected":false},"excerpt":{"rendered":"<p>Abel Mart\u00ednez, candidato presidencial del Partido de la Liberaci\u00f3n Dominicana (PLD),\u00a0presentar\u00e1 este martes su propuesta para la Transformaci\u00f3n de la Agropecuaria Nacional para hacer frente al descalabro del sector, fruto de las deficiencias del Gobierno y el maltrato a productores, profesionales y labriegos. Desde sus inicios, el gobierno de Luis Abinader ha implementado pol\u00edticas p\u00fablicas [&hellip;]<\/p>\n","protected":false},"author":28,"featured_media":492092,"comment_status":"closed","ping_status":"","sticky":true,"template":"","format":"standard","meta":{"footnotes":""},"categories":[22,27],"tags":[],"class_list":["post-492091","post","type-post","status-publish","format-standard","has-post-thumbnail","hentry","category-politica","category-portada"],"_links":{"self":[{"href":"https:\/\/diariodominicano.com\/index.php?rest_route=\/wp\/v2\/posts\/492091","targetHints":{"allow":["GET"]}}],"collection":[{"href":"https:\/\/diariodominicano.com\/index.php?rest_route=\/wp\/v2\/posts"}],"about":[{"href":"https:\/\/diariodominicano.com\/index.php?rest_route=\/wp\/v2\/types\/post"}],"author":[{"embeddable":true,"href":"https:\/\/diariodominicano.com\/index.php?rest_route=\/wp\/v2\/users\/28"}],"replies":[{"embeddable":true,"href":"https:\/\/diariodominicano.com\/index.php?rest_route=%2Fwp%2Fv2%2Fcomments&post=492091"}],"version-history":[{"count":4,"href":"https:\/\/diariodominicano.com\/index.php?rest_route=\/wp\/v2\/posts\/492091\/revisions"}],"predecessor-version":[{"id":492096,"href":"https:\/\/diariodominicano.com\/index.php?rest_route=\/wp\/v2\/posts\/492091\/revisions\/492096"}],"wp:featuredmedia":[{"embeddable":true,"href":"https:\/\/diariodominicano.com\/index.php?rest_route=\/wp\/v2\/media\/492092"}],"wp:attachment":[{"href":"https:\/\/diariodominicano.com\/index.php?rest_route=%2Fwp%2Fv2%2Fmedia&parent=492091"}],"wp:term":[{"taxonomy":"category","embeddable":true,"href":"https:\/\/diariodominicano.com\/index.php?rest_route=%2Fwp%2Fv2%2Fcategories&post=492091"},{"taxonomy":"post_tag","embeddable":true,"href":"https:\/\/diariodominicano.com\/index.php?rest_route=%2Fwp%2Fv2%2Ftags&post=492091"}],"curies":[{"name":"wp","href":"https:\/\/api.w.org\/{rel}","templated":true}]}}