{"id":49195,"date":"2020-09-24T14:49:26","date_gmt":"2020-09-24T14:49:26","guid":{"rendered":"http:\/\/diariodominicano.ddns.net\/?p=49195"},"modified":"2020-09-24T14:49:26","modified_gmt":"2020-09-24T14:49:26","slug":"buenaventura-baez-juramentado-presidente-de-la-republica","status":"publish","type":"post","link":"https:\/\/diariodominicano.com\/?p=49195","title":{"rendered":"Buenaventura B\u00e1ez juramentado presidente de la Rep\u00fablica"},"content":{"rendered":"<p><body><\/p>\n<p><img decoding=\"async\" src=\"img3\/Buenaventura-Baez.jpg\" \/>  <\/p>\n<p><strong>Diariodominicano.com<\/strong><\/p>\n<p><strong>Buenaventura B\u00e1ez juramentado presidente de la Rep\u00fablica<\/strong><\/p>\n<p><strong>  Por ello, entre las primeras medidas del Presidente Buenaventura B\u00e1ez figur\u00f3 la reorganizaci\u00f3n de las fuerzas militares: el Ej\u00e9rcito y la  Marina para combatir a los haitianos por los puertos del sur de la Rep\u00fablica Dominicana.<\/strong><\/p>\n<p><strong> <\/strong><\/p>\n<p><strong>Por HTN<\/strong><\/p>\n<p><strong>Diariodominicano.com<\/strong><\/p>\n<\/p>\n<p><strong>SANTO DOMINGO, el  24 de septiembre de 1849,<\/strong> tom\u00f3 posesi\u00f3n el Presidente de la Rep\u00fablica Dominicana, Buenaventura B\u00e1ez. En ese momento la econom\u00eda dominicana estaba muy debilitada por los gastos que ten\u00eda que hacer el Gobierno para combatir las invasiones de Hait\u00ed.<\/p>\n<\/p>\n<p>      Por ello, entre las primeras medidas del Presidente Buenaventura B\u00e1ez figur\u00f3 la reorganizaci\u00f3n de las fuerzas militares: el Ej\u00e9rcito y la  Marina para combatir a los haitianos por los puertos del sur de la Rep\u00fablica Dominicana.<\/p>\n<\/p>\n<p>     De igual modo, el presidente  B\u00e1ez le confiri\u00f3 mucha importancia a las negociaciones con los c\u00f3nsules de Estados Unidos, Francia e Inglaterra, a fin de que  mediaran para  evitar que Hait\u00ed organizara otras agresiones contra el territorio dominicano.<\/p>\n<\/p>\n<p>    El 10 de septiembre de 1850, el Gobierno dominicano firm\u00f3 con Inglaterra  el Tratado de reconocimiento, paz, amistad, comercio y navegaci\u00f3n.<\/p>\n<\/p>\n<p>    En la ocasi\u00f3n para Inglaterra era de mucha importancia que se fortaleciera la soberan\u00eda de la Rep\u00fablica Dominicana, porque de esa manera pod\u00eda fortalecer sus relaciones comerciales, y superar el nivel de relaciones que ten\u00eda el pa\u00eds con Espa\u00f1a, Estados Unidos y Francia.<\/p>\n<\/p>\n<p>    El Presidente  B\u00e1ez, con la mediaci\u00f3n de los pa\u00edses amigos,  logr\u00f3 que Hait\u00ed firmara un acuerdo de paz  que en principios ser\u00eda por un mes, pero se extendi\u00f3 durante varios a\u00f1os.<\/p>\n<\/p>\n<p>    La pol\u00edtica diplom\u00e1tica de Buenaventura  B\u00e1ez  dio como resultado que pudo desarrollar su primer Gobierno en un per\u00edodo de relativa paz. <\/p>\n<\/p>\n<p>   El primer Gobierno baecista se desarroll\u00f3 de  1849 a  1853.<\/p>\n<\/p>\n<p>    En una s\u00edntesis de los objetivos que su gesti\u00f3n  no logr\u00f3, se destacan: la organizaci\u00f3n del Ej\u00e9rcito, reforma del sistema monetario, seguridad p\u00fablica, mejoramiento de la educaci\u00f3n p\u00fablica, ampliaci\u00f3n del comercio, fortalecimiento de la agricultura, y su objetivo permanente: lograr el protectorado de una naci\u00f3n extranjera poderosa.<\/p>\n<\/p>\n<p>    Buenaventura B\u00e1ez fue electo en las elecciones del 18 de agosto de 1849, en cuyo proceso recibi\u00f3 el apoyo del jefe del Ej\u00e9rcito, General Pedro Santana.<\/p>\n<\/p>\n<p>    De 1846 a 1848, el Presidente Pedro Santana lo hab\u00eda escogido para representar al pa\u00eds  junto a Jos\u00e9 Mar\u00eda Medrano y Juan Esteban Aybar, como delegados oficiales del Gobierno dominicano para realizar gestiones con los gobiernos de Espa\u00f1a, Francia e Inglaterra.<\/p>\n<\/p>\n<p>    En el a\u00f1o 1849, el Congreso Nacional, presidido por Buenaventura B\u00e1ez, rindi\u00f3 un homenaje al Presidente Pedro Santana y lo declar\u00f3 \u00abLibertador de la Patria\u00bb.<\/p>\n<\/p>\n<p>   Las elecciones  fueron convocadas por el General Pedro Santana, luego que el ciudadano Santiago Espaillat, electo en los comicios del 5 de julio de 1849, declin\u00f3 el cargo al conocer los resultados electorales.<\/p>\n<\/p>\n<p>     Santiago Espaillat,  sustent\u00f3 su decisi\u00f3n en  razones de edad y salud para no asumir la jefatura del Estado.<\/p>\n<\/p>\n<p>       El se\u00f1or Espaillat hab\u00eda sido escogido para el cargo por el Presidente Pedro Santana, quien tambi\u00e9n apoy\u00f3 la candidatura de Buenaventura B\u00e1ez, quien presid\u00eda el Congreso de la Rep\u00fablica.<\/p>\n<\/p>\n<p>    Al producirse la decisi\u00f3n de Santiago Espaillat, el Congreso convoc\u00f3 a nuevas elecciones para el 5 de agosto de 1849.<\/p>\n<\/p>\n<p>    Pedro Santana manten\u00eda el control del Poder Ejecutivo desde el d\u00eda 30 de mayo de 1849, luego que provoc\u00f3 la renuncia del Presidente Manuel Jimenes, el d\u00eda 29 de mayo.<\/p>\n<\/p>\n<p>   Cuando Pedro Santana se hizo cargo del Poder Ejecutivo el 30 de mayo de 1849, proclam\u00f3 que lo hizo \u00abpor mandato de los pueblos y el ej\u00e9rcito\u00bb.  <\/p>\n<\/p>\n<p>    Durante las acciones contra el Gobierno de Manuel  Jimenes, Pedro Santana  cont\u00f3 con el apoyo de  Buenaventura B\u00e1ez, por ello lo apoy\u00f3 para que fuera electo Presidente de la Rep\u00fablica.<\/p>\n<\/p>\n<p>    Luego de la elecci\u00f3n de Buenaventura B\u00e1ez el 18 de agosto de 1849, Pedro Santana conservaba la Jefatura del Ej\u00e9rcito. Al concluir el proceso electoral decidi\u00f3 retirarse  a su finca de El Prado, en El Seybo.<\/p>\n<\/p>\n<h6> 2020-09-24 14:49:26 <\/h6>\n<p><!--\n<link rel=\"stylesheet\" href=\"css\/bootstrap.min.css\">\n\n\n<ul class=\"pagination\">\n\t    \n\t\n\n<li >\n\t<a href='?page_no=185'>Previous<\/a>\n\t<\/li>\n\n\n       \n    \n\n<li><a href='?page_no=1'>1<\/a><\/li>\n\n\n\n<li><a href='?page_no=2'>2<\/a><\/li>\n\n\n\n<li><a>...<\/a><\/li>\n\n\n\n<li><a href='?page_no=184'>184<\/a><\/li>\n\n\n\n<li><a href='?page_no=185'>185<\/a><\/li>\n\n\n\n<li class='active'><a>186<\/a><\/li>\n\n\n\n<li><a href='?page_no=187'>187<\/a><\/li>\n\n\n\n<li><a href='?page_no=188'>188<\/a><\/li>\n\n\n\n<li><a>...<\/a><\/li>\n\n\n\n<li><a href='?page_no=22911'>22911<\/a><\/li>\n\n\n\n<li><a href='?page_no=22912'>22912<\/a><\/li>\n\n    \n\t\n\n<li >\n\t<a href='?page_no=187'>Next<\/a>\n\t<\/li>\n\n\n    \n\n<li><a href='?page_no=22912'>Last &rsaquo;&rsaquo;<\/a><\/li>\n\n<\/ul>\n\n\n--><br \/>\n<\/body><\/p>\n","protected":false},"excerpt":{"rendered":"<p>Diariodominicano.com Buenaventura B\u00e1ez juramentado presidente de la Rep\u00fablica Por ello, entre las primeras medidas del Presidente Buenaventura B\u00e1ez figur\u00f3 la reorganizaci\u00f3n de las fuerzas militares: el Ej\u00e9rcito y la Marina para combatir a los haitianos por los puertos del sur de la Rep\u00fablica Dominicana. Por HTN Diariodominicano.com SANTO DOMINGO, el 24 de septiembre de 1849, [&hellip;]<\/p>\n","protected":false},"author":3,"featured_media":0,"comment_status":"open","ping_status":"open","sticky":false,"template":"","format":"standard","meta":{"footnotes":""},"categories":[21],"tags":[],"class_list":["post-49195","post","type-post","status-publish","format-standard","hentry","category-cultura"],"_links":{"self":[{"href":"https:\/\/diariodominicano.com\/index.php?rest_route=\/wp\/v2\/posts\/49195","targetHints":{"allow":["GET"]}}],"collection":[{"href":"https:\/\/diariodominicano.com\/index.php?rest_route=\/wp\/v2\/posts"}],"about":[{"href":"https:\/\/diariodominicano.com\/index.php?rest_route=\/wp\/v2\/types\/post"}],"author":[{"embeddable":true,"href":"https:\/\/diariodominicano.com\/index.php?rest_route=\/wp\/v2\/users\/3"}],"replies":[{"embeddable":true,"href":"https:\/\/diariodominicano.com\/index.php?rest_route=%2Fwp%2Fv2%2Fcomments&post=49195"}],"version-history":[{"count":0,"href":"https:\/\/diariodominicano.com\/index.php?rest_route=\/wp\/v2\/posts\/49195\/revisions"}],"wp:attachment":[{"href":"https:\/\/diariodominicano.com\/index.php?rest_route=%2Fwp%2Fv2%2Fmedia&parent=49195"}],"wp:term":[{"taxonomy":"category","embeddable":true,"href":"https:\/\/diariodominicano.com\/index.php?rest_route=%2Fwp%2Fv2%2Fcategories&post=49195"},{"taxonomy":"post_tag","embeddable":true,"href":"https:\/\/diariodominicano.com\/index.php?rest_route=%2Fwp%2Fv2%2Ftags&post=49195"}],"curies":[{"name":"wp","href":"https:\/\/api.w.org\/{rel}","templated":true}]}}