{"id":491862,"date":"2023-11-27T09:20:12","date_gmt":"2023-11-27T13:20:12","guid":{"rendered":"https:\/\/diariodominicano.com\/?p=491862"},"modified":"2023-11-27T09:21:37","modified_gmt":"2023-11-27T13:21:37","slug":"miguel-vargas-los-dominicanos-hemos-podido-confirmar-el-deterioro-y-falacia-de-este-gobierno-2","status":"publish","type":"post","link":"https:\/\/diariodominicano.com\/?p=491862","title":{"rendered":"Miguel Vargas: \u201cLos dominicanos hemos podido confirmar el deterioro y falacia de este gobierno\u201d"},"content":{"rendered":"\n<p> Habl\u00f3 durante el acto de proclamaci\u00f3n del candidato a alcalde del municipio de Nigua, Benito Reyes \u201cManiqu\u00edn\u201d, <\/p>\n\n\n\n<figure class=\"wp-block-image size-large\"><img loading=\"lazy\" decoding=\"async\" width=\"1024\" height=\"682\" src=\"https:\/\/diariodominicano.com\/wp-content\/uploads\/2023\/11\/WhatsApp-Image-2023-11-25-at-7.29.36-PM-1-1-1-1024x682.jpeg\" alt=\"\" class=\"wp-image-491864\" srcset=\"https:\/\/diariodominicano.com\/wp-content\/uploads\/2023\/11\/WhatsApp-Image-2023-11-25-at-7.29.36-PM-1-1-1-1024x682.jpeg 1024w, https:\/\/diariodominicano.com\/wp-content\/uploads\/2023\/11\/WhatsApp-Image-2023-11-25-at-7.29.36-PM-1-1-1-300x200.jpeg 300w, https:\/\/diariodominicano.com\/wp-content\/uploads\/2023\/11\/WhatsApp-Image-2023-11-25-at-7.29.36-PM-1-1-1-768x512.jpeg 768w, https:\/\/diariodominicano.com\/wp-content\/uploads\/2023\/11\/WhatsApp-Image-2023-11-25-at-7.29.36-PM-1-1-1-1536x1023.jpeg 1536w, https:\/\/diariodominicano.com\/wp-content\/uploads\/2023\/11\/WhatsApp-Image-2023-11-25-at-7.29.36-PM-1-1-1-816x544.jpeg 816w, https:\/\/diariodominicano.com\/wp-content\/uploads\/2023\/11\/WhatsApp-Image-2023-11-25-at-7.29.36-PM-1-1-1.jpeg 1600w\" sizes=\"auto, (max-width: 1024px) 100vw, 1024px\" \/><\/figure>\n\n\n\n<p><em><u>\u201cRenegociaci\u00f3n de contrato&nbsp;<\/u><\/em>Aerodom<em>&nbsp;atenta contra el turismo; en consecuencia, pagaremos pasajes m\u00e1s caros\u201d.<\/em><\/p>\n\n\n\n<figure class=\"wp-block-image size-large\"><img loading=\"lazy\" decoding=\"async\" width=\"1024\" height=\"682\" src=\"https:\/\/diariodominicano.com\/wp-content\/uploads\/2023\/11\/WhatsApp-Image-2023-11-25-at-7.29.35-PM-1-1-1024x682.jpeg\" alt=\"\" class=\"wp-image-491866\" srcset=\"https:\/\/diariodominicano.com\/wp-content\/uploads\/2023\/11\/WhatsApp-Image-2023-11-25-at-7.29.35-PM-1-1-1024x682.jpeg 1024w, https:\/\/diariodominicano.com\/wp-content\/uploads\/2023\/11\/WhatsApp-Image-2023-11-25-at-7.29.35-PM-1-1-300x200.jpeg 300w, https:\/\/diariodominicano.com\/wp-content\/uploads\/2023\/11\/WhatsApp-Image-2023-11-25-at-7.29.35-PM-1-1-768x512.jpeg 768w, https:\/\/diariodominicano.com\/wp-content\/uploads\/2023\/11\/WhatsApp-Image-2023-11-25-at-7.29.35-PM-1-1-1536x1023.jpeg 1536w, https:\/\/diariodominicano.com\/wp-content\/uploads\/2023\/11\/WhatsApp-Image-2023-11-25-at-7.29.35-PM-1-1-816x544.jpeg 816w, https:\/\/diariodominicano.com\/wp-content\/uploads\/2023\/11\/WhatsApp-Image-2023-11-25-at-7.29.35-PM-1-1.jpeg 1600w\" sizes=\"auto, (max-width: 1024px) 100vw, 1024px\" \/><\/figure>\n\n\n\n<p>San Crist\u00f3bal, RD. \u2013 El candidato presidencial del Partido Revolucionario Dominicano (PRD), ingeniero Miguel Vargas Maldonado, reiter\u00f3 su preocupaci\u00f3n por el nivel de retroceso que dijo presentan diversas \u00e1reas de servicios p\u00fablicos que afectan a Rep\u00fablica Dominicana.<\/p>\n\n\n\n<p>Durante el acto de proclamaci\u00f3n del candidato a alcalde del municipio de Nigua, Benito Reyes \u201cManiqu\u00edn\u201d, Vargas Maldonado se refiri\u00f3 tambi\u00e9n a la sorpresa que le ha significado al pueblo dominicano la renegociaci\u00f3n del contrato de los aeropuertos dominicanos.<\/p>\n\n\n\n<p>Manifest\u00f3 que se trata de una acci\u00f3n plagada de opacidad, que evidencia la necesidad del actual gobierno de cubrir el d\u00e9ficit presupuestario y su af\u00e1n de hacer negocios, ante el deterioro en aspectos donde se hab\u00edan logrado importantes avances.<\/p>\n\n\n\n<p>\u201cHoy es posible constatar, al margen de la politiquer\u00eda, que el sistema educativo es objeto de un dispendio de recursos del 4 % del producto interno bruto. Igualmente, se han evidenciado violaciones a derechos fundamentales, como las denunciadas por las Naciones Unidas\u201d, declar\u00f3 el tambi\u00e9n presidente del PRD.<\/p>\n\n\n\n<p>\u201cA todo esto, se sumar\u00e1n las alzas que se proyectan en las tarifas de los pasajes a\u00e9reos a partir de enero pr\u00f3ximo, que constituyen un atentado a una de las principales fuentes generadoras de divisas del pa\u00eds y que, pasada la pandemia del COVID-19, signific\u00f3 estabilidad macroecon\u00f3mica y la fuente del rebote econ\u00f3mico que vivimos\u201d, advirti\u00f3.<\/p>\n\n\n\n<p>Tambi\u00e9n alert\u00f3 que \u201cahora nos enteramos de la preocupante situaci\u00f3n del d\u00e9ficit presupuestario que acusa el gobierno, registrada en el marco de la modificaci\u00f3n del presupuesto, como parte de la sorpresiva y cuestionada renovaci\u00f3n del contrato de Aeropuertos Dominicanos Siglo XXI (Aerodom)\u201d.<\/p>\n\n\n\n<p>Indic\u00f3 que se trata de \u201cuna renovaci\u00f3n caracterizada por la opacidad y poca transparencia\u201d. Vargas sostuvo que esto \u201cqueda demostrado cuando, sin ser conocida y aprobada por el Congreso Nacional, ya se proyecta una adenda para adicionar los recursos provenientes de la misma al Presupuesto 2024, lo que constituye un atropello a la institucionalidad\u201d.<\/p>\n\n\n\n<p>Insisti\u00f3 en que \u201cla renegociaci\u00f3n del contrato con Aerodom atenta contra el turismo y, en consecuencia, pagaremos los pasajes de avi\u00f3n m\u00e1s caros\u201d.<\/p>\n\n\n\n<p>\u201cDefinitivamente, la deshonestidad y la violaci\u00f3n flagrante a leyes, principios y acuerdos locales e internacionales conforman parte de la marca y mancha indeleble de este p\u00e9simo gobierno\u201d, sancion\u00f3.<\/p>\n\n\n\n<figure class=\"wp-block-image size-large\"><img loading=\"lazy\" decoding=\"async\" width=\"1024\" height=\"682\" src=\"https:\/\/diariodominicano.com\/wp-content\/uploads\/2023\/11\/WhatsApp-Image-2023-11-25-at-7.29.36-PM-2-1024x682.jpeg\" alt=\"\" class=\"wp-image-491868\" srcset=\"https:\/\/diariodominicano.com\/wp-content\/uploads\/2023\/11\/WhatsApp-Image-2023-11-25-at-7.29.36-PM-2-1024x682.jpeg 1024w, https:\/\/diariodominicano.com\/wp-content\/uploads\/2023\/11\/WhatsApp-Image-2023-11-25-at-7.29.36-PM-2-300x200.jpeg 300w, https:\/\/diariodominicano.com\/wp-content\/uploads\/2023\/11\/WhatsApp-Image-2023-11-25-at-7.29.36-PM-2-768x512.jpeg 768w, https:\/\/diariodominicano.com\/wp-content\/uploads\/2023\/11\/WhatsApp-Image-2023-11-25-at-7.29.36-PM-2-1536x1023.jpeg 1536w, https:\/\/diariodominicano.com\/wp-content\/uploads\/2023\/11\/WhatsApp-Image-2023-11-25-at-7.29.36-PM-2-816x544.jpeg 816w, https:\/\/diariodominicano.com\/wp-content\/uploads\/2023\/11\/WhatsApp-Image-2023-11-25-at-7.29.36-PM-2.jpeg 1600w\" sizes=\"auto, (max-width: 1024px) 100vw, 1024px\" \/><\/figure>\n\n\n\n<p><strong>Detalles del acto<\/strong><\/p>\n\n\n\n<p>Durante la proclamaci\u00f3n de la candidatura de Juan Benito Reyes \u201cManiqu\u00edn\u201d como alcalde de Nigua, para los comicios del 2024, Vargas Maldonado motiv\u00f3 a los presentes en torno al voto blanco, \u201cpara sacar del poder a un gobierno de incapaces que han sumido al pa\u00eds en un franco retroceso\u201d.&nbsp;<\/p>\n\n\n\n<p>En la actividad, el l\u00edder perrede\u00edsta estuvo acompa\u00f1ado de una nutrida comitiva de la Direcci\u00f3n Nacional del partido.<\/p>\n\n\n\n<p>Asimismo, se destac\u00f3 la presencia de la Direcci\u00f3n Pol\u00edtica del partido aliado en esta demarcaci\u00f3n, Fuerza del Pueblo (FP), encabezada por Antonio Flori\u00e1n, secretario general, quien dirigi\u00f3 a los presentes un emotivo discurso. Tambi\u00e9n fue notoria la participaci\u00f3n del candidato a senador de San Crist\u00f3bal por la FP, Elvis Rosario.<\/p>\n\n\n\n<p>De su lado, al dirigirse a los presentes, Juan Benito Reyes \u201cManiqu\u00edn\u201d expres\u00f3: \u201cMiguel, yo quiero ser alcalde bajo la sombrilla del MVP como presidente. Pongo en sus manos y en las de Antonio Flori\u00e1n (Pe\u00f1ita) mi programa de gobierno, para que ustedes sean testigos y den seguimiento a lo que ser\u00e1 mi propuesta. Ay\u00fadenme a construir el principal legado al que aspiro: dejar dos o tres mil profesionales t\u00e9cnicos en nuestra comunidad, as\u00ed como la construcci\u00f3n de una Circunvalaci\u00f3n que saque los veh\u00edculos pesados de Nigua, tema que afecta a nuestra comunidad. Acepto este reto y que no haya duda de que ganaremos en febrero pr\u00f3ximo\u201d.<\/p>\n\n\n\n<p>Comunicaci\u00f3n Integral Rep Dom<a target=\"_blank\" href=\"mailto:comunicacionintegralrepdom@gmail.com\" rel=\"noreferrer noopener\">comunicacionintegral<\/a><\/p>\n\n\n\n<p><strong>SN<\/strong><strong>COMUNICACIONES<\/strong><strong>PRD<\/strong><\/p>\n\n\n\n<p>26 de noviembre de 2023<strong><\/strong><\/p>\n","protected":false},"excerpt":{"rendered":"<p>Habl\u00f3 durante el acto de proclamaci\u00f3n del candidato a alcalde del municipio de Nigua, Benito Reyes \u201cManiqu\u00edn\u201d, \u201cRenegociaci\u00f3n de contrato&nbsp;Aerodom&nbsp;atenta contra el turismo; en consecuencia, pagaremos pasajes m\u00e1s caros\u201d. San Crist\u00f3bal, RD. \u2013 El candidato presidencial del Partido Revolucionario Dominicano (PRD), ingeniero Miguel Vargas Maldonado, reiter\u00f3 su preocupaci\u00f3n por el nivel de retroceso que dijo [&hellip;]<\/p>\n","protected":false},"author":28,"featured_media":491863,"comment_status":"closed","ping_status":"","sticky":true,"template":"","format":"standard","meta":{"footnotes":""},"categories":[22,27],"tags":[],"class_list":["post-491862","post","type-post","status-publish","format-standard","has-post-thumbnail","hentry","category-politica","category-portada"],"_links":{"self":[{"href":"https:\/\/diariodominicano.com\/index.php?rest_route=\/wp\/v2\/posts\/491862","targetHints":{"allow":["GET"]}}],"collection":[{"href":"https:\/\/diariodominicano.com\/index.php?rest_route=\/wp\/v2\/posts"}],"about":[{"href":"https:\/\/diariodominicano.com\/index.php?rest_route=\/wp\/v2\/types\/post"}],"author":[{"embeddable":true,"href":"https:\/\/diariodominicano.com\/index.php?rest_route=\/wp\/v2\/users\/28"}],"replies":[{"embeddable":true,"href":"https:\/\/diariodominicano.com\/index.php?rest_route=%2Fwp%2Fv2%2Fcomments&post=491862"}],"version-history":[{"count":2,"href":"https:\/\/diariodominicano.com\/index.php?rest_route=\/wp\/v2\/posts\/491862\/revisions"}],"predecessor-version":[{"id":491869,"href":"https:\/\/diariodominicano.com\/index.php?rest_route=\/wp\/v2\/posts\/491862\/revisions\/491869"}],"wp:featuredmedia":[{"embeddable":true,"href":"https:\/\/diariodominicano.com\/index.php?rest_route=\/wp\/v2\/media\/491863"}],"wp:attachment":[{"href":"https:\/\/diariodominicano.com\/index.php?rest_route=%2Fwp%2Fv2%2Fmedia&parent=491862"}],"wp:term":[{"taxonomy":"category","embeddable":true,"href":"https:\/\/diariodominicano.com\/index.php?rest_route=%2Fwp%2Fv2%2Fcategories&post=491862"},{"taxonomy":"post_tag","embeddable":true,"href":"https:\/\/diariodominicano.com\/index.php?rest_route=%2Fwp%2Fv2%2Ftags&post=491862"}],"curies":[{"name":"wp","href":"https:\/\/api.w.org\/{rel}","templated":true}]}}