{"id":49184,"date":"2020-09-24T15:05:11","date_gmt":"2020-09-24T15:05:11","guid":{"rendered":"http:\/\/diariodominicano.ddns.net\/?p=49184"},"modified":"2020-09-24T15:05:11","modified_gmt":"2020-09-24T15:05:11","slug":"el-dia-que-nacio-maximo-cabral","status":"publish","type":"post","link":"https:\/\/diariodominicano.com\/?p=49184","title":{"rendered":"El dia que naci\u00f3 M\u00e1ximo Cabral"},"content":{"rendered":"<p><body><\/p>\n<p><strong>Diariodominicano.com<\/strong><\/p>\n<p><strong>El d\u00eda que naci\u00f3 M\u00e1ximo Cabral <\/strong><\/p>\n<p>  M\u00e1ximo Cabral desde muy joven particip\u00f3 en actividades pol\u00edticas  y fue un colaborador del general Desiderio Arias.<\/p>\n<p><strong>Por HTN<\/strong><\/p>\n<p><strong>Diariodominicano.com<\/strong><\/p>\n<p><strong>     MAO, Valverde, el  24 de septiembre de 1889<\/strong>, naci\u00f3 en Mao, M\u00e1ximo A. Cabral, hijo  de M\u00e1ximo Cabral y Eudoxia Reyes.<\/p>\n<\/p>\n<p>     Entre sus formadores se encuentra la educadora Ercilia Pep\u00edn.<\/p>\n<\/p>\n<p>     M\u00e1ximo Cabral desde muy joven particip\u00f3 en actividades pol\u00edticas  y fue un colaborador del general Desiderio Arias.<\/p>\n<\/p>\n<p>     Muri\u00f3 el 3 de julio de 1916, cuando un grupo de dominicanos se enfrentaron a tropas de Estados Unidos, que extend\u00edan la ocupaci\u00f3n militar a la  L\u00ednea  Noroeste.<\/p>\n<\/p>\n<p>    El combate se produjo en la Barranquita, cerca del municipio de Esperanza.<\/p>\n<\/p>\n<p>    Los dominicanos que se enfrentaron a los militares estadounidenses eran  comandados por el general  Carlos Daniel Grull\u00f3n.<\/p>\n<\/p>\n<p>    En el enfrentamiento, que permiti\u00f3 detener el avance de los invasores, murieron  varios dominicanos, entre los que se encontraban M\u00e1ximo Cabral Reyes, Francisco Pe\u00f1a, Carlos Guti\u00e9rrez  Jim\u00e9nez, Magdaleno Zapata y Agust\u00edin Cabral hijo.<\/p>\n<\/p>\n<p>     Los militares estadounidenses comandados por el almirante John H. Pendleton, hab\u00edan desembarcado por  Montecristi.<\/p>\n<\/p>\n<p>    La batalla de la Barranquita simboliza el hero\u00edsmo de los dominicanos en la lucha contra la intervenci\u00f3n militar de Estados Unidos, en el a\u00f1o 1916.<\/p>\n<\/p>\n<h6> 2020-09-24 15:05:11 <\/h6>\n<p><!--\n<link rel=\"stylesheet\" href=\"css\/bootstrap.min.css\">\n\n\n<ul class=\"pagination\">\n\t    \n\t\n\n<li >\n\t<a href='?page_no=184'>Previous<\/a>\n\t<\/li>\n\n\n       \n    \n\n<li><a href='?page_no=1'>1<\/a><\/li>\n\n\n\n<li><a href='?page_no=2'>2<\/a><\/li>\n\n\n\n<li><a>...<\/a><\/li>\n\n\n\n<li><a href='?page_no=183'>183<\/a><\/li>\n\n\n\n<li><a href='?page_no=184'>184<\/a><\/li>\n\n\n\n<li class='active'><a>185<\/a><\/li>\n\n\n\n<li><a href='?page_no=186'>186<\/a><\/li>\n\n\n\n<li><a href='?page_no=187'>187<\/a><\/li>\n\n\n\n<li><a>...<\/a><\/li>\n\n\n\n<li><a href='?page_no=22911'>22911<\/a><\/li>\n\n\n\n<li><a href='?page_no=22912'>22912<\/a><\/li>\n\n    \n\t\n\n<li >\n\t<a href='?page_no=186'>Next<\/a>\n\t<\/li>\n\n\n    \n\n<li><a href='?page_no=22912'>Last &rsaquo;&rsaquo;<\/a><\/li>\n\n<\/ul>\n\n\n--><br \/>\n<\/body><\/p>\n","protected":false},"excerpt":{"rendered":"<p>Diariodominicano.com El d\u00eda que naci\u00f3 M\u00e1ximo Cabral M\u00e1ximo Cabral desde muy joven particip\u00f3 en actividades pol\u00edticas y fue un colaborador del general Desiderio Arias. Por HTN Diariodominicano.com MAO, Valverde, el 24 de septiembre de 1889, naci\u00f3 en Mao, M\u00e1ximo A. Cabral, hijo de M\u00e1ximo Cabral y Eudoxia Reyes. Entre sus formadores se encuentra la educadora [&hellip;]<\/p>\n","protected":false},"author":3,"featured_media":0,"comment_status":"open","ping_status":"open","sticky":false,"template":"","format":"standard","meta":{"footnotes":""},"categories":[21],"tags":[],"class_list":["post-49184","post","type-post","status-publish","format-standard","hentry","category-cultura"],"_links":{"self":[{"href":"https:\/\/diariodominicano.com\/index.php?rest_route=\/wp\/v2\/posts\/49184","targetHints":{"allow":["GET"]}}],"collection":[{"href":"https:\/\/diariodominicano.com\/index.php?rest_route=\/wp\/v2\/posts"}],"about":[{"href":"https:\/\/diariodominicano.com\/index.php?rest_route=\/wp\/v2\/types\/post"}],"author":[{"embeddable":true,"href":"https:\/\/diariodominicano.com\/index.php?rest_route=\/wp\/v2\/users\/3"}],"replies":[{"embeddable":true,"href":"https:\/\/diariodominicano.com\/index.php?rest_route=%2Fwp%2Fv2%2Fcomments&post=49184"}],"version-history":[{"count":0,"href":"https:\/\/diariodominicano.com\/index.php?rest_route=\/wp\/v2\/posts\/49184\/revisions"}],"wp:attachment":[{"href":"https:\/\/diariodominicano.com\/index.php?rest_route=%2Fwp%2Fv2%2Fmedia&parent=49184"}],"wp:term":[{"taxonomy":"category","embeddable":true,"href":"https:\/\/diariodominicano.com\/index.php?rest_route=%2Fwp%2Fv2%2Fcategories&post=49184"},{"taxonomy":"post_tag","embeddable":true,"href":"https:\/\/diariodominicano.com\/index.php?rest_route=%2Fwp%2Fv2%2Ftags&post=49184"}],"curies":[{"name":"wp","href":"https:\/\/api.w.org\/{rel}","templated":true}]}}