{"id":491838,"date":"2023-11-27T01:59:10","date_gmt":"2023-11-27T05:59:10","guid":{"rendered":"https:\/\/diariodominicano.com\/?p=491838"},"modified":"2023-11-27T01:59:10","modified_gmt":"2023-11-27T05:59:10","slug":"cuba-recuerda-fusilamiento-de-ocho-estudiantes-de-medicina-en-1871","status":"publish","type":"post","link":"https:\/\/diariodominicano.com\/?p=491838","title":{"rendered":"Cuba recuerda fusilamiento de ocho estudiantes de medicina en 1871"},"content":{"rendered":"\n<p>La Habana, 27 de nov (Prensa Latina) El fusilamiento de ocho estudiantes de medicina, uno de los cr\u00edmenes m\u00e1s atroces cometidos por el r\u00e9gimen colonial espa\u00f1ol en Cuba, es recordado aqu\u00ed en ocasi\u00f3n de cumplirse hoy el aniversario 152 de ese suceso.&nbsp;&nbsp;&nbsp;&nbsp;<\/p>\n\n\n\n<ul class=\"wp-block-list\"><li>noviembre 27, 2023<\/li><li>CST00:42 (GMT) -0500<\/li><\/ul>\n\n\n\n<p>A\u00fan con el paso del tiempo, el horrendo acontecimiento vuelve a la memoria hist\u00f3rica de la naci\u00f3n como otra muestra de la perversidad de los imperios en decadencia, como el de Espa\u00f1a en 1871, que recib\u00eda golpes contundentes del Ej\u00e9rcito Libertador cubano.<\/p>\n\n\n\n<p>En ese contexto, la respuesta fue crear un clima de terror en toda la isla, sustentado en delaciones de supuestos hechos contra su gobierno, una de las cuales llev\u00f3 al encarcelamiento, juzgamiento precipitado y ejecuci\u00f3n sin miramientos de los j\u00f3venes inocentes.<\/p>\n\n\n\n<p>Los hechos comenzaron el 24 de noviembre de 1871 cuando un grupo de estudiantes, mientras aguardaban la llegada de su profesor, recorrieron el cementerio Espada de la capital colonial cubana, algunos jugaron con el carro que conduc\u00eda cad\u00e1veres y uno tom\u00f3 una rosa del camposanto.<\/p>\n\n\n\n<p>Una delaci\u00f3n del vigilante -mortificado por el \u201cda\u00f1o\u201d a su jard\u00edn- acusaba falsamente a los muchachos de haber profanado la tumba del periodista Gonzalo Casta\u00f1\u00f3n, en vida predicador del exterminio de los cubanos y la repoblaci\u00f3n de la isla con espa\u00f1oles.<\/p>\n\n\n\n<p>Investigaciones hist\u00f3ricas confirmaron no solo la falsedad de la imputaci\u00f3n y la consabida inocencia impl\u00edcita en los actos de aquellos adolescentes, sino de las injusticias que sobrevinieron para los 45 encarcelados.<\/p>\n\n\n\n<p>Tras un primer Consejo de Guerra, que concluy\u00f3 sin motivos para culparlos, unos fueron liberados y otros recibieron sanciones menores, pero era evidente la impotencia y la sed de venganza pol\u00edtica de Espa\u00f1a por las derrotas militares contra las tropas independentistas en los campos de Cuba.<\/p>\n\n\n\n<p>Entonces, el Cuerpo de Voluntarios espa\u00f1ol presion\u00f3 para una segunda vista oral con otro tribunal que conden\u00f3 a la pena m\u00e1xima a cinco de los j\u00f3venes encarcelados y a otros tres escogidos al azar.<\/p>\n\n\n\n<p>Las indagaciones posteriores demostrar\u00edan que uno de estos \u00faltimos desafortunados ni siquiera se encontraba en La Habana el d\u00eda de los acontecimientos.<\/p>\n\n\n\n<p>La ejecuci\u00f3n sumaria de los futuros m\u00e9dicos cubanos concit\u00f3 rechazo dentro y fuera de la isla y de las filas espa\u00f1olas renunciaron a sus cargos los capitanes Nicol\u00e1s Est\u00e9vanez y Federico Capdevila, el abogado de oficio de los j\u00f3venes acusados.<\/p>\n\n\n\n<p>Espa\u00f1a hizo un amago de \u00abmea culpa\u00bb ante el esc\u00e1ndalo que suscit\u00f3 su crueldad y separ\u00f3 de sus cargos \u2013luego de una investigaci\u00f3n- al capit\u00e1n general de Cuba, Blas Villate, a su segundo al mando, Romualdo Crespo, y al gobernador pol\u00edtico Dionisio L\u00f3pez, principal instigador, promotor y culpable.<\/p>\n\n\n\n<p>Como en cada aniversario del suceso, se prev\u00e9 que los j\u00f3venes estudiantes de medicina en Cuba realicen actos de homenaje a los ca\u00eddos y denuncien tambi\u00e9n las atrocidades que cometen hoy todos los imperios.<\/p>\n\n\n\n<p>jf\/lld<\/p>\n","protected":false},"excerpt":{"rendered":"<p>La Habana, 27 de nov (Prensa Latina) El fusilamiento de ocho estudiantes de medicina, uno de los cr\u00edmenes m\u00e1s atroces cometidos por el r\u00e9gimen colonial espa\u00f1ol en Cuba, es recordado aqu\u00ed en ocasi\u00f3n de cumplirse hoy el aniversario 152 de ese suceso.&nbsp;&nbsp;&nbsp;&nbsp; noviembre 27, 2023 CST00:42 (GMT) -0500 A\u00fan con el paso del tiempo, el [&hellip;]<\/p>\n","protected":false},"author":28,"featured_media":0,"comment_status":"closed","ping_status":"","sticky":false,"template":"","format":"standard","meta":{"footnotes":""},"categories":[26,23],"tags":[],"class_list":["post-491838","post","type-post","status-publish","format-standard","hentry","category-efemerides","category-internacional"],"_links":{"self":[{"href":"https:\/\/diariodominicano.com\/index.php?rest_route=\/wp\/v2\/posts\/491838","targetHints":{"allow":["GET"]}}],"collection":[{"href":"https:\/\/diariodominicano.com\/index.php?rest_route=\/wp\/v2\/posts"}],"about":[{"href":"https:\/\/diariodominicano.com\/index.php?rest_route=\/wp\/v2\/types\/post"}],"author":[{"embeddable":true,"href":"https:\/\/diariodominicano.com\/index.php?rest_route=\/wp\/v2\/users\/28"}],"replies":[{"embeddable":true,"href":"https:\/\/diariodominicano.com\/index.php?rest_route=%2Fwp%2Fv2%2Fcomments&post=491838"}],"version-history":[{"count":1,"href":"https:\/\/diariodominicano.com\/index.php?rest_route=\/wp\/v2\/posts\/491838\/revisions"}],"predecessor-version":[{"id":491839,"href":"https:\/\/diariodominicano.com\/index.php?rest_route=\/wp\/v2\/posts\/491838\/revisions\/491839"}],"wp:attachment":[{"href":"https:\/\/diariodominicano.com\/index.php?rest_route=%2Fwp%2Fv2%2Fmedia&parent=491838"}],"wp:term":[{"taxonomy":"category","embeddable":true,"href":"https:\/\/diariodominicano.com\/index.php?rest_route=%2Fwp%2Fv2%2Fcategories&post=491838"},{"taxonomy":"post_tag","embeddable":true,"href":"https:\/\/diariodominicano.com\/index.php?rest_route=%2Fwp%2Fv2%2Ftags&post=491838"}],"curies":[{"name":"wp","href":"https:\/\/api.w.org\/{rel}","templated":true}]}}