{"id":491818,"date":"2023-11-27T01:40:03","date_gmt":"2023-11-27T05:40:03","guid":{"rendered":"https:\/\/diariodominicano.com\/?p=491818"},"modified":"2023-11-27T01:54:31","modified_gmt":"2023-11-27T05:54:31","slug":"leonel-visita-familias-afectadas-por-inundaciones-en-sdo-recibe-detalles-de-perdidas-y-crisis-sufren-las-familias","status":"publish","type":"post","link":"https:\/\/diariodominicano.com\/?p=491818","title":{"rendered":"Leonel visita familias afectadas por inundaciones en SDO, recibe detalles de  p\u00e9rdidas y crisis sufren las familias (+fotos)"},"content":{"rendered":"\n<p> Leonel se reuni\u00f3 con familiares de fallecidos a causa de los deslizamientos de tierra provocados por las lluvias y, con familias que perdieron  viviendas, ajuares del hogar, veh\u00edculos y otros bienes. <\/p>\n\n\n\n<p><br>\u00abEl gobierno como que no se ha dado cuenta que estos barrios existen\u00bb, dice Leonel\u00bb<\/p>\n\n\n\n<figure class=\"wp-block-image size-large is-resized\"><img loading=\"lazy\" decoding=\"async\" src=\"https:\/\/diariodominicano.com\/wp-content\/uploads\/2023\/11\/IMG-20231126-WA0212-1024x682.jpg\" alt=\"\" class=\"wp-image-491821\" width=\"616\" height=\"410\" srcset=\"https:\/\/diariodominicano.com\/wp-content\/uploads\/2023\/11\/IMG-20231126-WA0212-1024x682.jpg 1024w, https:\/\/diariodominicano.com\/wp-content\/uploads\/2023\/11\/IMG-20231126-WA0212-300x200.jpg 300w, https:\/\/diariodominicano.com\/wp-content\/uploads\/2023\/11\/IMG-20231126-WA0212-768x512.jpg 768w, https:\/\/diariodominicano.com\/wp-content\/uploads\/2023\/11\/IMG-20231126-WA0212-1536x1023.jpg 1536w, https:\/\/diariodominicano.com\/wp-content\/uploads\/2023\/11\/IMG-20231126-WA0212-816x544.jpg 816w, https:\/\/diariodominicano.com\/wp-content\/uploads\/2023\/11\/IMG-20231126-WA0212.jpg 1600w\" sizes=\"auto, (max-width: 616px) 100vw, 616px\" \/><figcaption>La presencia del ex presidente anim\u00f3 a la comunidad de Santo Domingo Este.<\/figcaption><\/figure>\n\n\n\n<figure class=\"wp-block-image size-large\"><img loading=\"lazy\" decoding=\"async\" width=\"1024\" height=\"682\" src=\"https:\/\/diariodominicano.com\/wp-content\/uploads\/2023\/11\/IMG-20231126-WA0213-1024x682.jpg\" alt=\"\" class=\"wp-image-491825\" srcset=\"https:\/\/diariodominicano.com\/wp-content\/uploads\/2023\/11\/IMG-20231126-WA0213-1024x682.jpg 1024w, https:\/\/diariodominicano.com\/wp-content\/uploads\/2023\/11\/IMG-20231126-WA0213-300x200.jpg 300w, https:\/\/diariodominicano.com\/wp-content\/uploads\/2023\/11\/IMG-20231126-WA0213-768x512.jpg 768w, https:\/\/diariodominicano.com\/wp-content\/uploads\/2023\/11\/IMG-20231126-WA0213-1536x1023.jpg 1536w, https:\/\/diariodominicano.com\/wp-content\/uploads\/2023\/11\/IMG-20231126-WA0213-816x544.jpg 816w, https:\/\/diariodominicano.com\/wp-content\/uploads\/2023\/11\/IMG-20231126-WA0213.jpg 1600w\" sizes=\"auto, (max-width: 1024px) 100vw, 1024px\" \/><figcaption>Leonel Fern\u00e1ndez escucha  <\/figcaption><\/figure>\n\n\n\n<p> Diariodominicano.com<\/p>\n\n\n\n<p>Santo Domingo, RD.-El presidente del partido la Fuerza del Pueblo, Leonel Fern\u00e1ndez, hizo un recorrido por sectores de Manoguayabo, en Santo Domingo Oeste, durante la ma\u00f1ana del domingo. <\/p>\n\n\n\n<p>En esta zona se reuni\u00f3 con familiares de fallecidos a causa de los deslizamientos de tierra provocados por las lluvias y, con familias que han perdido viviendas, ajuares del hogar, veh\u00edculos y otras pertenencias.<\/p>\n\n\n\n<figure class=\"wp-block-image size-large\"><img loading=\"lazy\" decoding=\"async\" width=\"1024\" height=\"682\" src=\"https:\/\/diariodominicano.com\/wp-content\/uploads\/2023\/11\/IMG-20231126-WA0214-1024x682.jpg\" alt=\"\" class=\"wp-image-491827\" srcset=\"https:\/\/diariodominicano.com\/wp-content\/uploads\/2023\/11\/IMG-20231126-WA0214-1024x682.jpg 1024w, https:\/\/diariodominicano.com\/wp-content\/uploads\/2023\/11\/IMG-20231126-WA0214-300x200.jpg 300w, https:\/\/diariodominicano.com\/wp-content\/uploads\/2023\/11\/IMG-20231126-WA0214-768x512.jpg 768w, https:\/\/diariodominicano.com\/wp-content\/uploads\/2023\/11\/IMG-20231126-WA0214-1536x1023.jpg 1536w, https:\/\/diariodominicano.com\/wp-content\/uploads\/2023\/11\/IMG-20231126-WA0214-816x544.jpg 816w, https:\/\/diariodominicano.com\/wp-content\/uploads\/2023\/11\/IMG-20231126-WA0214.jpg 1600w\" sizes=\"auto, (max-width: 1024px) 100vw, 1024px\" \/><\/figure>\n\n\n\n<p><br>El l\u00edder pol\u00edtico dijo que, visita la zona para hacer contacto personal con la gente, ver la realidad que viven sus moradores y la problem\u00e1tica ra\u00edz de la situaci\u00f3n. Declar\u00f3 que pidi\u00f3 a un equipo t\u00e9cnico la realizaci\u00f3n de un estudio para conocer las causas de estas inundaciones.<\/p>\n\n\n\n<p><br>Ante la pregunta de periodistas que cubrieron  la visita, el l\u00edder de la oposici\u00f3n pol\u00edtica dijo que ha encontrado mucha pobreza. \u00abSin duda alguna que son comunidades que hoy, se siente que han retrocedido. El gobierno como que no se ha dado cuenta que estos barrios existen, que hay una poblaci\u00f3n que hoy d\u00eda se ve hundida en la miseria. Yo me siento impresionado por lo que estoy viendo aqu\u00ed, hay una situaci\u00f3n de abandono total por parte del gobierno, hay que prestarle atenci\u00f3n a estas comunidades\u00bb,  afirm\u00f3.<\/p>\n\n\n\n<figure class=\"wp-block-image size-large\"><img loading=\"lazy\" decoding=\"async\" width=\"1024\" height=\"682\" src=\"https:\/\/diariodominicano.com\/wp-content\/uploads\/2023\/11\/IMG-20231126-WA0215-1024x682.jpg\" alt=\"\" class=\"wp-image-491828\" srcset=\"https:\/\/diariodominicano.com\/wp-content\/uploads\/2023\/11\/IMG-20231126-WA0215-1024x682.jpg 1024w, https:\/\/diariodominicano.com\/wp-content\/uploads\/2023\/11\/IMG-20231126-WA0215-300x200.jpg 300w, https:\/\/diariodominicano.com\/wp-content\/uploads\/2023\/11\/IMG-20231126-WA0215-768x512.jpg 768w, https:\/\/diariodominicano.com\/wp-content\/uploads\/2023\/11\/IMG-20231126-WA0215-1536x1023.jpg 1536w, https:\/\/diariodominicano.com\/wp-content\/uploads\/2023\/11\/IMG-20231126-WA0215-816x544.jpg 816w, https:\/\/diariodominicano.com\/wp-content\/uploads\/2023\/11\/IMG-20231126-WA0215.jpg 1600w\" sizes=\"auto, (max-width: 1024px) 100vw, 1024px\" \/><\/figure>\n\n\n\n<p><br>Dijo que instruy\u00f3 para que lleven equipos pesados para ayudar a quitar el lodo y escombros que ha quedado, adem\u00e1s hizo un llamado de atenci\u00f3n a las autoridades gubernamentales para que asistan a resolver problemas neur\u00e1lgicos como el del agua potable. Record\u00f3 que en este municipio hubo 16 fallecidos y m\u00e1s de 13 familias que han perdido sus pertenencias.<\/p>\n\n\n\n<p><br>Leonel Fern\u00e1ndez estuvo compungido ante las penurias que las personas, que han perdido gran parte de lo que han trabajado le fueron contando. Dijo que es una situaci\u00f3n que sensibiliza y consterna, palpar la desolaci\u00f3n y tristeza de tantas familias.<\/p>\n\n\n\n<figure class=\"wp-block-image size-large\"><img loading=\"lazy\" decoding=\"async\" width=\"1024\" height=\"682\" src=\"https:\/\/diariodominicano.com\/wp-content\/uploads\/2023\/11\/IMG-20231126-WA0216-1024x682.jpg\" alt=\"\" class=\"wp-image-491829\" srcset=\"https:\/\/diariodominicano.com\/wp-content\/uploads\/2023\/11\/IMG-20231126-WA0216-1024x682.jpg 1024w, https:\/\/diariodominicano.com\/wp-content\/uploads\/2023\/11\/IMG-20231126-WA0216-300x200.jpg 300w, https:\/\/diariodominicano.com\/wp-content\/uploads\/2023\/11\/IMG-20231126-WA0216-768x512.jpg 768w, https:\/\/diariodominicano.com\/wp-content\/uploads\/2023\/11\/IMG-20231126-WA0216-1536x1023.jpg 1536w, https:\/\/diariodominicano.com\/wp-content\/uploads\/2023\/11\/IMG-20231126-WA0216-816x544.jpg 816w, https:\/\/diariodominicano.com\/wp-content\/uploads\/2023\/11\/IMG-20231126-WA0216.jpg 1600w\" sizes=\"auto, (max-width: 1024px) 100vw, 1024px\" \/><\/figure>\n\n\n\n<p><br><strong>Experiencia de las familias afectadas<\/strong><\/p>\n\n\n\n<p><br>Dariel Morillo, sobreviviente del derrumbe en Bella Colina en el que fallecieron varios miembros de una familia, incluyendo su esposa, relat\u00f3 a Leonel  Fern\u00e1ndez el terror y desesperaci\u00f3n del tr\u00e1gico momento. El ciudadano  que dijo se dedica a la  labor de motoconcho, explic\u00f3 tambi\u00e9n la dif\u00edcil situaci\u00f3n para poder criar a sus hijos que han perdido a su madre estando muy peque\u00f1os.<\/p>\n\n\n\n<p><br>En Arroyo Bonito, Tom\u00e1s Grull\u00f3n, quien perdi\u00f3 los equipos y materiales de su taller de ebanister\u00eda, explic\u00f3 al presidente de la FP que en el sector hay un problema estructural, debido a que las aguas no encuentran por d\u00f3nde salir, ya que a la ca\u00f1ada que pasa por el poblado le cerraron la desembocadura con un encache que hizo el gobierno, sumado a que est\u00e1n tapados los filtrantes, provoca el derramamiento de las aguas.<\/p>\n\n\n\n<p><br>Secretar\u00eda de Comunicaciones Fuerza del Pueblo<\/p>\n","protected":false},"excerpt":{"rendered":"<p>Leonel se reuni\u00f3 con familiares de fallecidos a causa de los deslizamientos de tierra provocados por las lluvias y, con familias que perdieron viviendas, ajuares del hogar, veh\u00edculos y otros bienes. \u00abEl gobierno como que no se ha dado cuenta que estos barrios existen\u00bb, dice Leonel\u00bb Diariodominicano.com Santo Domingo, RD.-El presidente del partido la Fuerza [&hellip;]<\/p>\n","protected":false},"author":28,"featured_media":491819,"comment_status":"closed","ping_status":"","sticky":true,"template":"","format":"standard","meta":{"footnotes":""},"categories":[20,22,27],"tags":[],"class_list":["post-491818","post","type-post","status-publish","format-standard","has-post-thumbnail","hentry","category-dominicana-hoy","category-politica","category-portada"],"_links":{"self":[{"href":"https:\/\/diariodominicano.com\/index.php?rest_route=\/wp\/v2\/posts\/491818","targetHints":{"allow":["GET"]}}],"collection":[{"href":"https:\/\/diariodominicano.com\/index.php?rest_route=\/wp\/v2\/posts"}],"about":[{"href":"https:\/\/diariodominicano.com\/index.php?rest_route=\/wp\/v2\/types\/post"}],"author":[{"embeddable":true,"href":"https:\/\/diariodominicano.com\/index.php?rest_route=\/wp\/v2\/users\/28"}],"replies":[{"embeddable":true,"href":"https:\/\/diariodominicano.com\/index.php?rest_route=%2Fwp%2Fv2%2Fcomments&post=491818"}],"version-history":[{"count":8,"href":"https:\/\/diariodominicano.com\/index.php?rest_route=\/wp\/v2\/posts\/491818\/revisions"}],"predecessor-version":[{"id":491833,"href":"https:\/\/diariodominicano.com\/index.php?rest_route=\/wp\/v2\/posts\/491818\/revisions\/491833"}],"wp:featuredmedia":[{"embeddable":true,"href":"https:\/\/diariodominicano.com\/index.php?rest_route=\/wp\/v2\/media\/491819"}],"wp:attachment":[{"href":"https:\/\/diariodominicano.com\/index.php?rest_route=%2Fwp%2Fv2%2Fmedia&parent=491818"}],"wp:term":[{"taxonomy":"category","embeddable":true,"href":"https:\/\/diariodominicano.com\/index.php?rest_route=%2Fwp%2Fv2%2Fcategories&post=491818"},{"taxonomy":"post_tag","embeddable":true,"href":"https:\/\/diariodominicano.com\/index.php?rest_route=%2Fwp%2Fv2%2Ftags&post=491818"}],"curies":[{"name":"wp","href":"https:\/\/api.w.org\/{rel}","templated":true}]}}