{"id":491758,"date":"2023-11-26T23:13:18","date_gmt":"2023-11-27T03:13:18","guid":{"rendered":"https:\/\/diariodominicano.com\/?p=491758"},"modified":"2023-11-26T23:19:02","modified_gmt":"2023-11-27T03:19:02","slug":"por-que-jose-garcia-cordero-es-hoy-premio-nacional-de-artes-visuales-2023","status":"publish","type":"post","link":"https:\/\/diariodominicano.com\/?p=491758","title":{"rendered":"\u00bfPor qu\u00e9 Jos\u00e9 Garc\u00eda Cordero es hoy Premio Nacional de Artes Visuales 2023?"},"content":{"rendered":"\n<p> Jos\u00e9 Garc\u00eda Cordero, Premio Nacional de Artes Visuales <\/p>\n\n\n\n<p><em>El comit\u00e9 de selecci\u00f3n de dicho galard\u00f3n fue presidido por la ministra Milagros Germ\u00e1n y cont\u00f3\u00a0con la coordinaci\u00f3n del viceministro Giovanny Cruz<\/em>.<\/p>\n\n\n\n<p>Diariodominicano.com<\/p>\n\n\n\n<p><strong>Santo Domingo, RD. \u2013<\/strong>\u00a0El anuncio del Ministerio de Cultura otorgando el Premio Nacional de Artes Visuales 2023 al maestro Jos\u00e9 Garc\u00eda Cordero, es el tipo de galard\u00f3n que la comunidad art\u00edstica recibe con deleite y sentido de que se ha hecho justicia.<\/p>\n\n\n\n<figure class=\"wp-block-image size-large\"><img loading=\"lazy\" decoding=\"async\" width=\"1024\" height=\"681\" src=\"https:\/\/diariodominicano.com\/wp-content\/uploads\/2023\/11\/Jose-Garcia-Cordero-1024x681.jpg\" alt=\"\" class=\"wp-image-491763\" srcset=\"https:\/\/diariodominicano.com\/wp-content\/uploads\/2023\/11\/Jose-Garcia-Cordero-1024x681.jpg 1024w, https:\/\/diariodominicano.com\/wp-content\/uploads\/2023\/11\/Jose-Garcia-Cordero-300x200.jpg 300w, https:\/\/diariodominicano.com\/wp-content\/uploads\/2023\/11\/Jose-Garcia-Cordero-768x511.jpg 768w, https:\/\/diariodominicano.com\/wp-content\/uploads\/2023\/11\/Jose-Garcia-Cordero-1536x1022.jpg 1536w, https:\/\/diariodominicano.com\/wp-content\/uploads\/2023\/11\/Jose-Garcia-Cordero-816x543.jpg 816w, https:\/\/diariodominicano.com\/wp-content\/uploads\/2023\/11\/Jose-Garcia-Cordero.jpg 2000w\" sizes=\"auto, (max-width: 1024px) 100vw, 1024px\" \/><figcaption>Jos\u00e9 Garc\u00eda Cordero <\/figcaption><\/figure>\n\n\n\n<p>Cultura, en su veredicto, justifica el Premio a la vasta trayectoria e invaluables aportes al desarrollo del arte dominicano, lo que constituye, sin lugar a dudas, un acierto para reconocer a un artista que hace tiempo merec\u00eda el galard\u00f3n.&nbsp;<\/p>\n\n\n\n<p>El Premio Nacional de Artes Visuales 2023 destaca no solo la maestr\u00eda art\u00edstica de Jos\u00e9 Garc\u00eda Cordero, sino tambi\u00e9n su invaluable contribuci\u00f3n al enriquecimiento cultural y art\u00edstico de la Rep\u00fablica Dominicana.&nbsp;<\/p>\n\n\n\n<p>Due\u00f1o de un estilo \u00fanico en el cual el dominio del dibujo, la imaginaci\u00f3n desbordante, la presencia de elementos de la naturaleza, en especial de especies animales, el juego con los claroscuros, la reiteraci\u00f3n de los paralelismos que recrea en \u00e1rboles y otros elementos, el cuidado en la realizaci\u00f3n, el juego crom\u00e1tico oscuro y expresivo, da a su obra un sello distintivo.<\/p>\n\n\n\n<p>Adicionalmente, es un creador de pensamiento propio, rebelde ante convencionalismos, desafiante ante los modismos del momento y persistente en su quehacer en el marco de un universo que ha construido con cuidado y precisi\u00f3n. Inclinado al performance, al maquillaje que emula su pintura, al lance de ideas que provocan y que no dejan piedra sobre piedra, Garc\u00eda Cordero, es una figura con sentido ahondado y perfilado en sus ideas. El Premio que acaba de ganar, adem\u00e1s de justificado, era natural que le llegara en este momento, aun cuando pudo haber sido antes.<\/p>\n\n\n\n<p>La decisi\u00f3n del jurado del Premio Nacional Artes Visuales se tom\u00f3 luego de varias jornadas de trabajo y ponderar a m\u00e1s de 15 artistas. Dicho jurado presidido&nbsp;por la ministra de Cultura, Milagros Germ\u00e1n, cont\u00f3 con la coordinaci\u00f3n del viceministro Giovanny Cruz.&nbsp;<\/p>\n\n\n\n<figure class=\"wp-block-image size-full\"><img loading=\"lazy\" decoding=\"async\" width=\"604\" height=\"545\" src=\"https:\/\/diariodominicano.com\/wp-content\/uploads\/2023\/11\/Obra-de-Jose-Garcia-Cordero-1.png\" alt=\"\" class=\"wp-image-491765\" srcset=\"https:\/\/diariodominicano.com\/wp-content\/uploads\/2023\/11\/Obra-de-Jose-Garcia-Cordero-1.png 604w, https:\/\/diariodominicano.com\/wp-content\/uploads\/2023\/11\/Obra-de-Jose-Garcia-Cordero-1-300x271.png 300w\" sizes=\"auto, (max-width: 604px) 100vw, 604px\" \/><figcaption>Obra de Jos\u00e9 Garc\u00eda Cordero <\/figcaption><\/figure>\n\n\n\n<p>La ministra Germ\u00e1n expres\u00f3: <em>\u00abEste premio es un reconocimiento merecido para el maestro Garc\u00eda Cordero, cuya contribuci\u00f3n al arte dominicano y su impacto a nivel internacional son sobresalientes. Su obra es un tesoro cultural que enriquece nuestra identidad y proyecta la excelencia art\u00edstica de la Rep\u00fablica Dominicana en el escenario mundial<\/em>\u00ab.&nbsp;<\/p>\n\n\n\n<p>Esta premiaci\u00f3n, instituida en 1993, es la que se honra cuando sus decisiones tienen este nivel est\u00e9tico.&nbsp; El reconocimiento incluye un mill\u00f3n de pesos y la entrega de un certificado de reconocimiento.&nbsp;<\/p>\n\n\n\n<p>El jurado estuvo conformado por Federico Fondeur, director del Museo de Arte Moderno; Marianne de Tolentino, directora de la Galer\u00eda Nacional de Bellas Artes; Guadalupe Casasnovas, presidenta de la Asociaci\u00f3n Dominicana de Cr\u00edticos de Arte; viceministro Gamal Michel\u00e9n; Myrna Guerrero, directora del Museo Bellapart; Mar\u00eda Amalia Le\u00f3n, directora del Centro Le\u00f3n, y Jos\u00e9 Sejo, presidente del Colegio Dominicano de Artistas Pl\u00e1sticos. &nbsp;<\/p>\n\n\n\n<p>Son tambien miembros del jurado Juan Julio Bodden, representante de la Asociaci\u00f3n de Galer\u00edas de la Rep\u00fablica Dominicana, y Plinio Chah\u00edn, director de la Escuela de Cr\u00edtica e Historia del Arte de la Universidad Aut\u00f3noma de Santo Domingo.&nbsp;<\/p>\n\n\n\n<p><strong>\u00bfQui\u00e9n es Jos\u00e9 Garc\u00eda Cordero?<\/strong><\/p>\n\n\n\n<p>Oriundo de Santiago de los Caballeros en donde naci\u00f3 en 1951, reside y trabaja en Par\u00eds. &nbsp;Su carrera est\u00e1 plagada de prestigiosos galardones: como la Medalla al M\u00e9rito Art\u00edstico, (Senado de Francia) y la Medalla de Oro en la primera y tercera edici\u00f3n de la Bienal del Caribe, del Museo de Arte Moderno de Santo Domingo, para citar solo dos distinciones.<\/p>\n\n\n\n<p>Cordero, disc\u00edpulo del maestro Gilberto Hern\u00e1ndez Ortega, se traslad\u00f3 a la capital francesa en 1977, donde continu\u00f3 su formaci\u00f3n acad\u00e9mica con estudios de Historia Contempor\u00e1nea en la Universidad de Par\u00eds. Tiene una amplia representaci\u00f3n de sus obras en galer\u00edas prestigiosas de Norte, Centro y Sur Am\u00e9rica, El Caribe, Europa, a lo que se agregan las invitaciones a exponer en destacados eventos anuales en esas regiones, como ARCO Madrid 97 \u00abLatinoam\u00e9rica en Arco\u00bb, Context&nbsp;Art Miami, ArteBA&nbsp;Buenos Aires, MIArt&nbsp;Mil\u00e1n&nbsp;y Scope&nbsp;NY, entre otras.&nbsp;<\/p>\n\n\n\n<p>En 2016 celebr\u00f3 su primera exposici\u00f3n individual en Nueva York, titulada \u00abTales from&nbsp;the&nbsp;Caribbean&nbsp;Nights\u00bb, con 13 pinturas que abarcan el per\u00edodo de 2005-2016.<\/p>\n\n\n\n<p>Sus obras forman parte de colecciones permanentes en diversas instituciones internacionales, entre las que se encuentran el Sal\u00f3n Vitry-sur-Seine, en Francia; el FRAC-Fondo Regional de Arte Contempor\u00e1neo, en Martinica, y el Museo de Arte Moderno de Santo Domingo.\u00a0<\/p>\n\n\n\n<p>Jose Rafael Paula Sosa<a target=\"_blank\" href=\"mailto:joserafael.sosa@gmail.com\" rel=\"noreferrer noopener\">joserafael.sosa@gmail.com<\/a><\/p>\n","protected":false},"excerpt":{"rendered":"<p>Jos\u00e9 Garc\u00eda Cordero, Premio Nacional de Artes Visuales El comit\u00e9 de selecci\u00f3n de dicho galard\u00f3n fue presidido por la ministra Milagros Germ\u00e1n y cont\u00f3\u00a0con la coordinaci\u00f3n del viceministro Giovanny Cruz. Diariodominicano.com Santo Domingo, RD. \u2013\u00a0El anuncio del Ministerio de Cultura otorgando el Premio Nacional de Artes Visuales 2023 al maestro Jos\u00e9 Garc\u00eda Cordero, es el [&hellip;]<\/p>\n","protected":false},"author":28,"featured_media":491760,"comment_status":"closed","ping_status":"","sticky":true,"template":"","format":"standard","meta":{"footnotes":""},"categories":[21,36,27,32],"tags":[],"class_list":["post-491758","post","type-post","status-publish","format-standard","has-post-thumbnail","hentry","category-cultura","category-hombresmujeresycosas","category-portada","category-turismo"],"_links":{"self":[{"href":"https:\/\/diariodominicano.com\/index.php?rest_route=\/wp\/v2\/posts\/491758","targetHints":{"allow":["GET"]}}],"collection":[{"href":"https:\/\/diariodominicano.com\/index.php?rest_route=\/wp\/v2\/posts"}],"about":[{"href":"https:\/\/diariodominicano.com\/index.php?rest_route=\/wp\/v2\/types\/post"}],"author":[{"embeddable":true,"href":"https:\/\/diariodominicano.com\/index.php?rest_route=\/wp\/v2\/users\/28"}],"replies":[{"embeddable":true,"href":"https:\/\/diariodominicano.com\/index.php?rest_route=%2Fwp%2Fv2%2Fcomments&post=491758"}],"version-history":[{"count":6,"href":"https:\/\/diariodominicano.com\/index.php?rest_route=\/wp\/v2\/posts\/491758\/revisions"}],"predecessor-version":[{"id":491767,"href":"https:\/\/diariodominicano.com\/index.php?rest_route=\/wp\/v2\/posts\/491758\/revisions\/491767"}],"wp:featuredmedia":[{"embeddable":true,"href":"https:\/\/diariodominicano.com\/index.php?rest_route=\/wp\/v2\/media\/491760"}],"wp:attachment":[{"href":"https:\/\/diariodominicano.com\/index.php?rest_route=%2Fwp%2Fv2%2Fmedia&parent=491758"}],"wp:term":[{"taxonomy":"category","embeddable":true,"href":"https:\/\/diariodominicano.com\/index.php?rest_route=%2Fwp%2Fv2%2Fcategories&post=491758"},{"taxonomy":"post_tag","embeddable":true,"href":"https:\/\/diariodominicano.com\/index.php?rest_route=%2Fwp%2Fv2%2Ftags&post=491758"}],"curies":[{"name":"wp","href":"https:\/\/api.w.org\/{rel}","templated":true}]}}