{"id":491739,"date":"2023-11-26T22:43:53","date_gmt":"2023-11-27T02:43:53","guid":{"rendered":"https:\/\/diariodominicano.com\/?p=491739"},"modified":"2023-11-26T22:49:32","modified_gmt":"2023-11-27T02:49:32","slug":"enterate-ny-73","status":"publish","type":"post","link":"https:\/\/diariodominicano.com\/?p=491739","title":{"rendered":"Ent\u00e9rate NY"},"content":{"rendered":"\n<p><strong>PERIODISMO INFORMATIVO Y CR\u00cdTICO AL SERVICIO DE LA COMUNIDAD<\/strong><\/p>\n\n\n\n<p><strong>Por Ram\u00f3n Mercedes<\/strong><\/p>\n\n\n\n<p><br>\u25baAumentar\u00eda tarifa viajeros RD a partir 1 diciembre:\u00a0<\/p>\n\n\n\n<p>Gru\u00f1ir, comentarios negativos, condenas y bla, bla, bla entre dominicanos en la Gran Manzana por la reciente publicaci\u00f3n en la prensa nacional sobre un \u00bbajuste tarifario\u00ab a partir de este 1 de diciembre en los precios que pagan los pasajeros que salen y entran a RD por inflaci\u00f3n de un 13%, debido a la renegociaci\u00f3n del contrato de concesi\u00f3n a Aeropuertos Dominicanos Siglo XXl (Aerodom). \u00a1Uff! Ya en el Alto Manhattan y El Bronx se est\u00e1n dando \u00bbgrito al cielo\u00ab. Este ajuste se sumar\u00eda a los US$18.42 que pagan los pasajeros y afectar\u00eda los derechos por servicio de manejo de equipaje, a raz\u00f3n de US$3.11 por cada pasajero de vuelos internacionales regulares y charters. Igualmente contempla el cobro de US$2.70 correspondiente a una proporci\u00f3n de la inflaci\u00f3n del a\u00f1o 2022. Se informa que la Comisi\u00f3n Aeroportuaria autoriz\u00f3 que el ajuste sea al costo de los boletos a\u00e9reos y reconoce los derechos de actualizaci\u00f3n por inflaci\u00f3n a las tasas y tarifas que contempla el acuerdo.\u00a0<strong>Ver:<\/strong><a rel=\"noreferrer noopener\" href=\"https:\/\/almomento.net\/aerodom-aumentara-tarifa-a-los-viajeros-a-partir-de-diciembre\/\" target=\"_blank\">https:\/\/almomento.net\/aerodom-aumentara-tarifa-a-los-viajeros-a-partir-de-diciembre\/<\/a><\/p>\n\n\n\n<figure class=\"wp-block-image size-full\"><img loading=\"lazy\" decoding=\"async\" width=\"684\" height=\"369\" src=\"https:\/\/diariodominicano.com\/wp-content\/uploads\/2023\/11\/z-z-z-z-z-Parrafo-2.-Que-ley-en-NY.jpg\" alt=\"\" class=\"wp-image-491741\" srcset=\"https:\/\/diariodominicano.com\/wp-content\/uploads\/2023\/11\/z-z-z-z-z-Parrafo-2.-Que-ley-en-NY.jpg 684w, https:\/\/diariodominicano.com\/wp-content\/uploads\/2023\/11\/z-z-z-z-z-Parrafo-2.-Que-ley-en-NY-300x162.jpg 300w\" sizes=\"auto, (max-width: 684px) 100vw, 684px\" \/><\/figure>\n\n\n\n<p><strong>\u25ba\u00a1Qu\u00e9 ley en NY!:<\/strong>\u00a0<\/p>\n\n\n\n<p>El alcalde de NYC, Eric Adams, est\u00e1 siendo acusado, 10,950 d\u00edas despu\u00e9s por una dama, de una presunta agresi\u00f3n sexual contra ella cuando el ejecutivo municipal era oficial de NYPD en 1993 (30 a\u00f1os), seg\u00fan un documento judicial hecho p\u00fablico el pasado mi\u00e9rcoles, horas antes de que expirara la \u00bbLey de Sobrevivientes Adultos del estado NY que venci\u00f3 el pasado viernes 24\u00ab. \u00a1Uff! La mujer est\u00e1 demandando al alcalde por $5 millones de d\u00f3lares como compensaci\u00f3n para dejar eso as\u00ed. Present\u00f3 su demanda en la Corte Suprema estatal. Esta ley firmada por la gobernadora Kathy Hochul el a\u00f1o pasado (por 1 solo a\u00f1o) permit\u00eda a las personas presentar reclamaciones de agresi\u00f3n sexual que ocurriera cuando ten\u00edan 18 a\u00f1os o m\u00e1s, incluso si el plazo de prescripci\u00f3n hab\u00eda expirado. Dicha ley se convirti\u00f3 durante este a\u00f1o en una ventana legal para buscar justicia por la v\u00eda civil en casos de delitos sexuales ocurridos hace a\u00f1os y que hab\u00edan prescrito. Otros que est\u00e1n siendo demandados son el ex presidente Donald Trump, el ex gobernador-NY Andrew Cuomo, demandado nuevamente por agresi\u00f3n sexual por su exasistente ejecutiva, Brittany Commissio, siendo el caso abandonado por el fiscal de distrito del condado de Albany en 2022. Diiicen en el Alto Manhattan que esta ley al parecer fue hecha por un a\u00f1o para perseguir determinadas personalidades. \u00a1Huumm!<\/p>\n\n\n\n<figure class=\"wp-block-image size-full\"><img loading=\"lazy\" decoding=\"async\" width=\"644\" height=\"269\" src=\"https:\/\/diariodominicano.com\/wp-content\/uploads\/2023\/11\/z-z-z-z-z-Parrafo-3.-El-presidente-prometio-y-cumplio.jpg\" alt=\"\" class=\"wp-image-491743\" srcset=\"https:\/\/diariodominicano.com\/wp-content\/uploads\/2023\/11\/z-z-z-z-z-Parrafo-3.-El-presidente-prometio-y-cumplio.jpg 644w, https:\/\/diariodominicano.com\/wp-content\/uploads\/2023\/11\/z-z-z-z-z-Parrafo-3.-El-presidente-prometio-y-cumplio-300x125.jpg 300w\" sizes=\"auto, (max-width: 644px) 100vw, 644px\" \/><\/figure>\n\n\n\n<p><strong>\u25baEl presidente prometi\u00f3 y cumpli\u00f3:<\/strong><\/p>\n\n\n\n<p>\u00a0Observadores pol\u00edticos dominicanos en el Alto Manhattan coincidieron en manifestar que el presidente Luis Abinader prometi\u00f3 elevar al equivalente de $500 d\u00f3lares el sueldo a miembros de la PN y cumpli\u00f3.\u00a0<strong>Veamos,<\/strong>\u00a0diiicen: El salario de un raso pas\u00f3 de RD$20,463.25 a RD$24,555.90 pesos. Cabo de RD$22,613.31 a RD$26,233.93. Sargentos mayores pasan de RD$26,428.42 a RD$30,394.94. Segundo teniente de RD$26 mil a RD$31,510.28 y el Primer teniente RD$32,541.78. Capit\u00e1n de RD$28,941.76 a RD$34,575.75. Mayor de RD$30,906 a RD$35,615.53. Teniente coronel de RD$34,983 a RD$39,234.81. Coronel Full de RD$39,715 a RD$42,907.52. General de Brigada ostentaba un salario de RD$47,881 ahora ser\u00e1 de RD$50,275.72. Mayor general ganar\u00e1 RD$ 60,049.00. Abinader dijo ante dicho aumento expres\u00f3 \u00bbnos dec\u00edan que eso era ofertas pol\u00edticas, pues no solamente lo llevamos a 500 d\u00f3lares, sino que le hicimos una \u00f1apa y hoy ganan 509 d\u00f3lares como base\u00bb.\u00a0<strong>Ver:<\/strong>\u00a0<a rel=\"noreferrer noopener\" href=\"https:\/\/www.diariolibre.com\/actualidad\/nacional\/2023\/11\/25\/abinader-responde-a-incredulos-aumento-a-policias-de-napa-a-us509\/2533465\" target=\"_blank\">https:\/\/www.diariolibre.com\/actualidad\/nacional\/2023\/11\/25\/abinader-responde-a-incredulos-aumento-a-policias-de-napa-a-us509\/2533465<\/a><\/p>\n\n\n\n<p><strong>\u25ba\u00bfVendiendo boletos en consulado RD-NY?:<\/strong><\/p>\n\n\n\n<p><strong>\u00a0<\/strong>Una fuente a lo interno del consulado RD-NY nos informa que el asistente del c\u00f3nsul y directivo del PRM en la regi\u00f3n Manhattan Norte, Manny Feliz, se encontrar\u00eda envuelto en la venta de boletos para un Aguinaldo Navide\u00f1o pro recaudaci\u00f3n de fondos para la \u00bbFundaci\u00f3n Misi\u00f3n S\u00e1nchez Ram\u00edrez en NY\u00ab. Orden\u00f3 imprimirlo el pasado mi\u00e9rcoles y diiicen que se propone vender dichos boletos a empleados y funcionarios consulares a $80 d\u00f3lares, equivalente a 4,480 pesos dominicanos, para asistir a la parranda navide\u00f1a, el pr\u00f3ximo 10 de diciembre (7:00 a 11:00 pm), en Inwood Bar &amp; Grill, ubicado en el 4892 de Broadway con la calle 204, en el Alto Manhattan. Habr\u00e1 buffet, 2 horas de bar abierto con vinos, cerveza, sangr\u00eda roja y blanca. Dice la fuente que hay que recordar la Ley 41-08 de Funci\u00f3n P\u00fablica, que en su art\u00edculo 80 define como violatorias las siguientes acciones: \u00bbRequerir, inducir u obligar a sus subalternos a participar en actividades pol\u00edticas o partidistas, sea en su provecho o en provecho de terceros\u00ab. Adem\u00e1s, \u00bbestablecer contribuciones forzosas en beneficio propio o de terceros, vali\u00e9ndose de su autoridad o cargo\u00ab. La Fundaci\u00f3n sin fines de lucro env\u00eda donativos gratis a Cotu\u00ed. Est\u00e1 por la ley y ubicada en el 5030 de Broadway. Figura como activa y su n\u00famero de archivo es el 5132400.<\/p>\n\n\n\n<p><strong>\u25baHablando del consulado RD-NY:<\/strong>\u00a0<\/p>\n\n\n\n<p>Del c\u00f3nsul Eligio J\u00e1quez a los nuevos ciudadanos dominicanos al adquirir la ciudadan\u00eda: \u00bbQue sirva este modesto folleto como una gu\u00eda inicial para que el nuevo ciudadano dominicano pueda conocer los principios fundamentales que dieron origen a la naci\u00f3n dominicana, las normativas y s\u00edmbolos que gu\u00edan las buenas conductas de un ciudadano quisqueyano\u00bb.\u00a0\u00bbAl adquirir la ciudadan\u00eda dominicana, el nuevo ciudadano est\u00e1 compelido a actuar con buenos principios patrios, conocer y defender los s\u00edmbolos patrios que gu\u00edan y norman el comportamiento de nuestro gentilicio duartiano.\u00a0Diiicen que mandar\u00e1 a imprimir 100 mil\u00a0de estos folletos, los cuales podr\u00edan durar m\u00e1s de 20 a\u00f1os en agotarse. Muchos cantan a coro\u00a0<strong>=<\/strong>\u00a0<a rel=\"noreferrer noopener\" href=\"https:\/\/www.youtube.com\/watch?v=Tw9Bs8qn62U\" target=\"_blank\">https:\/\/www.youtube.com\/watch?v=Tw9Bs8qn62U<\/a><\/p>\n\n\n\n<figure class=\"wp-block-image size-full\"><img loading=\"lazy\" decoding=\"async\" width=\"647\" height=\"434\" src=\"https:\/\/diariodominicano.com\/wp-content\/uploads\/2023\/11\/z-z-z-z-z-z-Parrafo-6.-La-situacion-empeora-en-NYC.jpg\" alt=\"\" class=\"wp-image-491747\" srcset=\"https:\/\/diariodominicano.com\/wp-content\/uploads\/2023\/11\/z-z-z-z-z-z-Parrafo-6.-La-situacion-empeora-en-NYC.jpg 647w, https:\/\/diariodominicano.com\/wp-content\/uploads\/2023\/11\/z-z-z-z-z-z-Parrafo-6.-La-situacion-empeora-en-NYC-300x201.jpg 300w\" sizes=\"auto, (max-width: 647px) 100vw, 647px\" \/><\/figure>\n\n\n\n<p><strong>\u25baLa situaci\u00f3n empeora en NYC:<\/strong>\u00a0<\/p>\n\n\n\n<p>Dominicanos en NYC coinciden en manifestar que la situaci\u00f3n empeora en la Gran Manzana. Desde la primavera de 2022 cuando fue firmada, m\u00e1s de 139,000 solicitantes de asilo han llegado a la urbe, mayormente enviados en buses desde Texas, en medio de una batalla pol\u00edtica nacional entre dem\u00f3cratas y republicanos. De ellos, alrededor de 66,000 permanecen en el sobrecargado sistema de refugios de la ciudad, seg\u00fan recuentos del gobierno local. La poblaci\u00f3n del sistema de refugios ha pasado de menos de 50,000 en julio de 2022 a alrededor de 120,000 este mes. Como consecuencia m\u00faltiples servicios sociales y comunitarios han tenido que ser reducido en sus presupuesto$ para asignarlos a los reci\u00e9n llegados.<\/p>\n\n\n\n<p><strong>\u25baDeseos para todos:<\/strong>\u00a0<\/p>\n\n\n\n<p>Ante la muerte repentina por un ataque card\u00edaco el pasado martes en RD de mi t\u00edo llamado tambi\u00e9n Ram\u00f3n Mercedes (Nono), de 55 a\u00f1os, cuyo fallecimiento se destac\u00f3 en la prensa nacional\u00a0<strong>=<\/strong>\u00a0<a rel=\"noreferrer noopener\" href=\"https:\/\/elnuevodiario.com.do\/fallece-por-ataque-cardiaco-hacendado-ramon-mercedes-nono-en-villa-riva-s-f-m\/\" target=\"_blank\">https:\/\/elnuevodiario.com.do\/fallece-por-ataque-cardiaco-hacendado-ramon-mercedes-nono-en-villa-riva-s-f-m\/<\/a>\u00a0recibimos condolencias de parte de pol\u00edticos, empresarios, funcionarios electos, periodistas, comunitarios y ciudadanos comunes, entre otros. Mil gracias a todos. Mis anhelos es que el Todopoderoso les multipliques, junto a sus esposas, hijos, padres y dem\u00e1s familiares, los deseos que han tenido para conmigo. Para aquellos que propagaron y sazonaron que hab\u00eda sido el autor de esta columna, tambi\u00e9n les deseos lo mismo que me desearon. Am\u00e9n.<\/p>\n\n\n\n<p><strong>\u25baRecorrido interesante en NY:<\/strong>\u00a0<\/p>\n\n\n\n<p>Dominicanos en la Gran Manzana se inscribieron en la loter\u00eda del Departamento de Parques-NYC que inici\u00f3 por primera vez, el pasado d\u00eda 21, recorridos p\u00fablicos gratis por la Isla Hart, donde hay un cementerio poco visitado desde hace 154 a\u00f1os, con m\u00e1s de un mill\u00f3n de personas enterradas, olvidadas, pobres, vagabundos, presidiarios, apestados, fallecidos por fuertes virus como el Covid-19 y el Sida que no fueron reclamados. La mayor\u00eda de ata\u00fades son identificados con n\u00fameros, sin nombres, mientras que marcadores blancos se\u00f1alan el lugar donde est\u00e1n los cuerpos. Es el camposanto p\u00fablico m\u00e1s grande de Estados Unidos y las visitas est\u00e1n prohibidas. Las fechas de los otros tours ser\u00e1n el pr\u00f3ximo 5 y 19 de diciembre; 16 y 30 de enero de 2024; luego el 13 y 27 de febrero; el 12 y 26 de marzo; 9 y 23 de abril; y el 14 y 28 de mayo. La Isla Hart est\u00e1 ubicada cerca de City Island frente a la costa en El Bronx; su tama\u00f1o es de aproximadamente 1,6 km de largo por 300 metros de ancho. Se convirti\u00f3 en una fosa com\u00fan en 1869 cuando la ciudad de NY se la compr\u00f3 a un terrateniente privado para sepultar a indigentes o personas no identificadas. Sirvi\u00f3 de c\u00e1rcel durante la Guerra Civil USA, de campo de entrenamiento en la Segunda Guerra Mundial, como hospital para enfermos mentales y de tuberculosis, centro de detenci\u00f3n para delincuentes juveniles, y como base de misiles durante la Guerra Fr\u00eda. M\u00e1s informaci\u00f3n sobre los recorridos\u00a0<strong>=<\/strong>\u00a0<a rel=\"noreferrer noopener\" href=\"https:\/\/www.nycgovparks.org\/events\/hart-island\" target=\"_blank\">https:\/\/www.nycgovparks.org\/events\/hart-island<\/a><\/p>\n\n\n\n<figure class=\"wp-block-image size-full\"><img loading=\"lazy\" decoding=\"async\" width=\"408\" height=\"400\" src=\"https:\/\/diariodominicano.com\/wp-content\/uploads\/2023\/11\/z-z-z-z-Parrafo-9.-Pa-fuera.jpg\" alt=\"\" class=\"wp-image-491748\" srcset=\"https:\/\/diariodominicano.com\/wp-content\/uploads\/2023\/11\/z-z-z-z-Parrafo-9.-Pa-fuera.jpg 408w, https:\/\/diariodominicano.com\/wp-content\/uploads\/2023\/11\/z-z-z-z-Parrafo-9.-Pa-fuera-300x294.jpg 300w\" sizes=\"auto, (max-width: 408px) 100vw, 408px\" \/><\/figure>\n\n\n\n<p><strong>\u25baPa&#8217; fuera:\u00a0<\/strong><\/p>\n\n\n\n<p>Los dominicanos en RD deben pensarlo dos veces antes de venir ilegalmente a EUA.<strong>\u00a0<\/strong>Inmigraci\u00f3n de USA ha deportado en los \u00faltimos 7 meses 380 mil migrantes a m\u00e1s de 150 pa\u00edses. Entre ellos figuran 3 mil 939 dominicanos en lo que va del presente a\u00f1o. Datos de la Oficina de Aduanas y Protecci\u00f3n Fronteriza (CBP), se\u00f1alan que, en el a\u00f1o fiscal 2023, las autoridades migratorias tuvieron m\u00e1s de 2,4 millones de encuentros con migrantes en la frontera suroeste de EUA. El n\u00famero m\u00e1s alto registrado en la historia. Durante el a\u00f1o fiscal 2022, ICE llev\u00f3 a cabo 72.177 deportaciones. El Departamento de Seguridad Nacional de EE. UU. (DHS) es el responsable de la seguridad p\u00fablica, equiparable a los ministerios del interior de otros pa\u00edses. Por su parte, el director del FBI, testific\u00f3 recientemente ante la audiencia del Comit\u00e9 de Seguridad Nacional de la C\u00e1mara de Representantes sobre las \u00abamenazas mundiales a la patria\u00bb en Washington, DC.<\/p>\n\n\n\n<figure class=\"wp-block-image size-full\"><img loading=\"lazy\" decoding=\"async\" width=\"299\" height=\"447\" src=\"https:\/\/diariodominicano.com\/wp-content\/uploads\/2023\/11\/Elida-Almonte.jpg\" alt=\"\" class=\"wp-image-491750\" srcset=\"https:\/\/diariodominicano.com\/wp-content\/uploads\/2023\/11\/Elida-Almonte.jpg 299w, https:\/\/diariodominicano.com\/wp-content\/uploads\/2023\/11\/Elida-Almonte-201x300.jpg 201w\" sizes=\"auto, (max-width: 299px) 100vw, 299px\" \/><figcaption>Elida Almonte <\/figcaption><\/figure>\n\n\n\n<p><strong>\u25baUn valor dominicano en NY:<\/strong>\u00a0<\/p>\n\n\n\n<p>Elida Almonte, aguerrida comunitaria dominicana, conocida por la mayor\u00eda de sus connacionales en la Gran Manzana, se ha caracterizado durante d\u00e9cadas en NY por defender las causas que entiende favorecen su comunidad. Viene poniendo en alto la bandera tricolor a trav\u00e9s de las instituciones que dirige: La C\u00e1mara de Comercio Dominicana en USA y \u201cDominican Taste Festival\u201d, esta \u00faltima con el lema \u00bbYo consumo lo m\u00edo\u00ab, una plataforma de promoci\u00f3n que, a trav\u00e9s de eventos donde asisten miles de dominicanos, realiza al aire libre para exhibir diferentes productos quisqueyanos a los criollos y extranjeros. Es una celebraci\u00f3n anual a la gastronom\u00eda, la cultura, el folclor y la v\u00edvida energ\u00eda que caracteriza a los dominicanos en tierras extranjeras. Si usted la ve caminar por ah\u00ed, como lo hace de costumbre, d\u00edgale \u201cElida, usted es un valor dominicano en NY.\u201d<\/p>\n\n\n\n<p><strong>\u25baCultura general:\u00a0<\/strong><\/p>\n\n\n\n<p>Desde que la persona aborda un avi\u00f3n y se sienta ya se encuentra a 61 pies de altura. La distancia entre los aeropuertos JFK-NY y Las Am\u00e9ricas-RD es de 2.499,80 km., con un tiempo aproximado de 3 horas y 26 minutos entre ambas terminales. El avi\u00f3n se eleva a los 40 minutos sobre los 36 mil pies, equivalente a 12 kil\u00f3metros (distancia desde el km.12 hasta el parque independencia en la capital dominicana). La m\u00e1xima velocidad que desarrolla es de 516\u00a0millas\u00a0<strong>=<\/strong>\u00a0830 km\/h.<\/p>\n\n\n\n<p><strong>\u25baServicio comunitario:<\/strong><\/p>\n\n\n\n<p><strong>\u00a0<\/strong>Si sabes o sospechas que un ni\u00f1o ha sido maltratado puedes llamar al 1-800-422-4453. Algunas de las se\u00f1ales son: Cambios repentinos en el comportamiento o en su desempe\u00f1o escolar. Falta de atenci\u00f3n a problemas f\u00edsicos o m\u00e9dicos. Conducta inusual que revela preocupaci\u00f3n o temor a que algo malo ocurra. Comportamiento extremadamente d\u00f3cil, pasivo o retra\u00eddo.<\/p>\n\n\n\n<p><strong>\u25baD\u00f3lar y euro hasta este domingo 26:<\/strong>\u00a0<\/p>\n\n\n\n<p>Compra del d\u00f3lar 56.27 y venta 57.22; Compra euro 60.88 y venta 64.24<\/p>\n\n\n\n<p><strong>\u25baCombustibles:<\/strong><\/p>\n\n\n\n<p><strong>\u00a0Del 25 de noviembre al 1 de diciembre:<\/strong>\u00a0Gasolina Premium\u00a0a $293.10.\u00a0\u00a0Regular a $274.50\u2026Gasoil Optimo a $239.10 y el Regular a $221.60. Gas licuado a $132.60 y el Gas Natural $43.97.<\/p>\n\n\n\n<p><strong>\u25baPara comunicarse con nosotros:<\/strong>&nbsp;Escribir a&nbsp;<a href=\"mailto:santodomingoaldia@yahoo.com\" rel=\"noreferrer noopener\" target=\"_blank\">santodomingoaldia@yahoo.com<\/a><\/p>\n","protected":false},"excerpt":{"rendered":"<p>PERIODISMO INFORMATIVO Y CR\u00cdTICO AL SERVICIO DE LA COMUNIDAD Por Ram\u00f3n Mercedes \u25baAumentar\u00eda tarifa viajeros RD a partir 1 diciembre:\u00a0 Gru\u00f1ir, comentarios negativos, condenas y bla, bla, bla entre dominicanos en la Gran Manzana por la reciente publicaci\u00f3n en la prensa nacional sobre un \u00bbajuste tarifario\u00ab a partir de este 1 de diciembre en los [&hellip;]<\/p>\n","protected":false},"author":28,"featured_media":491740,"comment_status":"closed","ping_status":"","sticky":false,"template":"","format":"standard","meta":{"footnotes":""},"categories":[36,25,22],"tags":[],"class_list":["post-491739","post","type-post","status-publish","format-standard","has-post-thumbnail","hentry","category-hombresmujeresycosas","category-gente","category-politica"],"_links":{"self":[{"href":"https:\/\/diariodominicano.com\/index.php?rest_route=\/wp\/v2\/posts\/491739","targetHints":{"allow":["GET"]}}],"collection":[{"href":"https:\/\/diariodominicano.com\/index.php?rest_route=\/wp\/v2\/posts"}],"about":[{"href":"https:\/\/diariodominicano.com\/index.php?rest_route=\/wp\/v2\/types\/post"}],"author":[{"embeddable":true,"href":"https:\/\/diariodominicano.com\/index.php?rest_route=\/wp\/v2\/users\/28"}],"replies":[{"embeddable":true,"href":"https:\/\/diariodominicano.com\/index.php?rest_route=%2Fwp%2Fv2%2Fcomments&post=491739"}],"version-history":[{"count":4,"href":"https:\/\/diariodominicano.com\/index.php?rest_route=\/wp\/v2\/posts\/491739\/revisions"}],"predecessor-version":[{"id":491751,"href":"https:\/\/diariodominicano.com\/index.php?rest_route=\/wp\/v2\/posts\/491739\/revisions\/491751"}],"wp:featuredmedia":[{"embeddable":true,"href":"https:\/\/diariodominicano.com\/index.php?rest_route=\/wp\/v2\/media\/491740"}],"wp:attachment":[{"href":"https:\/\/diariodominicano.com\/index.php?rest_route=%2Fwp%2Fv2%2Fmedia&parent=491739"}],"wp:term":[{"taxonomy":"category","embeddable":true,"href":"https:\/\/diariodominicano.com\/index.php?rest_route=%2Fwp%2Fv2%2Fcategories&post=491739"},{"taxonomy":"post_tag","embeddable":true,"href":"https:\/\/diariodominicano.com\/index.php?rest_route=%2Fwp%2Fv2%2Ftags&post=491739"}],"curies":[{"name":"wp","href":"https:\/\/api.w.org\/{rel}","templated":true}]}}