{"id":491736,"date":"2023-11-26T22:37:59","date_gmt":"2023-11-27T02:37:59","guid":{"rendered":"https:\/\/diariodominicano.com\/?p=491736"},"modified":"2023-11-26T22:37:59","modified_gmt":"2023-11-27T02:37:59","slug":"dominicanos-usa-celebrara-3ra-feria-inmersiva-anual-de-dusa-x-dusatech","status":"publish","type":"post","link":"https:\/\/diariodominicano.com\/?p=491736","title":{"rendered":"Dominicanos USA celebrar\u00e1 3ra. Feria Inmersiva Anual de DUSA x DUSATech"},"content":{"rendered":"\n<p><strong>Por Ram\u00f3n Mercedes<\/strong><\/p>\n\n\n\n<p><strong>NUEVA YORK.-&nbsp;<\/strong>El director ejecutivo de la entidad Dominicanos USA (DUSA), Eddie Cuesta, cuya mision es fortalecer la conexi\u00f3n entre Rep\u00fablica Dominicana y su comunidad en Estados Unidos, anunci\u00f3 la celebraci\u00f3n de la Tercera Feria Inmersiva Anual de DUSA x DUSATech, el pr\u00f3ximo 2 de diciembre en esta ciudad.<\/p>\n\n\n\n<p>Es un evento innovador que profundiza en el emocionante mundo de la Inteligencia Artificial (IA) y el futuro de las carreras impulsadas por la tecnolog\u00eda, dijo.<\/p>\n\n\n\n<p>Ya seas un profesional de la tecnolog\u00eda, estudiante o simplemente curioso sobre el futuro de la IA y de los avances tecnol\u00f3gico, la Feria ofrece una plataforma \u00fanica para explorar, aprender e inspirarse, precisa Cuesta.<\/p>\n\n\n\n<p>Participar\u00e1n l\u00edderes de la industria y figuras prominentes mientras comparten sus perspectivas sobre el papel en evoluci\u00f3n de la IA en la configuraci\u00f3n del futuro del trabajo y la sociedad.<\/p>\n\n\n\n<p>Este panel promete ofrecer discusiones que provocan el pensamiento y una visi\u00f3n hacia el futuro de la IA.<\/p>\n\n\n\n<p>Con\u00e9ctate con personas afines, entusiastas de la tecnolog\u00eda y profesionales de diversas industrias, para descubrir posibles trayectorias en el paisaje tecnol\u00f3gico en constante evoluci\u00f3n.<\/p>\n\n\n\n<p>Estar\u00e1n destacadas figuras del sector Tech y podr\u00e1s conocer la importancia de la tecnolog\u00eda de los videojuegos y su potencial para conectar la di\u00e1spora dominicana con el codesarrollo nacional.<\/p>\n\n\n\n<p>Estamos buscando voluntarios para que se unan a nosotros en una experiencia notable y transnacional que profundizar\u00e1 en los mundos convergentes de la IA, la tecnolog\u00eda de juegos y el futuro de los empleos, dijo Cuesta.<\/p>\n\n\n\n<p>En el evento podr\u00e1s disfrutar de regalos, videojuegos para jugar gratis, partido de exhibici\u00f3n de League of Legends entre NYC y RD, realidad virtual, paneles educativos, exposiciones, arte, y muchas diversiones m\u00e1s.<\/p>\n\n\n\n<p>Este a\u00f1o la actividad se efectuar\u00e1 en el Centro de Experiencia de Microsoft, ubicado en el 677 de la Quinta avenida, entre las calles 53 y 54 en Manhattan, desde las 9:00 am hasta las 6:00 pm.<\/p>\n\n\n\n<p>Mayor informaci\u00f3n llamar al 718-665-0400 o visitar&nbsp;&nbsp;DUSA&nbsp;<strong>=<\/strong>&nbsp;<a href=\"https:\/\/dominicanosusa.org\/contact-us\/\" rel=\"noreferrer noopener\" target=\"_blank\">Contact Us &#8211; Dominicanos USA<\/a><\/p>\n","protected":false},"excerpt":{"rendered":"<p>Por Ram\u00f3n Mercedes NUEVA YORK.-&nbsp;El director ejecutivo de la entidad Dominicanos USA (DUSA), Eddie Cuesta, cuya mision es fortalecer la conexi\u00f3n entre Rep\u00fablica Dominicana y su comunidad en Estados Unidos, anunci\u00f3 la celebraci\u00f3n de la Tercera Feria Inmersiva Anual de DUSA x DUSATech, el pr\u00f3ximo 2 de diciembre en esta ciudad. Es un evento innovador [&hellip;]<\/p>\n","protected":false},"author":28,"featured_media":491737,"comment_status":"closed","ping_status":"","sticky":true,"template":"","format":"standard","meta":{"footnotes":""},"categories":[36,23,27,32],"tags":[],"class_list":["post-491736","post","type-post","status-publish","format-standard","has-post-thumbnail","hentry","category-hombresmujeresycosas","category-internacional","category-portada","category-turismo"],"_links":{"self":[{"href":"https:\/\/diariodominicano.com\/index.php?rest_route=\/wp\/v2\/posts\/491736","targetHints":{"allow":["GET"]}}],"collection":[{"href":"https:\/\/diariodominicano.com\/index.php?rest_route=\/wp\/v2\/posts"}],"about":[{"href":"https:\/\/diariodominicano.com\/index.php?rest_route=\/wp\/v2\/types\/post"}],"author":[{"embeddable":true,"href":"https:\/\/diariodominicano.com\/index.php?rest_route=\/wp\/v2\/users\/28"}],"replies":[{"embeddable":true,"href":"https:\/\/diariodominicano.com\/index.php?rest_route=%2Fwp%2Fv2%2Fcomments&post=491736"}],"version-history":[{"count":1,"href":"https:\/\/diariodominicano.com\/index.php?rest_route=\/wp\/v2\/posts\/491736\/revisions"}],"predecessor-version":[{"id":491738,"href":"https:\/\/diariodominicano.com\/index.php?rest_route=\/wp\/v2\/posts\/491736\/revisions\/491738"}],"wp:featuredmedia":[{"embeddable":true,"href":"https:\/\/diariodominicano.com\/index.php?rest_route=\/wp\/v2\/media\/491737"}],"wp:attachment":[{"href":"https:\/\/diariodominicano.com\/index.php?rest_route=%2Fwp%2Fv2%2Fmedia&parent=491736"}],"wp:term":[{"taxonomy":"category","embeddable":true,"href":"https:\/\/diariodominicano.com\/index.php?rest_route=%2Fwp%2Fv2%2Fcategories&post=491736"},{"taxonomy":"post_tag","embeddable":true,"href":"https:\/\/diariodominicano.com\/index.php?rest_route=%2Fwp%2Fv2%2Ftags&post=491736"}],"curies":[{"name":"wp","href":"https:\/\/api.w.org\/{rel}","templated":true}]}}