{"id":491730,"date":"2023-11-26T22:34:01","date_gmt":"2023-11-27T02:34:01","guid":{"rendered":"https:\/\/diariodominicano.com\/?p=491730"},"modified":"2023-11-26T22:34:01","modified_gmt":"2023-11-27T02:34:01","slug":"anuncian-en-ny-cumbre-latinoamericana-para-julio-2024-asistiran-lideres-de-20-paises-al","status":"publish","type":"post","link":"https:\/\/diariodominicano.com\/?p=491730","title":{"rendered":"Anuncian en NY Cumbre Latinoamericana para julio 2024; asistir\u00e1n l\u00edderes de 20 pa\u00edses AL"},"content":{"rendered":"\n<p><strong>Por Ram\u00f3n Mercedes<\/strong><\/p>\n\n\n\n<p><strong>NUEVA YORK.-&nbsp;<\/strong>La celebraci\u00f3n de la vig\u00e9sima segunda Cumbre Latinoamericana ser\u00e1 celebrada en esta ciudad los d\u00edas 11, 12 y 13 de julio de 2024, anunciaron sus organizadores.<\/p>\n\n\n\n<p>El l\u00edder latinoamericano Jaime Narv\u00e1ez, expres\u00f3 que a trav\u00e9s del intercambio de experiencias entre l\u00edderes en gobernanza y buenas pol\u00edticas, los que participar\u00e1n en la XXII Cumbre Latinoamericana Democracia y Desarrollo, se dar\u00e1n a conocer las pautas necesarias para elaborar una estrategia clara y definida de gobernanza enfocada en el desarrollo, innovaci\u00f3n y la democracia.<\/p>\n\n\n\n<p>A\u00f1adi\u00f3 que este escenario es un espacio destinado a analizar, compartir y debatir soluciones para el perfeccionamiento de pol\u00edticas p\u00fablicas, as\u00ed como lograr una democracia s\u00f3lida y participativa, transformando la vida social de los latinos participantes.<\/p>\n\n\n\n<p>\u201cEstamos alineados en la implementaci\u00f3n de una serie de pasos para perfeccionar las acciones pol\u00edticas y la construcci\u00f3n de una mejor ciudadan\u00eda, porque el enfoque es capacitar de manera profesional a los gobiernos que ya estar\u00e1n constituidos para ese momento\u00ab, dijo Narv\u00e1ez.<\/p>\n\n\n\n<p>Por ejemplo, en RD hay cambios en febrero y para presidentes en mayo. En junio M\u00e9xico elige los alcaldes del pa\u00eds y el presidente. Colombia acaba de elegir alcaldes. Ecuador acaba de elegir un nuevo presidente y alcaldes.<\/p>\n\n\n\n<p>Vamos a estar enfocados en c\u00f3mo los alcaldes y los gobernantes deben de hacer un mejor gobierno, con mejores pol\u00edticas; en eso estar\u00e1 enfocada la cumbre, la cual se ha llevado durante los \u00faltimos 21 a\u00f1os en toda Am\u00e9rica Latina.<\/p>\n\n\n\n<p>La \u00faltima versi\u00f3n fue muy exitosa este a\u00f1o en Cap-Cana, RD\u201d, dijo Narv\u00e1ez. A la mayor\u00eda de las cumbres han asistido l\u00edderes como Lu\u00eds Almagro, secretario general de la OEA; el actual presidente Luis Abinader; el expresidente mexicano, Vicente Fox; el expresidente de Bolivia, Tuto Quiroga; entre otros.<\/p>\n\n\n\n<p>Por su parte V\u00edctor Dum\u00e9, presidente honorario de la cumbre, dijo que la iniciativa de traer la Cumbre por primera vez a NYC, surge por el tema de la gobernanza en Am\u00e9rica Latina.&nbsp;<\/p>\n\n\n\n<p>\u00bbVamos a implementar los cursos a los nuevos l\u00edderes, vicepresidentes, ministros, alcaldes, para que tengan por lo menos, un tours a seguir en lo que ser\u00eda el trayecto de una buena gobernanza\u201d, sostuvo Dum\u00e9.<\/p>\n\n\n\n<p>Consideramos que al haber tantos pa\u00edses que van a cambiar ahora mismo el sistema de gobierno, las figuras que van a entrar, es lo m\u00e1s id\u00f3neo, siempre nos hemos concentrado en lo que es una cumbre de campa\u00f1as pol\u00edticas, en este caso vamos a trabajar la parte que casi nunca se trabaja, que es la buena gobernanza\u201d, finaliz\u00f3 diciendo Dum\u00e9.<\/p>\n\n\n\n<p>Asimismo, Elida Almonte, l\u00edder comunitaria, empresarial y directora agregada del evento, indic\u00f3&nbsp;\u00bbtendremos un evento hist\u00f3rico, estaremos con l\u00edderes de m\u00e1s de 20 pa\u00edses de Am\u00e9rica Latina, haremos una gran cumbre con el respaldo de todos.<\/p>\n\n\n\n<p>Para m\u00e1s informaci\u00f3n llamar al tel\u00e9fono 646-326-6052 y&nbsp;<a href=\"mailto:pentamarketing1@gmail.com\" rel=\"noreferrer noopener\" target=\"_blank\">pentamarketing1@gmail.com<\/a>, dijo Almonte<\/p>\n","protected":false},"excerpt":{"rendered":"<p>Por Ram\u00f3n Mercedes NUEVA YORK.-&nbsp;La celebraci\u00f3n de la vig\u00e9sima segunda Cumbre Latinoamericana ser\u00e1 celebrada en esta ciudad los d\u00edas 11, 12 y 13 de julio de 2024, anunciaron sus organizadores. El l\u00edder latinoamericano Jaime Narv\u00e1ez, expres\u00f3 que a trav\u00e9s del intercambio de experiencias entre l\u00edderes en gobernanza y buenas pol\u00edticas, los que participar\u00e1n en la [&hellip;]<\/p>\n","protected":false},"author":28,"featured_media":491731,"comment_status":"closed","ping_status":"","sticky":true,"template":"","format":"standard","meta":{"footnotes":""},"categories":[36,22,27],"tags":[],"class_list":["post-491730","post","type-post","status-publish","format-standard","has-post-thumbnail","hentry","category-hombresmujeresycosas","category-politica","category-portada"],"_links":{"self":[{"href":"https:\/\/diariodominicano.com\/index.php?rest_route=\/wp\/v2\/posts\/491730","targetHints":{"allow":["GET"]}}],"collection":[{"href":"https:\/\/diariodominicano.com\/index.php?rest_route=\/wp\/v2\/posts"}],"about":[{"href":"https:\/\/diariodominicano.com\/index.php?rest_route=\/wp\/v2\/types\/post"}],"author":[{"embeddable":true,"href":"https:\/\/diariodominicano.com\/index.php?rest_route=\/wp\/v2\/users\/28"}],"replies":[{"embeddable":true,"href":"https:\/\/diariodominicano.com\/index.php?rest_route=%2Fwp%2Fv2%2Fcomments&post=491730"}],"version-history":[{"count":1,"href":"https:\/\/diariodominicano.com\/index.php?rest_route=\/wp\/v2\/posts\/491730\/revisions"}],"predecessor-version":[{"id":491732,"href":"https:\/\/diariodominicano.com\/index.php?rest_route=\/wp\/v2\/posts\/491730\/revisions\/491732"}],"wp:featuredmedia":[{"embeddable":true,"href":"https:\/\/diariodominicano.com\/index.php?rest_route=\/wp\/v2\/media\/491731"}],"wp:attachment":[{"href":"https:\/\/diariodominicano.com\/index.php?rest_route=%2Fwp%2Fv2%2Fmedia&parent=491730"}],"wp:term":[{"taxonomy":"category","embeddable":true,"href":"https:\/\/diariodominicano.com\/index.php?rest_route=%2Fwp%2Fv2%2Fcategories&post=491730"},{"taxonomy":"post_tag","embeddable":true,"href":"https:\/\/diariodominicano.com\/index.php?rest_route=%2Fwp%2Fv2%2Ftags&post=491730"}],"curies":[{"name":"wp","href":"https:\/\/api.w.org\/{rel}","templated":true}]}}