{"id":491716,"date":"2023-11-26T22:45:09","date_gmt":"2023-11-27T02:45:09","guid":{"rendered":"https:\/\/diariodominicano.com\/?p=491716"},"modified":"2023-11-26T23:36:59","modified_gmt":"2023-11-27T03:36:59","slug":"luis-el-gallo-y-la-udc-dan-inicio-a-las-fiestas-tradicionales-y-populares-de-la-navidad-encediendo-el-arbolito-pavimentado-un-callejon-y-su-filtrante-y-entregando-raciones-alimenticias-a-los-res","status":"publish","type":"post","link":"https:\/\/diariodominicano.com\/?p=491716","title":{"rendered":"Luis \u00abEl Gallo\u00bb, y La UDC dan inicio a las fiestas tradicionales y populares de la Navidad"},"content":{"rendered":"\n<p>Enciende  el arbolito, pavimentado un Callej\u00f3n y su filtrante y entregando raciones alimenticias a los residentes del\u00a0 barrio.<\/p>\n\n\n\n<p>Luis \u00abEl Gallo\u00bb, acompa\u00f1ado de la candidata a regidora por la \u2013UDC- en el municipio de Haina, dieron inicio a las fiestas tradicionales y populares de la ciudad, festejando el encendido&nbsp; del arbolito, la entrega de raciones alimenticias, pavimentaci\u00f3n del Callej\u00f3n en la calle La Flores en el barrio Gringo, en los Bajos de Haina.<\/p>\n\n\n\n<p>Los comunitarios del sector de Gringo, Agradecieron a Luis El Gallo, y a Blainery Puello \u00abLa Modelo\u00bb, por la peque\u00f1a obra Comunitaria ya que el barrio se inundaba de charco de agua negra que se convert\u00eda con foco de contaminaci\u00f3n y criaderos del mosquito que causa el dengue. En su discurso \u00abLa Modelo\u00bb, dijo que no se lleven de los que dicen los pol\u00edticos sino de los que hacen los pol\u00edticos al mismo tiempo pidi\u00f3 el apoyo del pueblo de Haina, para seguir aportando desde la sala Capitular del Ayuntamiento de Haina.<\/p>\n\n\n\n<p>Luis El Gallo, habl\u00f3 en el \u00abD\u00eda Internacional de la no Violencia contra la Mujer\u00bb,&nbsp;&nbsp; la primera acci\u00f3n de violencia contra la mujer es por el hambre, y el mejor&nbsp; ejemplo son que el 37% de las adolescentes en los barrios salen embarazadas por un pica \u00abpica pollo&nbsp; por comida\u00bb.<\/p>\n\n\n\n<p>Luis Acosta Moreta, Luis \u201cEl Gallo\u201d, presidente de la UDC, manifest\u00f2 que se necesita la unidad de toda la familia dominicana, para hacer frente a los graves problemas econ\u00f2micos y sociales que tiene el pa\u00eds.<\/p>\n\n\n\n<p>Afirm\u00f3 que se tiene que dar una unidad en base a la acci\u00f2n, al trabajo por el desarrollo, sin que ninguno de los participantes en ese esfuerzo deje a un lado sus convicciones personales.<\/p>\n\n\n\n<p>El inicio de&nbsp; la tradicional fiesta del fin de a\u00f1o es propicio para que se haga un llamado a la unidad e integridad de la familia dominicana, y que todos hagan esfuerzos para hacer frente a nuestros principales problemas.<\/p>\n\n\n\n<p><\/p>\n","protected":false},"excerpt":{"rendered":"<p>Enciende el arbolito, pavimentado un Callej\u00f3n y su filtrante y entregando raciones alimenticias a los residentes del\u00a0 barrio. Luis \u00abEl Gallo\u00bb, acompa\u00f1ado de la candidata a regidora por la \u2013UDC- en el municipio de Haina, dieron inicio a las fiestas tradicionales y populares de la ciudad, festejando el encendido&nbsp; del arbolito, la entrega de raciones [&hellip;]<\/p>\n","protected":false},"author":7,"featured_media":437430,"comment_status":"closed","ping_status":"","sticky":true,"template":"","format":"standard","meta":{"footnotes":""},"categories":[36,22,27],"tags":[],"class_list":["post-491716","post","type-post","status-publish","format-standard","has-post-thumbnail","hentry","category-hombresmujeresycosas","category-politica","category-portada"],"_links":{"self":[{"href":"https:\/\/diariodominicano.com\/index.php?rest_route=\/wp\/v2\/posts\/491716","targetHints":{"allow":["GET"]}}],"collection":[{"href":"https:\/\/diariodominicano.com\/index.php?rest_route=\/wp\/v2\/posts"}],"about":[{"href":"https:\/\/diariodominicano.com\/index.php?rest_route=\/wp\/v2\/types\/post"}],"author":[{"embeddable":true,"href":"https:\/\/diariodominicano.com\/index.php?rest_route=\/wp\/v2\/users\/7"}],"replies":[{"embeddable":true,"href":"https:\/\/diariodominicano.com\/index.php?rest_route=%2Fwp%2Fv2%2Fcomments&post=491716"}],"version-history":[{"count":2,"href":"https:\/\/diariodominicano.com\/index.php?rest_route=\/wp\/v2\/posts\/491716\/revisions"}],"predecessor-version":[{"id":491771,"href":"https:\/\/diariodominicano.com\/index.php?rest_route=\/wp\/v2\/posts\/491716\/revisions\/491771"}],"wp:featuredmedia":[{"embeddable":true,"href":"https:\/\/diariodominicano.com\/index.php?rest_route=\/wp\/v2\/media\/437430"}],"wp:attachment":[{"href":"https:\/\/diariodominicano.com\/index.php?rest_route=%2Fwp%2Fv2%2Fmedia&parent=491716"}],"wp:term":[{"taxonomy":"category","embeddable":true,"href":"https:\/\/diariodominicano.com\/index.php?rest_route=%2Fwp%2Fv2%2Fcategories&post=491716"},{"taxonomy":"post_tag","embeddable":true,"href":"https:\/\/diariodominicano.com\/index.php?rest_route=%2Fwp%2Fv2%2Ftags&post=491716"}],"curies":[{"name":"wp","href":"https:\/\/api.w.org\/{rel}","templated":true}]}}