{"id":491708,"date":"2023-11-26T22:17:26","date_gmt":"2023-11-27T02:17:26","guid":{"rendered":"https:\/\/diariodominicano.com\/?p=491708"},"modified":"2023-11-26T22:18:40","modified_gmt":"2023-11-27T02:18:40","slug":"rd-avanza-en-juegos-escolares-venezuela-2023-con-siete-medallas","status":"publish","type":"post","link":"https:\/\/diariodominicano.com\/?p=491708","title":{"rendered":"RD avanza en Juegos Escolares Venezuela 2023 con siete medallas"},"content":{"rendered":"\n<p>Cuatro de plata en tenis de mesa y tres de bronce en karate<\/p>\n\n\n\n<figure class=\"wp-block-image size-large\"><img loading=\"lazy\" decoding=\"async\" width=\"1024\" height=\"768\" src=\"https:\/\/diariodominicano.com\/wp-content\/uploads\/2023\/11\/WhatsApp-Image-2023-11-25-at-18.40.20-1024x768.jpeg\" alt=\"\" class=\"wp-image-491710\" srcset=\"https:\/\/diariodominicano.com\/wp-content\/uploads\/2023\/11\/WhatsApp-Image-2023-11-25-at-18.40.20-1024x768.jpeg 1024w, https:\/\/diariodominicano.com\/wp-content\/uploads\/2023\/11\/WhatsApp-Image-2023-11-25-at-18.40.20-300x225.jpeg 300w, https:\/\/diariodominicano.com\/wp-content\/uploads\/2023\/11\/WhatsApp-Image-2023-11-25-at-18.40.20-768x576.jpeg 768w, https:\/\/diariodominicano.com\/wp-content\/uploads\/2023\/11\/WhatsApp-Image-2023-11-25-at-18.40.20-1536x1152.jpeg 1536w, https:\/\/diariodominicano.com\/wp-content\/uploads\/2023\/11\/WhatsApp-Image-2023-11-25-at-18.40.20-816x612.jpeg 816w, https:\/\/diariodominicano.com\/wp-content\/uploads\/2023\/11\/WhatsApp-Image-2023-11-25-at-18.40.20.jpeg 1600w\" sizes=\"auto, (max-width: 1024px) 100vw, 1024px\" \/><\/figure>\n\n\n\n<p>Caracas, Venezuela.- La selecci\u00f3n dominicana que participa en los VI Juegos Escolares Centroamericanos y del Caribe Venezuela 2023 ha obtenido hasta este domingo siete medallas, cuatro de plata en tenis de mesa y tres de bronce en karate.<\/p>\n\n\n\n<p>El equipo dominicano de tenis de mesa femenino compuesto por las atletas Yasmeilyn Nycol Guerrero, Eduanni Mercedes, Dafne Carolina Sosa y Arianna Franshesca Estrella, conquistaron la primera medalla de plata del pa\u00eds.<\/p>\n\n\n\n<figure class=\"wp-block-image size-large\"><img loading=\"lazy\" decoding=\"async\" width=\"1024\" height=\"682\" src=\"https:\/\/diariodominicano.com\/wp-content\/uploads\/2023\/11\/WhatsApp-Image-2023-11-26-at-16.06.52-1024x682.jpeg\" alt=\"\" class=\"wp-image-491711\" srcset=\"https:\/\/diariodominicano.com\/wp-content\/uploads\/2023\/11\/WhatsApp-Image-2023-11-26-at-16.06.52-1024x682.jpeg 1024w, https:\/\/diariodominicano.com\/wp-content\/uploads\/2023\/11\/WhatsApp-Image-2023-11-26-at-16.06.52-300x200.jpeg 300w, https:\/\/diariodominicano.com\/wp-content\/uploads\/2023\/11\/WhatsApp-Image-2023-11-26-at-16.06.52-768x512.jpeg 768w, https:\/\/diariodominicano.com\/wp-content\/uploads\/2023\/11\/WhatsApp-Image-2023-11-26-at-16.06.52-1536x1023.jpeg 1536w, https:\/\/diariodominicano.com\/wp-content\/uploads\/2023\/11\/WhatsApp-Image-2023-11-26-at-16.06.52-816x544.jpeg 816w, https:\/\/diariodominicano.com\/wp-content\/uploads\/2023\/11\/WhatsApp-Image-2023-11-26-at-16.06.52.jpeg 1600w\" sizes=\"auto, (max-width: 1024px) 100vw, 1024px\" \/><\/figure>\n\n\n\n<figure class=\"wp-block-image size-large\"><img loading=\"lazy\" decoding=\"async\" width=\"1024\" height=\"682\" src=\"https:\/\/diariodominicano.com\/wp-content\/uploads\/2023\/11\/WhatsApp-Image-2023-11-26-at-16.06.52-2-1024x682.jpeg\" alt=\"\" class=\"wp-image-491712\" srcset=\"https:\/\/diariodominicano.com\/wp-content\/uploads\/2023\/11\/WhatsApp-Image-2023-11-26-at-16.06.52-2-1024x682.jpeg 1024w, https:\/\/diariodominicano.com\/wp-content\/uploads\/2023\/11\/WhatsApp-Image-2023-11-26-at-16.06.52-2-300x200.jpeg 300w, https:\/\/diariodominicano.com\/wp-content\/uploads\/2023\/11\/WhatsApp-Image-2023-11-26-at-16.06.52-2-768x512.jpeg 768w, https:\/\/diariodominicano.com\/wp-content\/uploads\/2023\/11\/WhatsApp-Image-2023-11-26-at-16.06.52-2-1536x1023.jpeg 1536w, https:\/\/diariodominicano.com\/wp-content\/uploads\/2023\/11\/WhatsApp-Image-2023-11-26-at-16.06.52-2-816x544.jpeg 816w, https:\/\/diariodominicano.com\/wp-content\/uploads\/2023\/11\/WhatsApp-Image-2023-11-26-at-16.06.52-2.jpeg 1600w\" sizes=\"auto, (max-width: 1024px) 100vw, 1024px\" \/><\/figure>\n\n\n\n<figure class=\"wp-block-image size-large\"><img loading=\"lazy\" decoding=\"async\" width=\"1024\" height=\"682\" src=\"https:\/\/diariodominicano.com\/wp-content\/uploads\/2023\/11\/WhatsApp-Image-2023-11-25-at-22.05.27-1024x682.jpeg\" alt=\"\" class=\"wp-image-491713\" srcset=\"https:\/\/diariodominicano.com\/wp-content\/uploads\/2023\/11\/WhatsApp-Image-2023-11-25-at-22.05.27-1024x682.jpeg 1024w, https:\/\/diariodominicano.com\/wp-content\/uploads\/2023\/11\/WhatsApp-Image-2023-11-25-at-22.05.27-300x200.jpeg 300w, https:\/\/diariodominicano.com\/wp-content\/uploads\/2023\/11\/WhatsApp-Image-2023-11-25-at-22.05.27-768x512.jpeg 768w, https:\/\/diariodominicano.com\/wp-content\/uploads\/2023\/11\/WhatsApp-Image-2023-11-25-at-22.05.27-1536x1023.jpeg 1536w, https:\/\/diariodominicano.com\/wp-content\/uploads\/2023\/11\/WhatsApp-Image-2023-11-25-at-22.05.27-816x544.jpeg 816w, https:\/\/diariodominicano.com\/wp-content\/uploads\/2023\/11\/WhatsApp-Image-2023-11-25-at-22.05.27.jpeg 1600w\" sizes=\"auto, (max-width: 1024px) 100vw, 1024px\" \/><\/figure>\n\n\n\n<p>Asimismo, su par masculino tambi\u00e9n obtuvo otra plata, gracias al buen juego del equipo compuesto por los atletas Ram\u00f3n Vila Mena, Eduardo Mej\u00eda, Dariel del Rosario y Alexander P\u00e9rez, solo superado por Venezuela 3-2. En Mixto tambi\u00e9n, la selecci\u00f3n dominicana gan\u00f3 dos medallas m\u00e1s.<\/p>\n\n\n\n<p>Mientras que en Karate alcanzaron bronce, Madelenny Del Carmen Payamps, de la categor\u00eda de los -66kg, representante del Polit\u00e9cnico Martina Mercedes Zouain; Karelin Tavares Pe\u00f1a en los 59 kg, del Polit\u00e9cnico Los Rieles, y el taekwondista, Fernando Hern\u00e1ndez, de la categor\u00eda -78kg.<\/p>\n\n\n\n<figure class=\"wp-block-image size-large\"><img loading=\"lazy\" decoding=\"async\" width=\"1024\" height=\"682\" src=\"https:\/\/diariodominicano.com\/wp-content\/uploads\/2023\/11\/WhatsApp-Image-2023-11-25-at-22.05.33-1024x682.jpeg\" alt=\"\" class=\"wp-image-491714\" srcset=\"https:\/\/diariodominicano.com\/wp-content\/uploads\/2023\/11\/WhatsApp-Image-2023-11-25-at-22.05.33-1024x682.jpeg 1024w, https:\/\/diariodominicano.com\/wp-content\/uploads\/2023\/11\/WhatsApp-Image-2023-11-25-at-22.05.33-300x200.jpeg 300w, https:\/\/diariodominicano.com\/wp-content\/uploads\/2023\/11\/WhatsApp-Image-2023-11-25-at-22.05.33-768x512.jpeg 768w, https:\/\/diariodominicano.com\/wp-content\/uploads\/2023\/11\/WhatsApp-Image-2023-11-25-at-22.05.33-1536x1023.jpeg 1536w, https:\/\/diariodominicano.com\/wp-content\/uploads\/2023\/11\/WhatsApp-Image-2023-11-25-at-22.05.33-816x544.jpeg 816w, https:\/\/diariodominicano.com\/wp-content\/uploads\/2023\/11\/WhatsApp-Image-2023-11-25-at-22.05.33.jpeg 1600w\" sizes=\"auto, (max-width: 1024px) 100vw, 1024px\" \/><\/figure>\n\n\n\n<figure class=\"wp-block-image size-large\"><img loading=\"lazy\" decoding=\"async\" width=\"1024\" height=\"768\" src=\"https:\/\/diariodominicano.com\/wp-content\/uploads\/2023\/11\/WhatsApp-Image-2023-11-25-at-18.10.09-1024x768.jpeg\" alt=\"\" class=\"wp-image-491717\" srcset=\"https:\/\/diariodominicano.com\/wp-content\/uploads\/2023\/11\/WhatsApp-Image-2023-11-25-at-18.10.09-1024x768.jpeg 1024w, https:\/\/diariodominicano.com\/wp-content\/uploads\/2023\/11\/WhatsApp-Image-2023-11-25-at-18.10.09-300x225.jpeg 300w, https:\/\/diariodominicano.com\/wp-content\/uploads\/2023\/11\/WhatsApp-Image-2023-11-25-at-18.10.09-768x576.jpeg 768w, https:\/\/diariodominicano.com\/wp-content\/uploads\/2023\/11\/WhatsApp-Image-2023-11-25-at-18.10.09-1536x1152.jpeg 1536w, https:\/\/diariodominicano.com\/wp-content\/uploads\/2023\/11\/WhatsApp-Image-2023-11-25-at-18.10.09-816x612.jpeg 816w, https:\/\/diariodominicano.com\/wp-content\/uploads\/2023\/11\/WhatsApp-Image-2023-11-25-at-18.10.09.jpeg 1600w\" sizes=\"auto, (max-width: 1024px) 100vw, 1024px\" \/><\/figure>\n\n\n\n<figure class=\"wp-block-image size-large\"><img loading=\"lazy\" decoding=\"async\" width=\"1024\" height=\"682\" src=\"https:\/\/diariodominicano.com\/wp-content\/uploads\/2023\/11\/WhatsApp-Image-2023-11-25-at-22.05.32-1024x682.jpeg\" alt=\"\" class=\"wp-image-491718\" srcset=\"https:\/\/diariodominicano.com\/wp-content\/uploads\/2023\/11\/WhatsApp-Image-2023-11-25-at-22.05.32-1024x682.jpeg 1024w, https:\/\/diariodominicano.com\/wp-content\/uploads\/2023\/11\/WhatsApp-Image-2023-11-25-at-22.05.32-300x200.jpeg 300w, https:\/\/diariodominicano.com\/wp-content\/uploads\/2023\/11\/WhatsApp-Image-2023-11-25-at-22.05.32-768x512.jpeg 768w, https:\/\/diariodominicano.com\/wp-content\/uploads\/2023\/11\/WhatsApp-Image-2023-11-25-at-22.05.32-1536x1023.jpeg 1536w, https:\/\/diariodominicano.com\/wp-content\/uploads\/2023\/11\/WhatsApp-Image-2023-11-25-at-22.05.32-816x544.jpeg 816w, https:\/\/diariodominicano.com\/wp-content\/uploads\/2023\/11\/WhatsApp-Image-2023-11-25-at-22.05.32.jpeg 1600w\" sizes=\"auto, (max-width: 1024px) 100vw, 1024px\" \/><\/figure>\n\n\n\n<p>Estos combates de kumite fueron efectuados en el Parque Naciones Unidas, Pabellon Jos\u00e9 de las Casas, de Caracas.<\/p>\n\n\n\n<p>En kata se compiti\u00f3 sistema round (todos contra todos), donde el equipo femenino dominicano present\u00f3 los siguientes resultados Isabella D\u00edaz, 5to. Lugar con puntuaci\u00f3n de 35.3 y Natalie Fils, 6to. Lugar con puntuaci\u00f3n de 35.9, y en masculino German Lizardo, 5to lugar con puntuaci\u00f3n de 40.6 y Jean Michael Keen, 7mo. Lugar con puntuaci\u00f3n de 35.3.<\/p>\n\n\n\n<p>Todos combatieron contra M\u00e9xico, Venezuela, Colombia, Honduras y Nicaragua en el referido sistema todos contra todos.<\/p>\n\n\n\n<p>Voleibol masculino<\/p>\n\n\n\n<p>En su segundo partido, el conjunto de la Rep\u00fablica Dominicana logr\u00f3 derrotar 3 sets por 2 a su similar de Cuba, en la segunda jornada del torneo de esta disciplina en estos VI Juegos Escolares Centroamaricanos y del Caribe&nbsp; Venezuela 2023.<\/p>\n\n\n\n<p>En un competitivo choque, que se extendi\u00f3 hasta un quinto set, los parciales quedaron 19-25, 25-14, 23-25 y 25-23 y concluy\u00f3 15-12.<\/p>\n\n\n\n<p>Comunicaciones MIDEREC 20-24<a target=\"_blank\" href=\"mailto:twittermdeportesrd@gmail.com\" rel=\"noreferrer noopener\">twittermdeportesrd@gmail.com<\/a><\/p>\n\n\n\n<p><\/p>\n","protected":false},"excerpt":{"rendered":"<p>Cuatro de plata en tenis de mesa y tres de bronce en karate Caracas, Venezuela.- La selecci\u00f3n dominicana que participa en los VI Juegos Escolares Centroamericanos y del Caribe Venezuela 2023 ha obtenido hasta este domingo siete medallas, cuatro de plata en tenis de mesa y tres de bronce en karate. El equipo dominicano de [&hellip;]<\/p>\n","protected":false},"author":28,"featured_media":491709,"comment_status":"closed","ping_status":"","sticky":true,"template":"","format":"standard","meta":{"footnotes":""},"categories":[17,27,32],"tags":[],"class_list":["post-491708","post","type-post","status-publish","format-standard","has-post-thumbnail","hentry","category-deportes","category-portada","category-turismo"],"_links":{"self":[{"href":"https:\/\/diariodominicano.com\/index.php?rest_route=\/wp\/v2\/posts\/491708","targetHints":{"allow":["GET"]}}],"collection":[{"href":"https:\/\/diariodominicano.com\/index.php?rest_route=\/wp\/v2\/posts"}],"about":[{"href":"https:\/\/diariodominicano.com\/index.php?rest_route=\/wp\/v2\/types\/post"}],"author":[{"embeddable":true,"href":"https:\/\/diariodominicano.com\/index.php?rest_route=\/wp\/v2\/users\/28"}],"replies":[{"embeddable":true,"href":"https:\/\/diariodominicano.com\/index.php?rest_route=%2Fwp%2Fv2%2Fcomments&post=491708"}],"version-history":[{"count":2,"href":"https:\/\/diariodominicano.com\/index.php?rest_route=\/wp\/v2\/posts\/491708\/revisions"}],"predecessor-version":[{"id":491719,"href":"https:\/\/diariodominicano.com\/index.php?rest_route=\/wp\/v2\/posts\/491708\/revisions\/491719"}],"wp:featuredmedia":[{"embeddable":true,"href":"https:\/\/diariodominicano.com\/index.php?rest_route=\/wp\/v2\/media\/491709"}],"wp:attachment":[{"href":"https:\/\/diariodominicano.com\/index.php?rest_route=%2Fwp%2Fv2%2Fmedia&parent=491708"}],"wp:term":[{"taxonomy":"category","embeddable":true,"href":"https:\/\/diariodominicano.com\/index.php?rest_route=%2Fwp%2Fv2%2Fcategories&post=491708"},{"taxonomy":"post_tag","embeddable":true,"href":"https:\/\/diariodominicano.com\/index.php?rest_route=%2Fwp%2Fv2%2Ftags&post=491708"}],"curies":[{"name":"wp","href":"https:\/\/api.w.org\/{rel}","templated":true}]}}