{"id":491568,"date":"2023-11-26T01:37:49","date_gmt":"2023-11-26T05:37:49","guid":{"rendered":"https:\/\/diariodominicano.com\/?p=491568"},"modified":"2023-11-26T01:38:11","modified_gmt":"2023-11-26T05:38:11","slug":"evocan-en-nicaragua-pensamiento-y-accion-de-lider-cubano-fidel-castro","status":"publish","type":"post","link":"https:\/\/diariodominicano.com\/?p=491568","title":{"rendered":"Evocan en Nicaragua pensamiento y acci\u00f3n de l\u00edder cubano Fidel Castro"},"content":{"rendered":"\n<p>Managua, 25 nov (Prensa Latina) Miembros de la misi\u00f3n estatal de Cuba en Nicaragua, cubanos residentes y amigos de la solidaridad, evocaron hoy aqu\u00ed el pensamiento y la acci\u00f3n del comandante en jefe Fidel Castro, a siete a\u00f1os de su partida f\u00edsica.\u00a0\u00a0\u00a0\u00a0<\/p>\n\n\n\n<p><\/p>\n\n\n\n<ul class=\"wp-block-list\"><li>noviembre 25, 2023<\/li><li>CST23:38 (GMT) -0500<\/li><\/ul>\n\n\n\n<p>Durante un acto pol\u00edtico en conmemoraci\u00f3n de esa fecha celebrado en la sede diplom\u00e1tica de la naci\u00f3n caribe\u00f1a en esta capital, se destacaron las cualidades pol\u00edticas y humanas del l\u00edder que lo convirtieron en gu\u00eda indiscutible de la Revoluci\u00f3n cubana.<\/p>\n\n\n\n<p>El presidente de la Red Nicarag\u00fcense Antimperialista de Solidaridad con los Pueblos, Arturo Aguirre, hizo un recuento de las luchas de Fidel desde el 26 de julio de 1953, pasando por el triunfo de enero de 1959 hasta sus \u00faltimos a\u00f1os de vida y afirm\u00f3 que sigue siendo esa luz que ilumina a los pueblos del mundo.<\/p>\n\n\n\n<p>\u201cNo se puede marchar quien recorri\u00f3 un largo camino desde 1953 para lograr la liberaci\u00f3n de Cuba y defender la soberan\u00eda de su pa\u00eds\u201d, expres\u00f3.<\/p>\n\n\n\n<p>A\u00f1adi\u00f3 que Fidel dedic\u00f3 su vida a la Revoluci\u00f3n cubana, la cual hizo posible que Am\u00e9rica Latina llegara a un proceso de liberaci\u00f3n, y hoy es un ejemplo de los pueblos en resistencia ante la amenaza imperial.<\/p>\n\n\n\n<p>En nombre de los cubanos residentes en esta naci\u00f3n centroamericana habl\u00f3 Reinaldo Rodr\u00edguez, quien record\u00f3 su viaje a Nicaragua en 1980 cuando acompa\u00f1\u00f3 a Fidel al primer aniversario de la Revoluci\u00f3n popular sandinista, y ratific\u00f3 el compromiso de mantener vivo su legado.<\/p>\n\n\n\n<p>\u201cFidel somos todos y tenemos el compromiso y la necesidad hist\u00f3rica de continuar su obra, sus ideas y su pensamiento en la medida de nuestras posibilidades en cualquier parte\u201d, subray\u00f3.<\/p>\n\n\n\n<p>Durante la actividad, los presentes tambi\u00e9n rindieron homenaje a los 77 internacionalistas cubanos fallecidos durante el cumplimiento de su misi\u00f3n en Nicaragua, en un sitial de honor develado hace un a\u00f1o en la sede diplom\u00e1tica de la isla.<\/p>\n\n\n\n<p>Adem\u00e1s, se reconoci\u00f3 a pioneros y j\u00f3venes de la misi\u00f3n tras haber concluido de manera satisfactoria sus estudios durante este a\u00f1o escolar.<\/p>\n\n\n\n<p>El homenaje concluy\u00f3 con la proyecci\u00f3n de un material audiovisual dedicado al m\u00e1ximo l\u00edder de la naci\u00f3n antillana, cuyo contenido emocion\u00f3 al auditorio y en un s\u00f3lo grito exclam\u00f3: \u00a1Yo soy Fidel! \u00a1Yo soy Fidel!<\/p>\n\n\n\n<p>mem\/ybv<\/p>\n","protected":false},"excerpt":{"rendered":"<p>Managua, 25 nov (Prensa Latina) Miembros de la misi\u00f3n estatal de Cuba en Nicaragua, cubanos residentes y amigos de la solidaridad, evocaron hoy aqu\u00ed el pensamiento y la acci\u00f3n del comandante en jefe Fidel Castro, a siete a\u00f1os de su partida f\u00edsica.\u00a0\u00a0\u00a0\u00a0 noviembre 25, 2023 CST23:38 (GMT) -0500 Durante un acto pol\u00edtico en conmemoraci\u00f3n de [&hellip;]<\/p>\n","protected":false},"author":28,"featured_media":491569,"comment_status":"closed","ping_status":"","sticky":false,"template":"","format":"standard","meta":{"footnotes":""},"categories":[26],"tags":[],"class_list":["post-491568","post","type-post","status-publish","format-standard","has-post-thumbnail","hentry","category-efemerides"],"_links":{"self":[{"href":"https:\/\/diariodominicano.com\/index.php?rest_route=\/wp\/v2\/posts\/491568","targetHints":{"allow":["GET"]}}],"collection":[{"href":"https:\/\/diariodominicano.com\/index.php?rest_route=\/wp\/v2\/posts"}],"about":[{"href":"https:\/\/diariodominicano.com\/index.php?rest_route=\/wp\/v2\/types\/post"}],"author":[{"embeddable":true,"href":"https:\/\/diariodominicano.com\/index.php?rest_route=\/wp\/v2\/users\/28"}],"replies":[{"embeddable":true,"href":"https:\/\/diariodominicano.com\/index.php?rest_route=%2Fwp%2Fv2%2Fcomments&post=491568"}],"version-history":[{"count":2,"href":"https:\/\/diariodominicano.com\/index.php?rest_route=\/wp\/v2\/posts\/491568\/revisions"}],"predecessor-version":[{"id":491571,"href":"https:\/\/diariodominicano.com\/index.php?rest_route=\/wp\/v2\/posts\/491568\/revisions\/491571"}],"wp:featuredmedia":[{"embeddable":true,"href":"https:\/\/diariodominicano.com\/index.php?rest_route=\/wp\/v2\/media\/491569"}],"wp:attachment":[{"href":"https:\/\/diariodominicano.com\/index.php?rest_route=%2Fwp%2Fv2%2Fmedia&parent=491568"}],"wp:term":[{"taxonomy":"category","embeddable":true,"href":"https:\/\/diariodominicano.com\/index.php?rest_route=%2Fwp%2Fv2%2Fcategories&post=491568"},{"taxonomy":"post_tag","embeddable":true,"href":"https:\/\/diariodominicano.com\/index.php?rest_route=%2Fwp%2Fv2%2Ftags&post=491568"}],"curies":[{"name":"wp","href":"https:\/\/api.w.org\/{rel}","templated":true}]}}