{"id":491562,"date":"2023-11-26T01:33:09","date_gmt":"2023-11-26T05:33:09","guid":{"rendered":"https:\/\/diariodominicano.com\/?p=491562"},"modified":"2023-11-26T01:33:09","modified_gmt":"2023-11-26T05:33:09","slug":"jovenes-rindieron-homenaje-en-cuba-a-fidel-castro","status":"publish","type":"post","link":"https:\/\/diariodominicano.com\/?p=491562","title":{"rendered":"J\u00f3venes rindieron homenaje en Cuba a Fidel Castro"},"content":{"rendered":"\n<p>La Habana, 25 nov (Prensa Latina) Centenares de j\u00f3venes recordaron hoy aqu\u00ed al l\u00edder hist\u00f3rico de la Revoluci\u00f3n cubana, Fidel Castro, a siete a\u00f1os de su fallecimiento, acompa\u00f1ados del presidente Miguel D\u00edaz-Canel y otros altos dirigentes del pa\u00eds.&nbsp;&nbsp;&nbsp;&nbsp;<\/p>\n\n\n\n<ul class=\"wp-block-list\"><li>noviembre 25, 2023<\/li><li>CST22:21 (GMT) -0500<\/li><\/ul>\n\n\n\n<ul class=\"wp-block-list\"><li>Fotos: X @PresidenciaCuba<\/li><\/ul>\n\n\n\n<p>En la emblem\u00e1tica escalinata de la Universidad de La Habana, escenario de luchas emancipadoras y fragua de las ideas revolucionarias de Fidel Castro, se efectu\u00f3 la velada pol\u00edtico-cultural que resalt\u00f3 a trav\u00e9s del arte la impronta del l\u00edder cubano.<\/p>\n\n\n\n<p>Al pronunciar las palabras centrales del acto, la primera secretaria de la Uni\u00f3n de J\u00f3venes Comunistas, Ayl\u00edn \u00c1lvarez, afirm\u00f3 que Fidel Castro sigue siendo para Cuba \u201cel guerrillero, el estadista, el paradigma de todo un pueblo que defiende su Revoluci\u00f3n, el Comandante en Jefe\u201d.<\/p>\n\n\n\n<p>La juventud cubana siente su cercan\u00eda, busca su legado, acude a \u00e9l siempre que es necesario saber c\u00f3mo actuar con decoro \u2013apunt\u00f3- y afirm\u00f3 que \u00e9ste no fue el homenaje para un h\u00e9roe ausente, ni un tributo p\u00f3stumo cargado de dolor y tristeza, sino una demostraci\u00f3n de vida, pues su presencia es un\u00e1nime y permanente.<\/p>\n\n\n\n<p>En tiempos tan complejos como los que vivimos \u2013dijo la dirigente juvenil- es imprescindible volver a Fidel, a sus palabras cuando expres\u00f3: \u201cno tenemos otra alternativa que so\u00f1ar, seguir so\u00f1ando, y so\u00f1ar adem\u00e1s con la esperanza de que un mundo mejor tiene que ser realidad, y ser\u00e1 realidad si luchamos por \u00e9l\u201d.<\/p>\n\n\n\n<p>El acto form\u00f3 parte de las actividades desarrolladas en todo el pa\u00eds y en el extranjero para rendir tributo a destacado revolucionario, art\u00edfice y principal impulsor del proceso de transformaciones de car\u00e1cter socialista que defiende la isla, quien es reconocido como uno de los grandes estadistas del siglo XX.<\/p>\n\n\n\n<p>Los estudiantes congregados en la Universidad de La Habana reafirmaron tambi\u00e9n su respaldo a la causa palestina frente al genocidio que perpetra el estado sionista de Israel contra la poblaci\u00f3n civil de la Franja de Gaza y Cisjordania.<\/p>\n\n\n\n<p>jha\/evm<\/p>\n","protected":false},"excerpt":{"rendered":"<p>La Habana, 25 nov (Prensa Latina) Centenares de j\u00f3venes recordaron hoy aqu\u00ed al l\u00edder hist\u00f3rico de la Revoluci\u00f3n cubana, Fidel Castro, a siete a\u00f1os de su fallecimiento, acompa\u00f1ados del presidente Miguel D\u00edaz-Canel y otros altos dirigentes del pa\u00eds.&nbsp;&nbsp;&nbsp;&nbsp; noviembre 25, 2023 CST22:21 (GMT) -0500 Fotos: X @PresidenciaCuba En la emblem\u00e1tica escalinata de la Universidad de [&hellip;]<\/p>\n","protected":false},"author":28,"featured_media":491563,"comment_status":"closed","ping_status":"","sticky":false,"template":"","format":"standard","meta":{"footnotes":""},"categories":[26],"tags":[],"class_list":["post-491562","post","type-post","status-publish","format-standard","has-post-thumbnail","hentry","category-efemerides"],"_links":{"self":[{"href":"https:\/\/diariodominicano.com\/index.php?rest_route=\/wp\/v2\/posts\/491562","targetHints":{"allow":["GET"]}}],"collection":[{"href":"https:\/\/diariodominicano.com\/index.php?rest_route=\/wp\/v2\/posts"}],"about":[{"href":"https:\/\/diariodominicano.com\/index.php?rest_route=\/wp\/v2\/types\/post"}],"author":[{"embeddable":true,"href":"https:\/\/diariodominicano.com\/index.php?rest_route=\/wp\/v2\/users\/28"}],"replies":[{"embeddable":true,"href":"https:\/\/diariodominicano.com\/index.php?rest_route=%2Fwp%2Fv2%2Fcomments&post=491562"}],"version-history":[{"count":1,"href":"https:\/\/diariodominicano.com\/index.php?rest_route=\/wp\/v2\/posts\/491562\/revisions"}],"predecessor-version":[{"id":491564,"href":"https:\/\/diariodominicano.com\/index.php?rest_route=\/wp\/v2\/posts\/491562\/revisions\/491564"}],"wp:featuredmedia":[{"embeddable":true,"href":"https:\/\/diariodominicano.com\/index.php?rest_route=\/wp\/v2\/media\/491563"}],"wp:attachment":[{"href":"https:\/\/diariodominicano.com\/index.php?rest_route=%2Fwp%2Fv2%2Fmedia&parent=491562"}],"wp:term":[{"taxonomy":"category","embeddable":true,"href":"https:\/\/diariodominicano.com\/index.php?rest_route=%2Fwp%2Fv2%2Fcategories&post=491562"},{"taxonomy":"post_tag","embeddable":true,"href":"https:\/\/diariodominicano.com\/index.php?rest_route=%2Fwp%2Fv2%2Ftags&post=491562"}],"curies":[{"name":"wp","href":"https:\/\/api.w.org\/{rel}","templated":true}]}}