{"id":491522,"date":"2023-11-26T00:45:51","date_gmt":"2023-11-26T04:45:51","guid":{"rendered":"https:\/\/diariodominicano.com\/?p=491522"},"modified":"2023-11-26T00:49:23","modified_gmt":"2023-11-26T04:49:23","slug":"carolina-mejia-continua-llevando-asistencia-a-familias-afectadas-por-las-lluvias-se-traslada-a-los-platanitos-adn","status":"publish","type":"post","link":"https:\/\/diariodominicano.com\/?p=491522","title":{"rendered":"Carolina Mej\u00eda contin\u00faa llevando asistencia a familias afectadas por las lluvias; se traslada a Los Platanitos: ADN"},"content":{"rendered":"\n<p><br>Santo Domingo, DN &#8211; En el seguimiento a la respuesta inmediata a las comunidades afectadas por el disturbio tropical del pasado fin de semana, la alcaldesa del Distrito Nacional, Carolina Mej\u00eda, se desplaz\u00f3 la ma\u00f1ana de este viernes a Los Platanitos para continuar llevando asistencia y art\u00edculos de primera necesidad a las zonas afectadas.<\/p>\n\n\n\n<figure class=\"wp-block-image size-large\"><img loading=\"lazy\" decoding=\"async\" width=\"1024\" height=\"683\" src=\"https:\/\/diariodominicano.com\/wp-content\/uploads\/2023\/11\/WhatsApp-Image-2023-11-24-at-3.25.14-PM-2-1024x683.jpeg\" alt=\"\" class=\"wp-image-491526\" srcset=\"https:\/\/diariodominicano.com\/wp-content\/uploads\/2023\/11\/WhatsApp-Image-2023-11-24-at-3.25.14-PM-2-1024x683.jpeg 1024w, https:\/\/diariodominicano.com\/wp-content\/uploads\/2023\/11\/WhatsApp-Image-2023-11-24-at-3.25.14-PM-2-300x200.jpeg 300w, https:\/\/diariodominicano.com\/wp-content\/uploads\/2023\/11\/WhatsApp-Image-2023-11-24-at-3.25.14-PM-2-768x512.jpeg 768w, https:\/\/diariodominicano.com\/wp-content\/uploads\/2023\/11\/WhatsApp-Image-2023-11-24-at-3.25.14-PM-2-1536x1024.jpeg 1536w, https:\/\/diariodominicano.com\/wp-content\/uploads\/2023\/11\/WhatsApp-Image-2023-11-24-at-3.25.14-PM-2-816x544.jpeg 816w, https:\/\/diariodominicano.com\/wp-content\/uploads\/2023\/11\/WhatsApp-Image-2023-11-24-at-3.25.14-PM-2.jpeg 1600w\" sizes=\"auto, (max-width: 1024px) 100vw, 1024px\" \/><\/figure>\n\n\n\n<p><br>Durante su visita, se realizaron levantamientos para evaluar de manera precisa las necesidades de la comunidad, garantizando as\u00ed una recuperaci\u00f3n \u00e1gil y directa para las familias afectadas.<br>La alcaldesa convers\u00f3 con los residentes sobre los da\u00f1os ocasionados en la zona por el fen\u00f3meno atmosf\u00e9rico y abord\u00f3 las acciones concretas que, por mandato del presidente Luis Abinader y en colaboraci\u00f3n con las instituciones correspondientes, se est\u00e1n implementando para llevar de forma inmediata las ayudas necesarias a los lugares m\u00e1s afectados.<\/p>\n\n\n\n<figure class=\"wp-block-image size-large\"><img loading=\"lazy\" decoding=\"async\" width=\"683\" height=\"1024\" src=\"https:\/\/diariodominicano.com\/wp-content\/uploads\/2023\/11\/WhatsApp-Image-2023-11-24-at-3.25.14-PM-3-683x1024.jpeg\" alt=\"\" class=\"wp-image-491528\" srcset=\"https:\/\/diariodominicano.com\/wp-content\/uploads\/2023\/11\/WhatsApp-Image-2023-11-24-at-3.25.14-PM-3-683x1024.jpeg 683w, https:\/\/diariodominicano.com\/wp-content\/uploads\/2023\/11\/WhatsApp-Image-2023-11-24-at-3.25.14-PM-3-200x300.jpeg 200w, https:\/\/diariodominicano.com\/wp-content\/uploads\/2023\/11\/WhatsApp-Image-2023-11-24-at-3.25.14-PM-3-768x1152.jpeg 768w, https:\/\/diariodominicano.com\/wp-content\/uploads\/2023\/11\/WhatsApp-Image-2023-11-24-at-3.25.14-PM-3-1024x1536.jpeg 1024w, https:\/\/diariodominicano.com\/wp-content\/uploads\/2023\/11\/WhatsApp-Image-2023-11-24-at-3.25.14-PM-3-816x1224.jpeg 816w, https:\/\/diariodominicano.com\/wp-content\/uploads\/2023\/11\/WhatsApp-Image-2023-11-24-at-3.25.14-PM-3.jpeg 1067w\" sizes=\"auto, (max-width: 683px) 100vw, 683px\" \/><\/figure>\n\n\n\n<figure class=\"wp-block-image size-large\"><img loading=\"lazy\" decoding=\"async\" width=\"683\" height=\"1024\" src=\"https:\/\/diariodominicano.com\/wp-content\/uploads\/2023\/11\/WhatsApp-Image-2023-11-24-at-3.25.14-PM-4-683x1024.jpeg\" alt=\"\" class=\"wp-image-491530\" srcset=\"https:\/\/diariodominicano.com\/wp-content\/uploads\/2023\/11\/WhatsApp-Image-2023-11-24-at-3.25.14-PM-4-683x1024.jpeg 683w, https:\/\/diariodominicano.com\/wp-content\/uploads\/2023\/11\/WhatsApp-Image-2023-11-24-at-3.25.14-PM-4-200x300.jpeg 200w, https:\/\/diariodominicano.com\/wp-content\/uploads\/2023\/11\/WhatsApp-Image-2023-11-24-at-3.25.14-PM-4-768x1152.jpeg 768w, https:\/\/diariodominicano.com\/wp-content\/uploads\/2023\/11\/WhatsApp-Image-2023-11-24-at-3.25.14-PM-4-1024x1536.jpeg 1024w, https:\/\/diariodominicano.com\/wp-content\/uploads\/2023\/11\/WhatsApp-Image-2023-11-24-at-3.25.14-PM-4-816x1224.jpeg 816w, https:\/\/diariodominicano.com\/wp-content\/uploads\/2023\/11\/WhatsApp-Image-2023-11-24-at-3.25.14-PM-4.jpeg 1067w\" sizes=\"auto, (max-width: 683px) 100vw, 683px\" \/><\/figure>\n\n\n\n<p><br>\u00abLo que buscamos es garantizar que las familias afectadas reciban la ayuda que necesitan de manera pronta y efectiva\u00bb, expres\u00f3 Mej\u00eda.<br>Carolina Mej\u00eda reiter\u00f3 que se \u00a0llevar\u00e1 apoyo continuo a las familias afectadas y destac\u00f3 la importancia de trabajar de la mano con la comunidad para que la ciudad se recupere a la mayor brevedad posible.<br>La asistencia proporcionada incluye suministros esenciales como alimentos crudos, cocidos y colchones.<\/p>\n\n\n\n<p><strong>Direcci\u00f3n de Comunicaciones ADN<\/strong>&nbsp;<\/p>\n\n\n\n<p><strong>Viernes 24 de noviembre 2023&nbsp;<\/strong>&nbsp;<br>&#8230;<\/p>\n","protected":false},"excerpt":{"rendered":"<p>Santo Domingo, DN &#8211; En el seguimiento a la respuesta inmediata a las comunidades afectadas por el disturbio tropical del pasado fin de semana, la alcaldesa del Distrito Nacional, Carolina Mej\u00eda, se desplaz\u00f3 la ma\u00f1ana de este viernes a Los Platanitos para continuar llevando asistencia y art\u00edculos de primera necesidad a las zonas afectadas. Durante [&hellip;]<\/p>\n","protected":false},"author":28,"featured_media":491523,"comment_status":"closed","ping_status":"","sticky":false,"template":"","format":"standard","meta":{"footnotes":""},"categories":[20,22],"tags":[],"class_list":["post-491522","post","type-post","status-publish","format-standard","has-post-thumbnail","hentry","category-dominicana-hoy","category-politica"],"_links":{"self":[{"href":"https:\/\/diariodominicano.com\/index.php?rest_route=\/wp\/v2\/posts\/491522","targetHints":{"allow":["GET"]}}],"collection":[{"href":"https:\/\/diariodominicano.com\/index.php?rest_route=\/wp\/v2\/posts"}],"about":[{"href":"https:\/\/diariodominicano.com\/index.php?rest_route=\/wp\/v2\/types\/post"}],"author":[{"embeddable":true,"href":"https:\/\/diariodominicano.com\/index.php?rest_route=\/wp\/v2\/users\/28"}],"replies":[{"embeddable":true,"href":"https:\/\/diariodominicano.com\/index.php?rest_route=%2Fwp%2Fv2%2Fcomments&post=491522"}],"version-history":[{"count":5,"href":"https:\/\/diariodominicano.com\/index.php?rest_route=\/wp\/v2\/posts\/491522\/revisions"}],"predecessor-version":[{"id":491531,"href":"https:\/\/diariodominicano.com\/index.php?rest_route=\/wp\/v2\/posts\/491522\/revisions\/491531"}],"wp:featuredmedia":[{"embeddable":true,"href":"https:\/\/diariodominicano.com\/index.php?rest_route=\/wp\/v2\/media\/491523"}],"wp:attachment":[{"href":"https:\/\/diariodominicano.com\/index.php?rest_route=%2Fwp%2Fv2%2Fmedia&parent=491522"}],"wp:term":[{"taxonomy":"category","embeddable":true,"href":"https:\/\/diariodominicano.com\/index.php?rest_route=%2Fwp%2Fv2%2Fcategories&post=491522"},{"taxonomy":"post_tag","embeddable":true,"href":"https:\/\/diariodominicano.com\/index.php?rest_route=%2Fwp%2Fv2%2Ftags&post=491522"}],"curies":[{"name":"wp","href":"https:\/\/api.w.org\/{rel}","templated":true}]}}