{"id":491513,"date":"2023-11-26T00:31:12","date_gmt":"2023-11-26T04:31:12","guid":{"rendered":"https:\/\/diariodominicano.com\/?p=491513"},"modified":"2023-11-26T00:32:07","modified_gmt":"2023-11-26T04:32:07","slug":"trajano-potentini-opina-sobre-el-articulo-20-de-la-constitucion-y-el-aporte-de-los-dominicanos-en-el-exterior","status":"publish","type":"post","link":"https:\/\/diariodominicano.com\/?p=491513","title":{"rendered":"Trajano Potentini: opina sobre el Art\u00edculo 20 de la Constituci\u00f3n y el aporte de los dominicanos en el exterior"},"content":{"rendered":"\n<p> Dr. Trajano Potentini <\/p>\n\n\n\n<p>El Dr. Trajano Potentini, presidente de la Fundaci\u00f3n Justicia y Democracia y candidato a la presidencia del Colegio de Abogados de la Rep\u00fablica Dominicana, aprovech\u00f3 su participaci\u00f3n en el VI Congreso de la Asociaci\u00f3n Mundial de Justicia Constitucional para expresar su opini\u00f3n sobre el Art\u00edculo 20 de la Constituci\u00f3n, el cual, para muchos, discrimina a los dominicanos con doble nacionalidad que aspiran a la presidencia del pa\u00eds.\u00a0<\/p>\n\n\n\n<p><br>\u00a0Al respecto, Trajano expres\u00f3: \u00abEstamos aqu\u00ed analizando este tema ya que la constituci\u00f3n debe verse en un sistema arm\u00f3nico y sist\u00e9mico. Est\u00e1 precedida por principios y valores del principio democr\u00e1tico, social, y de la institucionalidad legal. En este caso, se deben analizar los intereses que podr\u00edan estar en conflicto. Estamos hablando del derecho de elegir y ser elegido, de la garant\u00eda interpretativa prevista en el art\u00edculo 74 sobre derechos fundamentales, de la igualdad y de la no discriminaci\u00f3n. Creo que son muchos los temas en juego que deben considerarse para formar un criterio acabado\u00bb. \u00a0<\/p>\n\n\n\n<p>Como representante en el pa\u00eds de la Asociaci\u00f3n Mundial de Justicia Constitucional, Potentini tambi\u00e9n a\u00f1adi\u00f3: \u00abDebemos entender que hoy en d\u00eda tenemos una di\u00e1spora representada por diputados en el exterior. Esta di\u00e1spora desempe\u00f1a un papel crucial, ya que recibimos alrededor de 20 mil millones de d\u00f3lares en remesas y productos enviados al pa\u00eds. Debemos considerar lo que establece el derecho internacional sobre este tema\u00bb. \u00a0<\/p>\n\n\n\n<p><br>Recientemente, una sentencia del Tribunal Constitucional (TC) ratific\u00f3 la Ley n\u00fam. 5880, la cual proh\u00edbe \u00aba toda persona el elogio o exaltaci\u00f3n de los Trujillo o su r\u00e9gimen tir\u00e1nico, de manera oral, a trav\u00e9s de gritos, discursos, escritos p\u00fablicos o cartas\u00bb. Sobre esto, Trajano Potentini opina que en la actualidad no se justifica prohibir a nadie expresar su opini\u00f3n dentro de la libertad de expresi\u00f3n. \u00c9l cree que estar de acuerdo o no con un r\u00e9gimen es un asunto personal, parte del neoconstitucionalismo y es esencial preservar la libertad de expresi\u00f3n como un derecho fundamental en la democracia. \u00a0<\/p>\n\n\n\n<p><br>En cuanto a la celebraci\u00f3n del VI Congreso de la Asociaci\u00f3n Mundial de Justicia Constitucional en el pa\u00eds, Trajano Potentini, director de este congreso, afirma que nuestro pa\u00eds se convierte en la capital del constitucionalismo gracias a este evento.\u00bb<\/p>\n\n\n\n<p><br><a rel=\"noreferrer noopener\" href=\"https:\/\/youtu.be\/B3tXdN4MBCI?si=qh6ZBcA1N-bPIzuM\" target=\"_blank\">https:\/\/youtu.be\/B3tXdN4MBCI?si=qh6ZBcA1N-bPIzuM<\/a><\/p>\n","protected":false},"excerpt":{"rendered":"<p>Dr. Trajano Potentini El Dr. Trajano Potentini, presidente de la Fundaci\u00f3n Justicia y Democracia y candidato a la presidencia del Colegio de Abogados de la Rep\u00fablica Dominicana, aprovech\u00f3 su participaci\u00f3n en el VI Congreso de la Asociaci\u00f3n Mundial de Justicia Constitucional para expresar su opini\u00f3n sobre el Art\u00edculo 20 de la Constituci\u00f3n, el cual, para [&hellip;]<\/p>\n","protected":false},"author":28,"featured_media":491514,"comment_status":"closed","ping_status":"","sticky":false,"template":"","format":"standard","meta":{"footnotes":""},"categories":[36,22],"tags":[],"class_list":["post-491513","post","type-post","status-publish","format-standard","has-post-thumbnail","hentry","category-hombresmujeresycosas","category-politica"],"_links":{"self":[{"href":"https:\/\/diariodominicano.com\/index.php?rest_route=\/wp\/v2\/posts\/491513","targetHints":{"allow":["GET"]}}],"collection":[{"href":"https:\/\/diariodominicano.com\/index.php?rest_route=\/wp\/v2\/posts"}],"about":[{"href":"https:\/\/diariodominicano.com\/index.php?rest_route=\/wp\/v2\/types\/post"}],"author":[{"embeddable":true,"href":"https:\/\/diariodominicano.com\/index.php?rest_route=\/wp\/v2\/users\/28"}],"replies":[{"embeddable":true,"href":"https:\/\/diariodominicano.com\/index.php?rest_route=%2Fwp%2Fv2%2Fcomments&post=491513"}],"version-history":[{"count":2,"href":"https:\/\/diariodominicano.com\/index.php?rest_route=\/wp\/v2\/posts\/491513\/revisions"}],"predecessor-version":[{"id":491516,"href":"https:\/\/diariodominicano.com\/index.php?rest_route=\/wp\/v2\/posts\/491513\/revisions\/491516"}],"wp:featuredmedia":[{"embeddable":true,"href":"https:\/\/diariodominicano.com\/index.php?rest_route=\/wp\/v2\/media\/491514"}],"wp:attachment":[{"href":"https:\/\/diariodominicano.com\/index.php?rest_route=%2Fwp%2Fv2%2Fmedia&parent=491513"}],"wp:term":[{"taxonomy":"category","embeddable":true,"href":"https:\/\/diariodominicano.com\/index.php?rest_route=%2Fwp%2Fv2%2Fcategories&post=491513"},{"taxonomy":"post_tag","embeddable":true,"href":"https:\/\/diariodominicano.com\/index.php?rest_route=%2Fwp%2Fv2%2Ftags&post=491513"}],"curies":[{"name":"wp","href":"https:\/\/api.w.org\/{rel}","templated":true}]}}