{"id":491366,"date":"2023-11-25T01:13:35","date_gmt":"2023-11-25T05:13:35","guid":{"rendered":"https:\/\/diariodominicano.com\/?p=491366"},"modified":"2023-11-25T01:13:35","modified_gmt":"2023-11-25T05:13:35","slug":"mexico-rinde-homenaje-a-fidel-castro-en-su-7-aniversario-luctuoso","status":"publish","type":"post","link":"https:\/\/diariodominicano.com\/?p=491366","title":{"rendered":"M\u00e9xico rinde homenaje a Fidel Castro en su 7\u00b0 aniversario luctuoso"},"content":{"rendered":"\n<p>Ciudad de M\u00e9xico, 24 nov (Prensa Latina) M\u00e9xico rindi\u00f3 hoy emotivo y sentido homenaje al l\u00edder invicto de la Revoluci\u00f3n cubana, Comandante en Jefe Fidel Castro, en su 7\u00b0 aniversario luctuoso.&nbsp;&nbsp;&nbsp;&nbsp;<\/p>\n\n\n\n<ul class=\"wp-block-list\"><li>noviembre 24, 2023<\/li><li>CST23:08 (GMT) -0500<\/li><\/ul>\n\n\n\n<p>En la Embajada de Cuba en Ciudad de M\u00e9xico, se dieron cita cerca de 300 mexicanos y cubanos para conmemorar su desaparici\u00f3n f\u00edsica, y ratificar que su pensamiento revolucionario y su obra social y pol\u00edtica creadora, son inmortales.<\/p>\n\n\n\n<p>Fidel Castro falleci\u00f3 el 25 de noviembre de 2016, y hasta los \u00faltimos d\u00edas de su vida se mantuvo activo escribiendo y dej\u00f3 para la posteridad sus profundas reflexiones sobre los m\u00e1s dis\u00edmiles temas de actualidad cuya vigencia son perdurables.<\/p>\n\n\n\n<p>El embajador de Cuba en M\u00e9xico, Marcos Rodr\u00edguez, destac\u00f3 entre los rasgos distintivos del Comandante en Jefe su visi\u00f3n futurista, no como premoniciones, sino resultado de un profundo conocimiento de las leyes de la historia, la naturaleza y la sociedad.<\/p>\n\n\n\n<p>Explic\u00f3 su asombroso poder de captaci\u00f3n de los procesos sociales por complejos que fueran que le permitieron, por ejemplo, adelantarse a los acontecimientos como en el caso de la desintegraci\u00f3n de la Uni\u00f3n Sovi\u00e9tica y sus consecuencias negativas para los pueblos que la compon\u00edan.<\/p>\n\n\n\n<p>Fue, dijo, el estadista que enfrent\u00f3 con \u00e9xito todas las presiones y ataques a la Cuba revolucionaria que nunca han cesado, y el combatiente invicto que gan\u00f3 todas sus batallas a fuerza de inteligencia y de voluntad, y recogi\u00f3 en el pueblo de Mart\u00ed el amor que supo sembrar.<\/p>\n\n\n\n<p>En el homenaje estuvieron presentes personalidades como la senadora Gloria S\u00e1nchez que un d\u00eda antes present\u00f3 en la C\u00e1mara Alta mexicana un alegato muy emotivo del Comandante en Jefe a quien destac\u00f3 como una de los m\u00e1s reconocidos l\u00edderes mundiales del siglo XX,<\/p>\n\n\n\n<p>Ante el pleno del Senado record\u00f3 su estancia en M\u00e9xico y su partida en el yate Granma desde Tuxpan, hace 67 a\u00f1os, para iniciar en la Sierra Maestra la guerra necesaria.<\/p>\n\n\n\n<p>En el homenaje, donde cantautores cubanos le dedicaron sus composiciones, fueron proyectados documentales de momentos hist\u00f3ricos de la Revoluci\u00f3n desde su triunfo el 1 de enero de 1959 hasta su fallecimiento, y otros que relatan la odisea para conseguir el yate en el que se embarcaron los expedicionarios.<\/p>\n\n\n\n<p>Ma\u00f1ana, d\u00eda oficial de su aniversario luctuoso, organizaciones de solidaridad y amistad con Cuba, partidos amigos y sindicatos, realizar\u00e1n actividades de conmemoraci\u00f3n de una de las fechas m\u00e1s sentidas y dolorosas del pueblo cubano.<\/p>\n\n\n\n<p>oda\/lma<\/p>\n","protected":false},"excerpt":{"rendered":"<p>Ciudad de M\u00e9xico, 24 nov (Prensa Latina) M\u00e9xico rindi\u00f3 hoy emotivo y sentido homenaje al l\u00edder invicto de la Revoluci\u00f3n cubana, Comandante en Jefe Fidel Castro, en su 7\u00b0 aniversario luctuoso.&nbsp;&nbsp;&nbsp;&nbsp; noviembre 24, 2023 CST23:08 (GMT) -0500 En la Embajada de Cuba en Ciudad de M\u00e9xico, se dieron cita cerca de 300 mexicanos y cubanos [&hellip;]<\/p>\n","protected":false},"author":28,"featured_media":282277,"comment_status":"closed","ping_status":"","sticky":false,"template":"","format":"standard","meta":{"footnotes":""},"categories":[26,23],"tags":[],"class_list":["post-491366","post","type-post","status-publish","format-standard","has-post-thumbnail","hentry","category-efemerides","category-internacional"],"_links":{"self":[{"href":"https:\/\/diariodominicano.com\/index.php?rest_route=\/wp\/v2\/posts\/491366","targetHints":{"allow":["GET"]}}],"collection":[{"href":"https:\/\/diariodominicano.com\/index.php?rest_route=\/wp\/v2\/posts"}],"about":[{"href":"https:\/\/diariodominicano.com\/index.php?rest_route=\/wp\/v2\/types\/post"}],"author":[{"embeddable":true,"href":"https:\/\/diariodominicano.com\/index.php?rest_route=\/wp\/v2\/users\/28"}],"replies":[{"embeddable":true,"href":"https:\/\/diariodominicano.com\/index.php?rest_route=%2Fwp%2Fv2%2Fcomments&post=491366"}],"version-history":[{"count":1,"href":"https:\/\/diariodominicano.com\/index.php?rest_route=\/wp\/v2\/posts\/491366\/revisions"}],"predecessor-version":[{"id":491367,"href":"https:\/\/diariodominicano.com\/index.php?rest_route=\/wp\/v2\/posts\/491366\/revisions\/491367"}],"wp:featuredmedia":[{"embeddable":true,"href":"https:\/\/diariodominicano.com\/index.php?rest_route=\/wp\/v2\/media\/282277"}],"wp:attachment":[{"href":"https:\/\/diariodominicano.com\/index.php?rest_route=%2Fwp%2Fv2%2Fmedia&parent=491366"}],"wp:term":[{"taxonomy":"category","embeddable":true,"href":"https:\/\/diariodominicano.com\/index.php?rest_route=%2Fwp%2Fv2%2Fcategories&post=491366"},{"taxonomy":"post_tag","embeddable":true,"href":"https:\/\/diariodominicano.com\/index.php?rest_route=%2Fwp%2Fv2%2Ftags&post=491366"}],"curies":[{"name":"wp","href":"https:\/\/api.w.org\/{rel}","templated":true}]}}