{"id":491326,"date":"2023-11-25T00:15:09","date_gmt":"2023-11-25T04:15:09","guid":{"rendered":"https:\/\/diariodominicano.com\/?p=491326"},"modified":"2023-11-25T00:16:20","modified_gmt":"2023-11-25T04:16:20","slug":"otoniel-bonilla-llama-a-los-miembros-de-fp-a-traducir-en-votos-las-simpatias-expresadas-a-favor-de-leonel-fernandez","status":"publish","type":"post","link":"https:\/\/diariodominicano.com\/?p=491326","title":{"rendered":"Otoniel Bonilla llama a los miembros de FP a traducir en votos las simpat\u00edas expresadas a favor de Leonel Fern\u00e1ndez"},"content":{"rendered":"\n<p>El Vicesecretario Electoral de la Fuerza del Pueblo (FP) Otoniel Bonilla llam\u00f3 a los miembros del partido a traducir en votos las simpat\u00edas expresadas a favor de Leonel Fern\u00e1ndez, los candidatos de la organizaci\u00f3n y los de los aliados.<\/p>\n\n\n\n<p><\/p>\n\n\n\n<p>El llamado de Bonilla se produjo al intervenir en un taller de Formaci\u00f3n Pol\u00edtica&nbsp; organizado por la Circunscripci\u00f3n Uno de la Fuerza del Pueblo en Santo Domingo Este.<\/p>\n\n\n\n<p>El taller fue dirigido a los instructores que tendr\u00e1n a su cargo la escogencia de los Delegados y Suplentes que trabajar\u00e1n en los Recintos Electorales.<\/p>\n\n\n\n<p>&nbsp;Al dirigirse a los asistentes, Bonilla precis\u00f3 que la tarea fundamental de los miembros del partido es defender el voto de los dominicanos que conf\u00edan en las acciones y propuestas de Leonel Fern\u00e1ndez, as\u00ed como de los dem\u00e1s candidatos postulados por el partido y los aliados respaldados&nbsp; por la FP.<\/p>\n\n\n\n<p>Por eso\u2014puntualiz\u00f3 &#8212; el partido debe de seleccionar un personal con&nbsp; el perfil adecuado para trabajar y hacer el papel encomendado en los Recintos Electorales.<\/p>\n\n\n\n<p>Adem\u00e1s de Otoniel Bonilla,&nbsp; en&nbsp;&nbsp;&nbsp;&nbsp;&nbsp;&nbsp; la concurrida&nbsp; actividad estaba presente Jes\u00fas F\u00e9lix, Encargado Electoral de la Fuerza del Pueblo en Santo Domingo Este.<\/p>\n\n\n\n<p>&nbsp;&nbsp;&nbsp;&nbsp;&nbsp;&nbsp;&nbsp;&nbsp;&nbsp; Tambi\u00e9n Manuel Payano, Encargado de la Direcci\u00f3n Electoral en la Circunscripci\u00f3n Uno , Ram\u00f3n Ram\u00edrez, Encargado de Formaci\u00f3n Pol\u00edtica en&nbsp; la&nbsp; demarcaci\u00f3n , el Regidor Luis Flores, e Ignacio P\u00e9rez de la Comisi\u00f3n Ejecutiva del partido en la Circunscripci\u00f3n Uno .<\/p>\n\n\n\n<p>&nbsp;En su exposici\u00f3n, Otoniel Bonilla puso \u00e9nfasis en se\u00f1alar que la verdadera batalla se libra en las mesa de votaci\u00f3n, por lo que el partido&nbsp; requiere contar con representantes id\u00f3neos, bien preparados, entrenados para defender el voto de los candidatos de la FP y aliados.<\/p>\n\n\n\n<p>&nbsp;Subray\u00f3 que&nbsp; \u201c para llegar a la cima, a la victoria, tenemos que transitar un trayecto, tenemos tareas y obligaciones necesarias que conduzcan al objetivo&nbsp; \u2019\u2019<\/p>\n\n\n\n<p>&nbsp;Y destac\u00f3 que consciente de esa meta, la tarea de formaci\u00f3n de los equipos para el cuerpo de delegados en los centros electorales debe hacerse sin tregua.<\/p>\n\n\n\n<p>Otoniel Bonilla expreso que consciente de esa realidad , la Fuerza del Pueblo ha programado, ha coordinado la implementaci\u00f3n de una serie de medidas que necesariamente nos deber\u00e1n llevar a realizar el mejor trabajo en las mesas electorales, lograr la victoria y alcanzar el objetivo de atender a los justos reclamos de la poblaci\u00f3n de llevar al poder a Leonel Fern\u00e1ndez para enrumbar\u00a0 el pa\u00eds\u00a0 por el sendero del desarrollo, del progreso.<\/p>\n\n\n\n<p>jose antonio vargas gerrero<a target=\"_blank\" href=\"mailto:jvargas6481@gmail.com\" rel=\"noreferrer noopener\">jvargas6481@gmail.com<\/a><\/p>\n","protected":false},"excerpt":{"rendered":"<p>El Vicesecretario Electoral de la Fuerza del Pueblo (FP) Otoniel Bonilla llam\u00f3 a los miembros del partido a traducir en votos las simpat\u00edas expresadas a favor de Leonel Fern\u00e1ndez, los candidatos de la organizaci\u00f3n y los de los aliados. El llamado de Bonilla se produjo al intervenir en un taller de Formaci\u00f3n Pol\u00edtica&nbsp; organizado por [&hellip;]<\/p>\n","protected":false},"author":28,"featured_media":491327,"comment_status":"closed","ping_status":"","sticky":false,"template":"","format":"standard","meta":{"footnotes":""},"categories":[22],"tags":[],"class_list":["post-491326","post","type-post","status-publish","format-standard","has-post-thumbnail","hentry","category-politica"],"_links":{"self":[{"href":"https:\/\/diariodominicano.com\/index.php?rest_route=\/wp\/v2\/posts\/491326","targetHints":{"allow":["GET"]}}],"collection":[{"href":"https:\/\/diariodominicano.com\/index.php?rest_route=\/wp\/v2\/posts"}],"about":[{"href":"https:\/\/diariodominicano.com\/index.php?rest_route=\/wp\/v2\/types\/post"}],"author":[{"embeddable":true,"href":"https:\/\/diariodominicano.com\/index.php?rest_route=\/wp\/v2\/users\/28"}],"replies":[{"embeddable":true,"href":"https:\/\/diariodominicano.com\/index.php?rest_route=%2Fwp%2Fv2%2Fcomments&post=491326"}],"version-history":[{"count":3,"href":"https:\/\/diariodominicano.com\/index.php?rest_route=\/wp\/v2\/posts\/491326\/revisions"}],"predecessor-version":[{"id":491330,"href":"https:\/\/diariodominicano.com\/index.php?rest_route=\/wp\/v2\/posts\/491326\/revisions\/491330"}],"wp:featuredmedia":[{"embeddable":true,"href":"https:\/\/diariodominicano.com\/index.php?rest_route=\/wp\/v2\/media\/491327"}],"wp:attachment":[{"href":"https:\/\/diariodominicano.com\/index.php?rest_route=%2Fwp%2Fv2%2Fmedia&parent=491326"}],"wp:term":[{"taxonomy":"category","embeddable":true,"href":"https:\/\/diariodominicano.com\/index.php?rest_route=%2Fwp%2Fv2%2Fcategories&post=491326"},{"taxonomy":"post_tag","embeddable":true,"href":"https:\/\/diariodominicano.com\/index.php?rest_route=%2Fwp%2Fv2%2Ftags&post=491326"}],"curies":[{"name":"wp","href":"https:\/\/api.w.org\/{rel}","templated":true}]}}