{"id":49129,"date":"2020-09-29T02:38:43","date_gmt":"2020-09-29T02:38:43","guid":{"rendered":"http:\/\/diariodominicano.ddns.net\/?p=49129"},"modified":"2020-09-29T02:38:43","modified_gmt":"2020-09-29T02:38:43","slug":"nace-antonio-del-monte-y-tejada","status":"publish","type":"post","link":"https:\/\/diariodominicano.com\/?p=49129","title":{"rendered":"Nace Antonio del Monte  y Tejada"},"content":{"rendered":"<p><body><\/p>\n<p><img decoding=\"async\" src=\"img3\/Antonio del Monte y Tejada.jpg\" \/>  <\/p>\n<p><strong>Diariodominicano.com<\/strong><\/p>\n<p><strong>Nace en Santiago Antonio del Monte  y Tejada<\/strong><\/p>\n<p><strong>En el a\u00f1o 1800 obtuvo el t\u00edtulo de bachiller  y  estudi\u00f3 leyes en la Universidad Santo Tom\u00e1s de Aquino. Es considerado como uno de los principales prosistas de lengua  castellana.<\/strong><\/p>\n<p><strong> <\/strong><\/p>\n<p><strong>Por H\u00e9ctor Tineo Nolasco<\/strong><\/p>\n<p><strong>Diariodominicano.com<\/strong><\/p>\n<\/p>\n<p><strong>SANTIAGO DE LOS CABALLEROS, el  29 de septiembre de  1783,<\/strong>  naci\u00f3 en Santiago de los Caballeros, Antonio del Monte  y Tejada, quien se distingui\u00f3 como historiador.<\/p>\n<\/p>\n<p>    En el a\u00f1o 1800 obtuvo el t\u00edtulo de bachiller  y  estudi\u00f3 leyes en la Universidad Santo Tom\u00e1s de Aquino. Es considerado como uno de los principales prosistas de lengua  castellana.<\/p>\n<\/p>\n<p>    En el a\u00f1o 1952, su obra: \u00abHistoria de Santo Domingo\u00bb,  fue calificada como la mejor historia colonial escrita en esa \u00e9poca.<\/p>\n<\/p>\n<p>    Antonio Del Monte y Tejada  fue miembro de la Fuerza  de Voluntarios que se opuso en  Nag\u00e1 a las tropas de Toussaint  L&#8217; Ouverture.  En el a\u00f1o 1804, al producirse la invasi\u00f3n de Jaques Dessalines, abandon\u00f3 el Santo Domingo espa\u00f1ol y se radic\u00f3 con su familia en Cuba.<\/p>\n<\/p>\n<p>    En Camag\u00fcey, Cuba se gradu\u00f3 de  abogado y ejerci\u00f3 su profesi\u00f3n en Santiago de Cuba. En 1811 viaj\u00f3  a la ciudad de la Habana donde descoll\u00f3 como profesional del derecho.<\/p>\n<\/p>\n<p>   En el a\u00f1o 1816, se retir\u00f3 a su estancia de Guines, donde escribi\u00f3 la que ser\u00eda su obra cumbre: \u00abLa Historia de  Santo Domingo\u00bb.  En el a\u00f1o 1826 al retornar a la Habana, fue designado alcalde ordinario y decano del cuerpo de abogados.<\/p>\n<\/p>\n<p>    Public\u00f3 la primera edici\u00f3n de la \u00abHistoria de Santo Domingo\u00bb en el  a\u00f1o 1852, en el Establecimiento  Tipogr\u00e1fico de Soler, en la Habana.  <\/p>\n<\/p>\n<p>   En el pr\u00f3logo Antonio Del Monte y Tejada expresa el criterio de que la historia no dejar\u00e1 nunca de ser una tediosa novela, \u00absino cuando se ocupe antes que todo del bienestar y progreso de los hombres&#8230;\u00bb.<\/p>\n<\/p>\n<p>    La primera edici\u00f3n completa  de la \u00abHistoria de Santo Domingo\u00bb, fue publicada de 1890 a 1892,  por  la sociedad literaria  \u00abAmigos del Pa\u00eds\u00bb.  La tercera edici\u00f3n en tres tomos, fue publicada en el a\u00f1o 1952, por disposici\u00f3n del dictador Rafael Le\u00f3nidas Trujillo Molina.<\/p>\n<\/p>\n<p>     La edici\u00f3n no incluye el cuarto tomo en el que Del Monte y Tejada, incluye un conjunto de documentos ajenos a la historia.<\/p>\n<\/p>\n<p>    En opini\u00f3n del doctor Joaqu\u00edn Balaguer: \u00abDel Monte y  Tejada es uno de los grandes escritores dominicanos. Como historiador le cupo la gloria de escribir la primera historia  de la parte espa\u00f1ola de la isla de Santo Domingo, empresa extraordinaria en  aquella \u00e9poca por la falta de fuentes  de f\u00e1cil  acceso para las investigaciones  y por las dificultades de todo g\u00e9nero para proveerse de informaci\u00f3n apropiada.<\/p>\n<\/p>\n<p>   \u00abLos peque\u00f1os errores y las lagunas que contiene su libro, sobre todo en la parte correspondiente al siglo XVII y comienzos del XVIII, no disminuyen en lo m\u00e1s m\u00ednimo  el valor de esa obra que por su magnitud y por las condiciones  en que fue escrita, se puede graduar, sin exageraci\u00f3n, de portentosa. Aparte del m\u00e9rito poco com\u00fan que supone la realizaci\u00f3n de ese esfuerzo para construir, con materiales recogidos  en fuentes casi inaccesibles, la historia dominicana, la obra de Del Monte y Tejada  tiene la ventaja de ser un monumento de dicci\u00f3n y de estilo, no superado en ese aspecto por ning\u00fan libro de autor hispanoamericano\u00bb.<\/p>\n<\/p>\n<p>     Antonio Del Monte y Tejada  muri\u00f3 en la Habana,  Cuba, el 19 de noviembre de 1861.<\/p>\n<\/p>\n<\/p>\n<\/p>\n<h6> 2020-09-29 02:38:43 <\/h6>\n<p><!--\n<link rel=\"stylesheet\" href=\"css\/bootstrap.min.css\">\n\n\n<ul class=\"pagination\">\n\t    \n\t\n\n<li >\n\t<a href='?page_no=179'>Previous<\/a>\n\t<\/li>\n\n\n       \n    \n\n<li><a href='?page_no=1'>1<\/a><\/li>\n\n\n\n<li><a href='?page_no=2'>2<\/a><\/li>\n\n\n\n<li><a>...<\/a><\/li>\n\n\n\n<li><a href='?page_no=178'>178<\/a><\/li>\n\n\n\n<li><a href='?page_no=179'>179<\/a><\/li>\n\n\n\n<li class='active'><a>180<\/a><\/li>\n\n\n\n<li><a href='?page_no=181'>181<\/a><\/li>\n\n\n\n<li><a href='?page_no=182'>182<\/a><\/li>\n\n\n\n<li><a>...<\/a><\/li>\n\n\n\n<li><a href='?page_no=22911'>22911<\/a><\/li>\n\n\n\n<li><a href='?page_no=22912'>22912<\/a><\/li>\n\n    \n\t\n\n<li >\n\t<a href='?page_no=181'>Next<\/a>\n\t<\/li>\n\n\n    \n\n<li><a href='?page_no=22912'>Last &rsaquo;&rsaquo;<\/a><\/li>\n\n<\/ul>\n\n\n--><br \/>\n<\/body><\/p>\n","protected":false},"excerpt":{"rendered":"<p>Diariodominicano.com Nace en Santiago Antonio del Monte y Tejada En el a\u00f1o 1800 obtuvo el t\u00edtulo de bachiller y estudi\u00f3 leyes en la Universidad Santo Tom\u00e1s de Aquino. Es considerado como uno de los principales prosistas de lengua castellana. Por H\u00e9ctor Tineo Nolasco Diariodominicano.com SANTIAGO DE LOS CABALLEROS, el 29 de septiembre de 1783, naci\u00f3 [&hellip;]<\/p>\n","protected":false},"author":3,"featured_media":0,"comment_status":"open","ping_status":"open","sticky":false,"template":"","format":"standard","meta":{"footnotes":""},"categories":[21],"tags":[],"class_list":["post-49129","post","type-post","status-publish","format-standard","hentry","category-cultura"],"_links":{"self":[{"href":"https:\/\/diariodominicano.com\/index.php?rest_route=\/wp\/v2\/posts\/49129","targetHints":{"allow":["GET"]}}],"collection":[{"href":"https:\/\/diariodominicano.com\/index.php?rest_route=\/wp\/v2\/posts"}],"about":[{"href":"https:\/\/diariodominicano.com\/index.php?rest_route=\/wp\/v2\/types\/post"}],"author":[{"embeddable":true,"href":"https:\/\/diariodominicano.com\/index.php?rest_route=\/wp\/v2\/users\/3"}],"replies":[{"embeddable":true,"href":"https:\/\/diariodominicano.com\/index.php?rest_route=%2Fwp%2Fv2%2Fcomments&post=49129"}],"version-history":[{"count":0,"href":"https:\/\/diariodominicano.com\/index.php?rest_route=\/wp\/v2\/posts\/49129\/revisions"}],"wp:attachment":[{"href":"https:\/\/diariodominicano.com\/index.php?rest_route=%2Fwp%2Fv2%2Fmedia&parent=49129"}],"wp:term":[{"taxonomy":"category","embeddable":true,"href":"https:\/\/diariodominicano.com\/index.php?rest_route=%2Fwp%2Fv2%2Fcategories&post=49129"},{"taxonomy":"post_tag","embeddable":true,"href":"https:\/\/diariodominicano.com\/index.php?rest_route=%2Fwp%2Fv2%2Ftags&post=49129"}],"curies":[{"name":"wp","href":"https:\/\/api.w.org\/{rel}","templated":true}]}}