{"id":49128,"date":"2020-11-25T00:13:18","date_gmt":"2020-11-25T00:13:18","guid":{"rendered":"http:\/\/diariodominicano.ddns.net\/?p=49128"},"modified":"2020-11-25T00:13:18","modified_gmt":"2020-11-25T00:13:18","slug":"el-dia-que-fallecio-el-padre-del-patricio-juan-pablo-duarte","status":"publish","type":"post","link":"https:\/\/diariodominicano.com\/?p=49128","title":{"rendered":"El d\u00eda que falleci\u00f3 el  padre del patricio Juan Pablo Duarte"},"content":{"rendered":"<p><body><\/p>\n<p><img decoding=\"async\" src=\"img3\/Juan-Jose-Duarte.jpg\" \/>  <\/p>\n<p><strong>Diariodominicano.com<\/strong><\/p>\n<p><strong>El d\u00eda que falleci\u00f3 el  padre del patricio Juan Pablo Duarte<\/strong><\/p>\n<\/p>\n<p><strong>SANTO DOMINGO, el  25 de noviembre de 1843,<\/strong> muri\u00f3 en la ciudad de Santo Domingo, Juan Jos\u00e9 Duarte, padre del pr\u00f3cer Juan Pablo Duarte.<\/p>\n<\/p>\n<p>El fallecimiento de Juan Jos\u00e9 Duarte, se produjo cuando  Juan Pablo Duarte se encontraba exiliado en Curazao, donde se refugi\u00f3 luego de que el Gobierno haitiano ofreci\u00f3 una recompensa para asesinarlo tras descubrir  el plan que concibi\u00f3 el patricio para fundar la Rep\u00fablica Dominicana.<\/p>\n<\/p>\n<p>     Don Juan Jos\u00e9 Duarte al llegar al pa\u00eds se dedic\u00f3 a las actividades comerciales y estableci\u00f3 su negocio en la calle del Comercio, hoy Isabel La Cat\u00f3lica.<\/p>\n<\/p>\n<p>     Aqu\u00ed cas\u00f3 con la se\u00f1ora Manuela Diez.  Adem\u00e1s de Juan Pablo Duarte, procrearon  a Rosa, Francisca, Vicente Celestino y a Manuel Duarte D\u00edez.<\/p>\n<\/p>\n<p>      En el momento que muri\u00f3, Juan Jos\u00e9 Duarte, el Gobierno haitiano manten\u00eda una campa\u00f1a de represi\u00f3n contra los trinitarios.<\/p>\n<\/p>\n<p>    Don Juan Jos\u00e9 Duarte ofreci\u00f3 m\u00faltiples colaboraciones a los trinitarios.<\/p>\n<\/p>\n<p>     Al enterarse de su muerte en Curazao, Juan Pablo Duarte escribi\u00f3 a su familia y le pidi\u00f3 que pusieran sus bienes a disposici\u00f3n de la lucha por la Independencia de la Rep\u00fablica Dominicana.<\/p>\n<\/p>\n<h6> 2020-11-25 00:13:18 <\/h6>\n<p><!--\n<link rel=\"stylesheet\" href=\"css\/bootstrap.min.css\">\n\n\n<ul class=\"pagination\">\n\t    \n\t\n\n<li >\n\t<a href='?page_no=17'>Previous<\/a>\n\t<\/li>\n\n\n       \n    \n\n<li><a href='?page_no=1'>1<\/a><\/li>\n\n\n\n<li><a href='?page_no=2'>2<\/a><\/li>\n\n\n\n<li><a>...<\/a><\/li>\n\n\n\n<li><a href='?page_no=16'>16<\/a><\/li>\n\n\n\n<li><a href='?page_no=17'>17<\/a><\/li>\n\n\n\n<li class='active'><a>18<\/a><\/li>\n\n\n\n<li><a href='?page_no=19'>19<\/a><\/li>\n\n\n\n<li><a href='?page_no=20'>20<\/a><\/li>\n\n\n\n<li><a>...<\/a><\/li>\n\n\n\n<li><a href='?page_no=22911'>22911<\/a><\/li>\n\n\n\n<li><a href='?page_no=22912'>22912<\/a><\/li>\n\n    \n\t\n\n<li >\n\t<a href='?page_no=19'>Next<\/a>\n\t<\/li>\n\n\n    \n\n<li><a href='?page_no=22912'>Last &rsaquo;&rsaquo;<\/a><\/li>\n\n<\/ul>\n\n\n--><br \/>\n<\/body><\/p>\n","protected":false},"excerpt":{"rendered":"<p>Diariodominicano.com El d\u00eda que falleci\u00f3 el padre del patricio Juan Pablo Duarte SANTO DOMINGO, el 25 de noviembre de 1843, muri\u00f3 en la ciudad de Santo Domingo, Juan Jos\u00e9 Duarte, padre del pr\u00f3cer Juan Pablo Duarte. El fallecimiento de Juan Jos\u00e9 Duarte, se produjo cuando Juan Pablo Duarte se encontraba exiliado en Curazao, donde se [&hellip;]<\/p>\n","protected":false},"author":3,"featured_media":0,"comment_status":"open","ping_status":"open","sticky":false,"template":"","format":"standard","meta":{"footnotes":""},"categories":[21],"tags":[],"class_list":["post-49128","post","type-post","status-publish","format-standard","hentry","category-cultura"],"_links":{"self":[{"href":"https:\/\/diariodominicano.com\/index.php?rest_route=\/wp\/v2\/posts\/49128","targetHints":{"allow":["GET"]}}],"collection":[{"href":"https:\/\/diariodominicano.com\/index.php?rest_route=\/wp\/v2\/posts"}],"about":[{"href":"https:\/\/diariodominicano.com\/index.php?rest_route=\/wp\/v2\/types\/post"}],"author":[{"embeddable":true,"href":"https:\/\/diariodominicano.com\/index.php?rest_route=\/wp\/v2\/users\/3"}],"replies":[{"embeddable":true,"href":"https:\/\/diariodominicano.com\/index.php?rest_route=%2Fwp%2Fv2%2Fcomments&post=49128"}],"version-history":[{"count":0,"href":"https:\/\/diariodominicano.com\/index.php?rest_route=\/wp\/v2\/posts\/49128\/revisions"}],"wp:attachment":[{"href":"https:\/\/diariodominicano.com\/index.php?rest_route=%2Fwp%2Fv2%2Fmedia&parent=49128"}],"wp:term":[{"taxonomy":"category","embeddable":true,"href":"https:\/\/diariodominicano.com\/index.php?rest_route=%2Fwp%2Fv2%2Fcategories&post=49128"},{"taxonomy":"post_tag","embeddable":true,"href":"https:\/\/diariodominicano.com\/index.php?rest_route=%2Fwp%2Fv2%2Ftags&post=49128"}],"curies":[{"name":"wp","href":"https:\/\/api.w.org\/{rel}","templated":true}]}}