{"id":491270,"date":"2023-11-24T21:27:04","date_gmt":"2023-11-25T01:27:04","guid":{"rendered":"https:\/\/diariodominicano.com\/?p=491270"},"modified":"2023-11-24T21:27:04","modified_gmt":"2023-11-25T01:27:04","slug":"maria-teresa-dice-que-el-estado-debe-colocar-el-tema-de-genero-como-centro-para-elaborar-politicas-publicas","status":"publish","type":"post","link":"https:\/\/diariodominicano.com\/?p=491270","title":{"rendered":"Mar\u00eda Teresa dice que el Estado debe colocar el tema de g\u00e9nero como centro para elaborar pol\u00edticas p\u00fablicas"},"content":{"rendered":"\n<p>A prop\u00f3sito de la conmemoraci\u00f3n del D\u00eda Internacional de la Eliminaci\u00f3n de la Violencia contra la Mujer, la candidata presidencial del Frente Amplio, Mar\u00eda Teresa Cabrera, llam\u00f3 a que el Estado dominicano garantice, a la mayor brevedad, los derechos de las mujeres y asuma el tema de g\u00e9nero como una categor\u00eda de an\u00e1lisis para la elaboraci\u00f3n de todas las pol\u00edticas p\u00fablicas.<\/p>\n\n\n\n<p>La tambi\u00e9n expresidenta de la Asociaci\u00f3n Dominicana de Profesores (ADP), dijo en ese sentido que, \u201cla causa de la violencia que afecta a las mujeres y las barreras que limitan su participaci\u00f3n pol\u00edtica, tienen como punto de partida el sistema pol\u00edtico, econ\u00f3mico y social que ha instalado unos valores que atribuyen inferioridad a las mujeres frente a los hombres y, por tanto, genera una relaci\u00f3n de poder muy desigual que perjudican a la mujer\u201d.<\/p>\n\n\n\n<p>Cabrera plante\u00f3 la necesidad de abrir paso a una nueva \u00e9poca pol\u00edtica mediante el impulso de un proceso de reformas pol\u00edtico institucional orientado a transformar rasgos esenciales del r\u00e9gimen pol\u00edtico heredado de la dictadura trujillista, entre las que se\u00f1al\u00f3, \u201cla concentraci\u00f3n de la riqueza, la centralizaci\u00f3n del poder, el clientelismo, la debilidad institucional y altos niveles de corrupci\u00f3n e impunida\u201d.<\/p>\n\n\n\n<p>Inst\u00f3 a que desde el poder ejecutivo y el Congreso Nacional, se definan pol\u00edticas orientadas a desmontar de la mentalidad colectiva los valores que atribuyen inferioridad a la mujer frente a los varones.<\/p>\n\n\n\n<p>Propuso tambi\u00e9n, una reforma educativa, para que los programas y todos los elementos simb\u00f3licos que se utilizan en el proceso educativo incluyan la igualdad de g\u00e9nero como una cuesti\u00f3n sustancial del curr\u00edculo y la pr\u00e1ctica educativa desde el nivel inicial.<\/p>\n\n\n\n<p>Dijo, que las luchas de las mujeres por el derecho a la participaci\u00f3n pol\u00edtica, en condiciones de igualdad, ha avanzado, y se han obtenido logros importantes, sin embargo, entiende que, persisten barreras, obst\u00e1culos cuyas causas est\u00e1n asociadas a problemas estructurales que es preciso transformar.<\/p>\n\n\n\n<p>Mar\u00eda Teresa enfatiz\u00f3 que, los rasgos del sistema pol\u00edtico dominicano constituyen la base etiol\u00f3gica de los principales problemas que sufre el pueblo dominicano en general y las mujeres, en particular.<\/p>\n\n\n\n<p>Entiende Cabrera que, \u201cla desigualdad e inequidad social y la violencia general, y de g\u00e9nero en particular, la delincuencia y criminalidad, el drama de la educaci\u00f3n, los d\u00e9ficits en el ejercicio de los derechos en general y de las mujeres en particular, el predominio de la l\u00f3gica de negocio en el Sistema de Seguridad Social, la mercantilizaci\u00f3n de la&nbsp; salud, la depredaci\u00f3n de los recursos naturales, por s\u00f3lo citar algunos, encuentran sustento en las caracter\u00edsticas del r\u00e9gimen pol\u00edtico, modificarlas es una condici\u00f3n necesaria para hablar de un Estado Social y Democr\u00e1tico de Derechos\u201d.<\/p>\n\n\n\n<p>Llam\u00f3 a desarrollar pol\u00edticas para cambiar el entorno en que se produce y combate la violencia y propuso constituir centros comunitarios en los barrios para la previsi\u00f3n, mediante la educaci\u00f3n y la convivencia entre hombres y mujeres, centrados en la prevenci\u00f3n de la violencia ciudadana en general, y la de g\u00e9nero en particular.<\/p>\n\n\n\n<p>Propuso, adem\u00e1s, crear una polic\u00eda comunitaria, con un alto componente profesional, para prevenir conflictos, asistir en ese \u00e1mbito a las familias y castigar los actos de violencia cuando ocurran.<\/p>\n\n\n\n<p>Tambi\u00e9n desarrollar infraestructuras comunitarias, que permitan la seguridad ciudadana, generaci\u00f3n de empleos; centros de salud e instalaciones deportivas para la convivencia, recreaci\u00f3n y protecci\u00f3n permanente por parte de la polic\u00eda <\/p>\n\n\n\n<p> <strong>Tony Pichardo<\/strong>\u00a0&lt;tonypichardog@gmail.com> comunitaria.  <\/p>\n","protected":false},"excerpt":{"rendered":"<p>A prop\u00f3sito de la conmemoraci\u00f3n del D\u00eda Internacional de la Eliminaci\u00f3n de la Violencia contra la Mujer, la candidata presidencial del Frente Amplio, Mar\u00eda Teresa Cabrera, llam\u00f3 a que el Estado dominicano garantice, a la mayor brevedad, los derechos de las mujeres y asuma el tema de g\u00e9nero como una categor\u00eda de an\u00e1lisis para la [&hellip;]<\/p>\n","protected":false},"author":7,"featured_media":491281,"comment_status":"closed","ping_status":"","sticky":true,"template":"","format":"standard","meta":{"footnotes":""},"categories":[22,27],"tags":[],"class_list":["post-491270","post","type-post","status-publish","format-standard","has-post-thumbnail","hentry","category-politica","category-portada"],"_links":{"self":[{"href":"https:\/\/diariodominicano.com\/index.php?rest_route=\/wp\/v2\/posts\/491270","targetHints":{"allow":["GET"]}}],"collection":[{"href":"https:\/\/diariodominicano.com\/index.php?rest_route=\/wp\/v2\/posts"}],"about":[{"href":"https:\/\/diariodominicano.com\/index.php?rest_route=\/wp\/v2\/types\/post"}],"author":[{"embeddable":true,"href":"https:\/\/diariodominicano.com\/index.php?rest_route=\/wp\/v2\/users\/7"}],"replies":[{"embeddable":true,"href":"https:\/\/diariodominicano.com\/index.php?rest_route=%2Fwp%2Fv2%2Fcomments&post=491270"}],"version-history":[{"count":1,"href":"https:\/\/diariodominicano.com\/index.php?rest_route=\/wp\/v2\/posts\/491270\/revisions"}],"predecessor-version":[{"id":491282,"href":"https:\/\/diariodominicano.com\/index.php?rest_route=\/wp\/v2\/posts\/491270\/revisions\/491282"}],"wp:featuredmedia":[{"embeddable":true,"href":"https:\/\/diariodominicano.com\/index.php?rest_route=\/wp\/v2\/media\/491281"}],"wp:attachment":[{"href":"https:\/\/diariodominicano.com\/index.php?rest_route=%2Fwp%2Fv2%2Fmedia&parent=491270"}],"wp:term":[{"taxonomy":"category","embeddable":true,"href":"https:\/\/diariodominicano.com\/index.php?rest_route=%2Fwp%2Fv2%2Fcategories&post=491270"},{"taxonomy":"post_tag","embeddable":true,"href":"https:\/\/diariodominicano.com\/index.php?rest_route=%2Fwp%2Fv2%2Ftags&post=491270"}],"curies":[{"name":"wp","href":"https:\/\/api.w.org\/{rel}","templated":true}]}}