{"id":49117,"date":"2020-09-30T00:57:04","date_gmt":"2020-09-30T00:57:04","guid":{"rendered":"http:\/\/diariodominicano.ddns.net\/?p=49117"},"modified":"2020-09-30T00:57:04","modified_gmt":"2020-09-30T00:57:04","slug":"fuerzas-restauradoras-al-mando-del-general-jose-duran-se-posicionan-en-azua","status":"publish","type":"post","link":"https:\/\/diariodominicano.com\/?p=49117","title":{"rendered":"Fuerzas restauradoras al mando del general Jos\u00e9 Dur\u00e1n se posicionan en Azua"},"content":{"rendered":"<p><body><\/p>\n<p><img decoding=\"async\" src=\"img3\/Restauracion-2.jpg\" \/>  <\/p>\n<p><strong>Diariodominicano.com<\/strong><\/p>\n<p><strong>Fuerzas restauradoras al mando del general Jos\u00e9 Dur\u00e1n se posicionan en Azua<\/strong><\/p>\n<\/p>\n<p><strong>  AZUA,  el 30 de septiembre de 1863<\/strong>, en la Guerra de la Restauraci\u00f3n, fuerzas dominicanas al mando del general Jos\u00e9 Dur\u00e1n tomaron posiciones en Azua, donde enfrentar\u00edan a tropas anexionistas.<\/p>\n<\/p>\n<p>   El d\u00eda anterior, el 29 de septiembre, el general Jos\u00e9 Dur\u00e1n sali\u00f3 con sus tropas de  San Juan de la Maguana.<\/p>\n<\/p>\n<p>   El  mismo d\u00eda 9 de septiembre de 1863, tropas anexionistas al mando del general Pedro Santana, atacaron las posiciones de los restauradores en Arroyo Bermejo. Santana comandaba 800 hombres.<\/p>\n<\/p>\n<p>   En el momento que se produjo el ataque, el Gobierno de la Restauraci\u00f3n se fortalec\u00eda en la regi\u00f3n sur y ten\u00eda el control de las principales zonas del Cibao, incluida la ciudad Santiago de los Caballeros.<\/p>\n<\/p>\n<p>   Todo qued\u00f3 definido luego que los restauradores derrotaron a los espa\u00f1oles en la Batalla de Santiago, durante los d\u00edas del  6 al 13 de septiembre de 1863.<\/p>\n<\/p>\n<p>    Asimismo, el 21 de septiembre de 1863, las poblaciones de Barahona, Rinc\u00f3n y Petit Trou, como era conocido Enriquillo, se declararon a favor del Gobierno de la Restauraci\u00f3n.<\/p>\n<\/p>\n<p>   A nombre de las comunidades hablaron el Coronel F\u00e9lix y el ciudadano Blas Cuello.<\/p>\n<\/p>\n<p>    En  el momento que hicieron la declaraci\u00f3n amenazaron con marchar sobre Neiba al frente de 200 hombres.<\/p>\n<\/p>\n<p>    El  primer Gobierno de la Restauraci\u00f3n fue constituido en Santiago de Los Caballeros,  el 14 de septiembre de 1863, luego que los restauradores derrotaron a las fuerzas espa\u00f1olas en la Batalla del 30 de Marzo de 1844, en  Santiago.<\/p>\n<\/p>\n<p>    Como primer presidente fue juramentado el General Jos\u00e9 Antonio Salcedo, quien tuvo entre sus colaboradores a ciudadanos de pensamiento liberal, entre los que se encontraban Benigno Filomeno Rojas, Ulises Francisco Espaillat, M\u00e1ximo Grull\u00f3n, Pablo Pujols, Pedro Francisco Bon\u00f3, Alfredo Deetjen, Belisario Curiel y Sebasti\u00e1n Valverde.<\/p>\n<\/p>\n<h6> 2020-09-30 00:57:04 <\/h6>\n<p><!--\n<link rel=\"stylesheet\" href=\"css\/bootstrap.min.css\">\n\n\n<ul class=\"pagination\">\n\t    \n\t\n\n<li >\n\t<a href='?page_no=178'>Previous<\/a>\n\t<\/li>\n\n\n       \n    \n\n<li><a href='?page_no=1'>1<\/a><\/li>\n\n\n\n<li><a href='?page_no=2'>2<\/a><\/li>\n\n\n\n<li><a>...<\/a><\/li>\n\n\n\n<li><a href='?page_no=177'>177<\/a><\/li>\n\n\n\n<li><a href='?page_no=178'>178<\/a><\/li>\n\n\n\n<li class='active'><a>179<\/a><\/li>\n\n\n\n<li><a href='?page_no=180'>180<\/a><\/li>\n\n\n\n<li><a href='?page_no=181'>181<\/a><\/li>\n\n\n\n<li><a>...<\/a><\/li>\n\n\n\n<li><a href='?page_no=22911'>22911<\/a><\/li>\n\n\n\n<li><a href='?page_no=22912'>22912<\/a><\/li>\n\n    \n\t\n\n<li >\n\t<a href='?page_no=180'>Next<\/a>\n\t<\/li>\n\n\n    \n\n<li><a href='?page_no=22912'>Last &rsaquo;&rsaquo;<\/a><\/li>\n\n<\/ul>\n\n\n--><br \/>\n<\/body><\/p>\n","protected":false},"excerpt":{"rendered":"<p>Diariodominicano.com Fuerzas restauradoras al mando del general Jos\u00e9 Dur\u00e1n se posicionan en Azua AZUA, el 30 de septiembre de 1863, en la Guerra de la Restauraci\u00f3n, fuerzas dominicanas al mando del general Jos\u00e9 Dur\u00e1n tomaron posiciones en Azua, donde enfrentar\u00edan a tropas anexionistas. El d\u00eda anterior, el 29 de septiembre, el general Jos\u00e9 Dur\u00e1n sali\u00f3 [&hellip;]<\/p>\n","protected":false},"author":3,"featured_media":0,"comment_status":"open","ping_status":"open","sticky":false,"template":"","format":"standard","meta":{"footnotes":""},"categories":[21],"tags":[],"class_list":["post-49117","post","type-post","status-publish","format-standard","hentry","category-cultura"],"_links":{"self":[{"href":"https:\/\/diariodominicano.com\/index.php?rest_route=\/wp\/v2\/posts\/49117","targetHints":{"allow":["GET"]}}],"collection":[{"href":"https:\/\/diariodominicano.com\/index.php?rest_route=\/wp\/v2\/posts"}],"about":[{"href":"https:\/\/diariodominicano.com\/index.php?rest_route=\/wp\/v2\/types\/post"}],"author":[{"embeddable":true,"href":"https:\/\/diariodominicano.com\/index.php?rest_route=\/wp\/v2\/users\/3"}],"replies":[{"embeddable":true,"href":"https:\/\/diariodominicano.com\/index.php?rest_route=%2Fwp%2Fv2%2Fcomments&post=49117"}],"version-history":[{"count":0,"href":"https:\/\/diariodominicano.com\/index.php?rest_route=\/wp\/v2\/posts\/49117\/revisions"}],"wp:attachment":[{"href":"https:\/\/diariodominicano.com\/index.php?rest_route=%2Fwp%2Fv2%2Fmedia&parent=49117"}],"wp:term":[{"taxonomy":"category","embeddable":true,"href":"https:\/\/diariodominicano.com\/index.php?rest_route=%2Fwp%2Fv2%2Fcategories&post=49117"},{"taxonomy":"post_tag","embeddable":true,"href":"https:\/\/diariodominicano.com\/index.php?rest_route=%2Fwp%2Fv2%2Ftags&post=49117"}],"curies":[{"name":"wp","href":"https:\/\/api.w.org\/{rel}","templated":true}]}}