{"id":49106,"date":"2020-09-30T02:08:01","date_gmt":"2020-09-30T02:08:01","guid":{"rendered":"http:\/\/diariodominicano.ddns.net\/?p=49106"},"modified":"2020-09-30T02:08:01","modified_gmt":"2020-09-30T02:08:01","slug":"presidente-xi-jinping-encabeza-homenaje-a-martires-de-china","status":"publish","type":"post","link":"https:\/\/diariodominicano.com\/?p=49106","title":{"rendered":"Presidente Xi Jinping encabeza homenaje a m\u00e1rtires de China"},"content":{"rendered":"<p><body><\/p>\n<p><img decoding=\"async\" src=\"img3\/Xi-Jinping.jpg\" \/>  <\/p>\n<p><strong>Presidente Xi Jinping encabeza homenaje a m\u00e1rtires de China<\/strong><\/p>\n<p><strong>Beijing, 30 sep (Prensa Latina)<\/strong> El presidente de China, Xi Jinping, encabez\u00f3 hoy en esta capital los actos de homenaje por el D\u00eda de los M\u00e1rtires, cuando se recuerda a quienes perdieron la vida por la independencia y el desarrollo nacional.<\/p>\n<\/p>\n<p>La ceremonia incluy\u00f3 la colocaci\u00f3n de ofrendas florales ante el Monumento de los H\u00e9roes del Pueblo en la emblem\u00e1tica Plaza de Tian&#8217;anmen, en el centro de Beijing.<\/p>\n<\/p>\n<p>Al presidente lo acompa\u00f1aron altos cargos del Gobierno y el Partido Comunista de China (PCCh), pero tambi\u00e9n estuvieron presentes mil 800 representantes de todos los sectores de la sociedad.<\/p>\n<\/p>\n<p>El D\u00eda de los M\u00e1rtires se instituy\u00f3 en esta fecha de 2014 y desde entonces cada 30 de septiembre las m\u00e1ximas autoridades y el pueblo del gigante asi\u00e1tico honran la memoria de sus h\u00e9roes.<\/p>\n<\/p>\n<p>Seg\u00fan los estimados, China tiene alrededor de 20 millones de patriotas ca\u00eddos en distintos sucesos hist\u00f3ricos, pero solo se tiene registro oficial con los nombres de 1,93 millones de ellos.<\/p>\n<\/p>\n<p>El homenaje de este mi\u00e9rcoles antecede la celebraci\u00f3n del D\u00eda Nacional este 1 de octubre.<\/p>\n<\/p>\n<p>La fecha marca el aniversario 69 de la fundaci\u00f3n de la Rep\u00fablica Popular China y constituye una festividad porque ese d\u00eda de 1949 el pueblo, guiado por el PCCh, declar\u00f3 la victoria en la Guerra de Liberaci\u00f3n durante una ceremonia en la Plaza de Tian&#8217;anmen.<\/p>\n<\/p>\n<p>jha\/ymr<\/p>\n<h6> 2020-09-30 02:08:01 <\/h6>\n<p><!--\n<link rel=\"stylesheet\" href=\"css\/bootstrap.min.css\">\n\n\n<ul class=\"pagination\">\n\t    \n\t\n\n<li >\n\t<a href='?page_no=177'>Previous<\/a>\n\t<\/li>\n\n\n       \n    \n\n<li><a href='?page_no=1'>1<\/a><\/li>\n\n\n\n<li><a href='?page_no=2'>2<\/a><\/li>\n\n\n\n<li><a>...<\/a><\/li>\n\n\n\n<li><a href='?page_no=176'>176<\/a><\/li>\n\n\n\n<li><a href='?page_no=177'>177<\/a><\/li>\n\n\n\n<li class='active'><a>178<\/a><\/li>\n\n\n\n<li><a href='?page_no=179'>179<\/a><\/li>\n\n\n\n<li><a href='?page_no=180'>180<\/a><\/li>\n\n\n\n<li><a>...<\/a><\/li>\n\n\n\n<li><a href='?page_no=22911'>22911<\/a><\/li>\n\n\n\n<li><a href='?page_no=22912'>22912<\/a><\/li>\n\n    \n\t\n\n<li >\n\t<a href='?page_no=179'>Next<\/a>\n\t<\/li>\n\n\n    \n\n<li><a href='?page_no=22912'>Last &rsaquo;&rsaquo;<\/a><\/li>\n\n<\/ul>\n\n\n--><br \/>\n<\/body><\/p>\n","protected":false},"excerpt":{"rendered":"<p>Presidente Xi Jinping encabeza homenaje a m\u00e1rtires de China Beijing, 30 sep (Prensa Latina) El presidente de China, Xi Jinping, encabez\u00f3 hoy en esta capital los actos de homenaje por el D\u00eda de los M\u00e1rtires, cuando se recuerda a quienes perdieron la vida por la independencia y el desarrollo nacional. La ceremonia incluy\u00f3 la colocaci\u00f3n [&hellip;]<\/p>\n","protected":false},"author":3,"featured_media":0,"comment_status":"open","ping_status":"open","sticky":false,"template":"","format":"standard","meta":{"footnotes":""},"categories":[21],"tags":[],"class_list":["post-49106","post","type-post","status-publish","format-standard","hentry","category-cultura"],"_links":{"self":[{"href":"https:\/\/diariodominicano.com\/index.php?rest_route=\/wp\/v2\/posts\/49106","targetHints":{"allow":["GET"]}}],"collection":[{"href":"https:\/\/diariodominicano.com\/index.php?rest_route=\/wp\/v2\/posts"}],"about":[{"href":"https:\/\/diariodominicano.com\/index.php?rest_route=\/wp\/v2\/types\/post"}],"author":[{"embeddable":true,"href":"https:\/\/diariodominicano.com\/index.php?rest_route=\/wp\/v2\/users\/3"}],"replies":[{"embeddable":true,"href":"https:\/\/diariodominicano.com\/index.php?rest_route=%2Fwp%2Fv2%2Fcomments&post=49106"}],"version-history":[{"count":0,"href":"https:\/\/diariodominicano.com\/index.php?rest_route=\/wp\/v2\/posts\/49106\/revisions"}],"wp:attachment":[{"href":"https:\/\/diariodominicano.com\/index.php?rest_route=%2Fwp%2Fv2%2Fmedia&parent=49106"}],"wp:term":[{"taxonomy":"category","embeddable":true,"href":"https:\/\/diariodominicano.com\/index.php?rest_route=%2Fwp%2Fv2%2Fcategories&post=49106"},{"taxonomy":"post_tag","embeddable":true,"href":"https:\/\/diariodominicano.com\/index.php?rest_route=%2Fwp%2Fv2%2Ftags&post=49106"}],"curies":[{"name":"wp","href":"https:\/\/api.w.org\/{rel}","templated":true}]}}