{"id":490903,"date":"2023-11-23T13:08:48","date_gmt":"2023-11-23T17:08:48","guid":{"rendered":"https:\/\/diariodominicano.com\/?p=490903"},"modified":"2023-11-23T13:58:28","modified_gmt":"2023-11-23T17:58:28","slug":"una-bandera-roja-motiva-expulsion-de-lideres-estudiantiles","status":"publish","type":"post","link":"https:\/\/diariodominicano.com\/?p=490903","title":{"rendered":"UNA BANDERA ROJA MOTIVA EXPULSI\u00d3N DE L\u00cdDERES ESTUDIANTILES"},"content":{"rendered":"\n<p>Bandera Sovi\u00e9tica<\/p>\n\n\n\n<figure class=\"wp-block-image size-full\"><img loading=\"lazy\" decoding=\"async\" width=\"960\" height=\"520\" src=\"https:\/\/diariodominicano.com\/wp-content\/uploads\/2023\/11\/Autoridades-UASD-y-de-la-FED.jpg\" alt=\"\" class=\"wp-image-490924\" srcset=\"https:\/\/diariodominicano.com\/wp-content\/uploads\/2023\/11\/Autoridades-UASD-y-de-la-FED.jpg 960w, https:\/\/diariodominicano.com\/wp-content\/uploads\/2023\/11\/Autoridades-UASD-y-de-la-FED-300x163.jpg 300w, https:\/\/diariodominicano.com\/wp-content\/uploads\/2023\/11\/Autoridades-UASD-y-de-la-FED-768x416.jpg 768w, https:\/\/diariodominicano.com\/wp-content\/uploads\/2023\/11\/Autoridades-UASD-y-de-la-FED-816x442.jpg 816w\" sizes=\"auto, (max-width: 960px) 100vw, 960px\" \/><\/figure>\n\n\n\n<p>Por&nbsp;<a href=\"https:\/\/www.facebook.com\/sebastian.delpilar.9?__cft__%5b0%5d=AZXuOvImzT0y-nxMs72gHY2-YJE4wBAEcZDxvWA2GhWxZWcMjKBxT3o76I383dIb-oAIOD6lVuZFH84gtq7Qhgpl7-Tfs3_cyP07XoF36ss3IA&amp;__tn__=-%5dK-R\" target=\"_blank\" rel=\"noreferrer noopener\">Sebasti\u00e1n Del Pilar S\u00e1nchez<\/a><\/p>\n\n\n\n<p>La ma\u00f1ana del lunes 22 de mayo de 1967, de modo inaudito flotaba airosa una bandera roja sobre el techo de la Facultad de Ingenier\u00eda y Arquitectura de la Universidad Aut\u00f3noma de Santo Domingo (UASD), que mostraba un colorido sombr\u00edo y apariencia ligeramente distinta a la ense\u00f1a particular del partido oficial.<\/p>\n\n\n\n<p>La diferencia real con la entidad pol\u00edtica que lideraba el presidente Joaqu\u00edn Balaguer estaba en que el Partido Reformista ten\u00eda en su emblema un gallo colorado de lidia, en pose de cantor, encima de su lema: \u201c<em>Ni injusticias ni privilegios<\/em>\u201d; y lo que se apreciaba en cambio, en aquel extra\u00f1o pabell\u00f3n, era un s\u00edmbolo propio del socialismo marxista: la hoz enlazada al martillo, que se hab\u00eda erigido en escudo de la Uni\u00f3n Sovi\u00e9tica desde su creaci\u00f3n en octubre de 1917.<\/p>\n\n\n\n<p>Decenas de transe\u00fantes y pasajeros observaron asombrados aquella extra\u00f1a bandera vibrando excitada por el viento que soplaba sobre la azotea de aquella unidad acad\u00e9mica. Era gente que proven\u00eda de distintos barrios de Santo Domingo y pasaba por all\u00ed porque estaba obligada a recorrer el tramo de la calle Juan S\u00e1nchez Ram\u00edrez, entre las avenidas M\u00e1ximo G\u00f3mez y Alma M\u00e1ter, en su trayecto diario hacia la zona universitaria y el Centro de los H\u00e9roes, donde opera la mayor\u00eda de las oficinas p\u00fablicas y algunas empresas privadas instaladas en diferentes sitios de la extensa carretera S\u00e1nchez.<\/p>\n\n\n\n<p>A esa gente le causaba pavor la visi\u00f3n sobrecogedora de aquella insignia for\u00e1nea, pues deduc\u00eda con justa raz\u00f3n que daba motivo para que los enemigos de la UASD fraguaran alterar su paz interior y violar su autonom\u00eda y fuero, que eran una conquista sangrienta obtenida tras la promulgaci\u00f3n de la Ley 5778 del 31 de diciembre de 1961.<\/p>\n\n\n\n<p>Desde hac\u00eda alg\u00fan tiempo era ostensible la animadversi\u00f3n del sector oficial hacia la alta casa de estudios, percibida como una&nbsp;respuesta a la resoluci\u00f3n que suspendi\u00f3 de manera provisional la condici\u00f3n de catedr\u00e1tico de la escuela de Derecho que durante varios lustros mantuvo el doctor Balaguer.<\/p>\n\n\n\n<p>Dicha resoluci\u00f3n era la n\u00famero cuatro tomada por el Consejo Universitario el 10 de enero de 1962 y uno de los primeros actos del proceso de destrujillizaci\u00f3n del cuerpo profesoral de la academia que se intensific\u00f3 con el Movimiento Renovador, luego de la Guerra de Abril de 1965, para transformar la universidad en una instituci\u00f3n democr\u00e1tica, cr\u00edtica y popular.<\/p>\n\n\n\n<figure class=\"wp-block-image size-full\"><img loading=\"lazy\" decoding=\"async\" width=\"501\" height=\"604\" src=\"https:\/\/diariodominicano.com\/wp-content\/uploads\/2023\/11\/MELVIN-MATHEWS.jpg\" alt=\"\" class=\"wp-image-490905\" srcset=\"https:\/\/diariodominicano.com\/wp-content\/uploads\/2023\/11\/MELVIN-MATHEWS.jpg 501w, https:\/\/diariodominicano.com\/wp-content\/uploads\/2023\/11\/MELVIN-MATHEWS-249x300.jpg 249w\" sizes=\"auto, (max-width: 501px) 100vw, 501px\" \/><figcaption> Melvin Mackenly Mathew Beaumont, <\/figcaption><\/figure>\n\n\n\n<p>La colocaci\u00f3n de aquella bandera roja en el \u00e1rea universitaria era una precipitada decisi\u00f3n de la Juventud Comunista, un grupo de reciente formaci\u00f3n que encomend\u00f3 izarla a dos de sus militantes m\u00e1s aguerridos: Justo Bienvenido de la Altagracia Gir\u00f3 Alc\u00e1ntara, un estudiante de Derecho (hijo del conocido poeta modernista Valent\u00edn Gir\u00f3 Rom\u00e1n, puertorrique\u00f1o nacionalizado dominicano y de la profesora Minerva Alc\u00e1ntara, del municipio El Cercado) y Melvin Mackenly Mathew Beaumont, antiguo militante de la Uni\u00f3n de Estudiantes Revolucionarios (UER) y alumno de la escuela de Comunicaci\u00f3n Social.<\/p>\n\n\n\n<figure class=\"wp-block-image size-full\"><img loading=\"lazy\" decoding=\"async\" width=\"392\" height=\"386\" src=\"https:\/\/diariodominicano.com\/wp-content\/uploads\/2023\/11\/MAO-TSE-TUNG.jpg\" alt=\"\" class=\"wp-image-490908\" srcset=\"https:\/\/diariodominicano.com\/wp-content\/uploads\/2023\/11\/MAO-TSE-TUNG.jpg 392w, https:\/\/diariodominicano.com\/wp-content\/uploads\/2023\/11\/MAO-TSE-TUNG-300x295.jpg 300w, https:\/\/diariodominicano.com\/wp-content\/uploads\/2023\/11\/MAO-TSE-TUNG-88x88.jpg 88w\" sizes=\"auto, (max-width: 392px) 100vw, 392px\" \/><figcaption>Mao Tse Tung <\/figcaption><\/figure>\n\n\n\n<p>Ambos carec\u00edan de la madurez necesaria para eludir el encargo a todas luces imprudente y arriesgado, y de la conciencia pol\u00edtica para comprender que ni siquiera el ej\u00e9rcito rojo de Mao TseTung, cuando culmin\u00f3 su \u201clarga marcha\u201d triunfal que lo llev\u00f3 al poder en 1949, se atrevi\u00f3 a hacer algo semejante. El Gran Timonel se inclin\u00f3 por declarar el estado socialista en el inmenso territorio de China y por la opci\u00f3n patri\u00f3tica de que esa naci\u00f3n luciera su propio estandarte, con un color rojo abundante y un destacado amarillo con sus cinco estrellas refulgentes representando a las cuatro clases sociales que intervinieron en la revoluci\u00f3n: la obrera, la campesina, la peque\u00f1a burgues\u00eda urbana y la burgues\u00eda nacional.<\/p>\n\n\n\n<figure class=\"wp-block-image size-full\"><img loading=\"lazy\" decoding=\"async\" width=\"948\" height=\"658\" src=\"https:\/\/diariodominicano.com\/wp-content\/uploads\/2023\/11\/Dirigentes-juveniles-en-1967-1.jpg\" alt=\"\" class=\"wp-image-490934\" srcset=\"https:\/\/diariodominicano.com\/wp-content\/uploads\/2023\/11\/Dirigentes-juveniles-en-1967-1.jpg 948w, https:\/\/diariodominicano.com\/wp-content\/uploads\/2023\/11\/Dirigentes-juveniles-en-1967-1-300x208.jpg 300w, https:\/\/diariodominicano.com\/wp-content\/uploads\/2023\/11\/Dirigentes-juveniles-en-1967-1-768x533.jpg 768w, https:\/\/diariodominicano.com\/wp-content\/uploads\/2023\/11\/Dirigentes-juveniles-en-1967-1-816x566.jpg 816w\" sizes=\"auto, (max-width: 948px) 100vw, 948px\" \/><figcaption>Dirigentes juveniles en 1967<\/figcaption><\/figure>\n\n\n\n<p>As\u00ed fue como el combatiente revolucionario expres\u00f3 su absoluto respeto a las tradiciones y dinast\u00edas imperiales de China, lo mismo que al nombre del r\u00edo en cuyo contorno se form\u00f3 su civilizaci\u00f3n. Por tanto, el izamiento de aquella bandera dentro de la UASD no ayud\u00f3 al prop\u00f3sito de la Juventud Comunista, de acrecentar su simpat\u00eda y obtener una buena votaci\u00f3n en los comicios a efectuarse al d\u00eda siguiente para elegir los delegados a los organismos de cogobierno y el comit\u00e9 ejecutivo de la Federaci\u00f3n de Estudiantes Dominicanos (FED).<\/p>\n\n\n\n<p><strong>La JC y su pol\u00e9mica con otras entidades de izquierda<\/strong><\/p>\n\n\n\n<p>La Juventud Comunista hab\u00eda surgido de una escisi\u00f3n en el grupo Fragua, derivada de la fragmentaci\u00f3n continua que experiment\u00f3 el Movimiento Revolucionario 14 de Junio despu\u00e9s de la guerra civil de 1965, as\u00ed como de un desgajamiento menor que se produjo en el seno del Movimiento Popular Dominicano (MPD) con la salida de importantes cuadros ideol\u00f3gicos. <\/p>\n\n\n\n<figure class=\"wp-block-image size-full\"><img loading=\"lazy\" decoding=\"async\" width=\"625\" height=\"343\" src=\"https:\/\/diariodominicano.com\/wp-content\/uploads\/2021\/09\/Amin-abel-hasbun26-9-21.jpg\" alt=\"\" class=\"wp-image-299007\" srcset=\"https:\/\/diariodominicano.com\/wp-content\/uploads\/2021\/09\/Amin-abel-hasbun26-9-21.jpg 625w, https:\/\/diariodominicano.com\/wp-content\/uploads\/2021\/09\/Amin-abel-hasbun26-9-21-300x165.jpg 300w\" sizes=\"auto, (max-width: 625px) 100vw, 625px\" \/><figcaption>Am\u00edn Abel Hasb\u00fan<\/figcaption><\/figure>\n\n\n\n<p>Esta nueva organizaci\u00f3n estudiantil ten\u00eda entre sus fundadores al presidente de la FED, bachiller Alexis Licairac D\u00edaz, de origen catorcista, quien estaba concluyendo sus estudios universitarios y su per\u00edodo de dirigente estudiantil, sucesor de Am\u00edn Abel Hasb\u00fan.<\/p>\n\n\n\n<figure class=\"wp-block-image size-large\"><img loading=\"lazy\" decoding=\"async\" width=\"1024\" height=\"663\" src=\"https:\/\/diariodominicano.com\/wp-content\/uploads\/2023\/11\/SALVADOR-URIBE-MONTAS-ENCABEZA-ACTIVIDAD-DE-LA-JUVENTUD-COMUNISTA-1024x663.jpg\" alt=\"\" class=\"wp-image-490910\" srcset=\"https:\/\/diariodominicano.com\/wp-content\/uploads\/2023\/11\/SALVADOR-URIBE-MONTAS-ENCABEZA-ACTIVIDAD-DE-LA-JUVENTUD-COMUNISTA-1024x663.jpg 1024w, https:\/\/diariodominicano.com\/wp-content\/uploads\/2023\/11\/SALVADOR-URIBE-MONTAS-ENCABEZA-ACTIVIDAD-DE-LA-JUVENTUD-COMUNISTA-300x194.jpg 300w, https:\/\/diariodominicano.com\/wp-content\/uploads\/2023\/11\/SALVADOR-URIBE-MONTAS-ENCABEZA-ACTIVIDAD-DE-LA-JUVENTUD-COMUNISTA-768x497.jpg 768w, https:\/\/diariodominicano.com\/wp-content\/uploads\/2023\/11\/SALVADOR-URIBE-MONTAS-ENCABEZA-ACTIVIDAD-DE-LA-JUVENTUD-COMUNISTA-1536x995.jpg 1536w, https:\/\/diariodominicano.com\/wp-content\/uploads\/2023\/11\/SALVADOR-URIBE-MONTAS-ENCABEZA-ACTIVIDAD-DE-LA-JUVENTUD-COMUNISTA-2048x1327.jpg 2048w, https:\/\/diariodominicano.com\/wp-content\/uploads\/2023\/11\/SALVADOR-URIBE-MONTAS-ENCABEZA-ACTIVIDAD-DE-LA-JUVENTUD-COMUNISTA-816x529.jpg 816w\" sizes=\"auto, (max-width: 1024px) 100vw, 1024px\" \/><figcaption> Salvador Uribe Mont\u00e1s pronuncia un discurso<\/figcaption><\/figure>\n\n\n\n<figure class=\"wp-block-image size-full\"><img loading=\"lazy\" decoding=\"async\" width=\"626\" height=\"1009\" src=\"https:\/\/diariodominicano.com\/wp-content\/uploads\/2023\/11\/URIBE-M.-SALVADOR.jpg\" alt=\"\" class=\"wp-image-490912\" srcset=\"https:\/\/diariodominicano.com\/wp-content\/uploads\/2023\/11\/URIBE-M.-SALVADOR.jpg 626w, https:\/\/diariodominicano.com\/wp-content\/uploads\/2023\/11\/URIBE-M.-SALVADOR-186x300.jpg 186w\" sizes=\"auto, (max-width: 626px) 100vw, 626px\" \/><figcaption>Salvador Uribe Mont\u00e1s <\/figcaption><\/figure>\n\n\n\n<p>Por esa realidad los ide\u00f3logos de la Juventud Comunista preparaban de prisa el relevo de Licairac que recay\u00f3 en el estudiante Salvador Uribe Mont\u00e1s, quien cursaba estudios en la escuela de Medicina y comenzaba a liderar a una parte de los j\u00f3venes socialistas que sustentaban el pensamiento mao\u00edsta. Este muchacho de San Crist\u00f3bal sobresal\u00eda dentro del per\u00edmetro universitario por su temperamento psicor\u00edgido y el uso inmoderado de un vocablo despreciativo que se esmeraba en mostrar en sus contradicciones continuas con el dirigente catorcista y principal orientador del grupo Fragua, Jos\u00e9 Ernesto Oviedo Landestoy.<\/p>\n\n\n\n<figure class=\"wp-block-image size-full\"><img loading=\"lazy\" decoding=\"async\" width=\"296\" height=\"376\" src=\"https:\/\/diariodominicano.com\/wp-content\/uploads\/2023\/11\/GORDO-OVIEDO.jpg\" alt=\"\" class=\"wp-image-490916\" srcset=\"https:\/\/diariodominicano.com\/wp-content\/uploads\/2023\/11\/GORDO-OVIEDO.jpg 296w, https:\/\/diariodominicano.com\/wp-content\/uploads\/2023\/11\/GORDO-OVIEDO-236x300.jpg 236w\" sizes=\"auto, (max-width: 296px) 100vw, 296px\" \/><figcaption> Jos\u00e9 Ernesto Oviedo Landestoy (Gordo Oviedo)<\/figcaption><\/figure>\n\n\n\n<p>Sin embargo, con sus gestos esc\u00e9nicos impresionantes y su dominio incre\u00edble de la fina iron\u00eda, el muy conocido Gordo Oviedo lograba con frecuencia y suma facilidad desquiciar las exposiciones te\u00f3ricas del joven l\u00edder cristobalense y encender la pasi\u00f3n de los seguidores de ambos durante las marat\u00f3nicas discusiones que se efectuaban en las explanadas de las facultades de Ingenier\u00eda y Medicina, donde Uribe Mont\u00e1s se aferraba al uso de un verbo aguerrido y contestatario, al que incorporaba las famosas cinco tesis filos\u00f3ficas de Mao sobre las contradicciones en el seno del pueblo y sus citas contenidas en el llamado libro rojo.<\/p>\n\n\n\n<p>En estas controversias prevalec\u00eda sin dudas la superioridad te\u00f3rica de su adversario, no obstante, el l\u00edder juvenil sentir casi siempre en su alrededor el aliento devoto de los activistas de su organizaci\u00f3n; entre los que destacaba la presencia de un muchacho fortach\u00f3n llamado Marcelino Corpor\u00e1n&nbsp;junto a una hermana del profesor Marcelo Jorge, el sobresaliente ingeniero civil que administraba la antigua Corporaci\u00f3n Dominicana de Electricidad.<\/p>\n\n\n\n<p>Los miembros de la Juventud Comunista eran apasionados exponentes de la ideolog\u00eda marxista y del pensamiento mao\u00edsta, y apoyaban a Uribe Mont\u00e1s en la fervorosa defensa de su doctrina pol\u00edtica, en sus actos beligerantes y en los agravios que utilizaba para humillar y empeque\u00f1ecer a sus adversarios. Algunos pose\u00edan una clara formaci\u00f3n ideol\u00f3gica y cultural, que les ayudaba a imponer sus puntos de vista en los debates en los pasillos, en los que predominaba su inconfundible estilo grupal de amedrentar al contrario con el uso recurrente de una serie de adjetivos hirientes y mortificantes que los revelaba como genuinos francotiradores de la palabra.<\/p>\n\n\n\n<figure class=\"wp-block-image size-large\"><img loading=\"lazy\" decoding=\"async\" width=\"793\" height=\"1024\" src=\"https:\/\/diariodominicano.com\/wp-content\/uploads\/2023\/11\/ELSA-PENA-NADAL-793x1024.jpg\" alt=\"\" class=\"wp-image-490919\" srcset=\"https:\/\/diariodominicano.com\/wp-content\/uploads\/2023\/11\/ELSA-PENA-NADAL-793x1024.jpg 793w, https:\/\/diariodominicano.com\/wp-content\/uploads\/2023\/11\/ELSA-PENA-NADAL-232x300.jpg 232w, https:\/\/diariodominicano.com\/wp-content\/uploads\/2023\/11\/ELSA-PENA-NADAL-768x991.jpg 768w, https:\/\/diariodominicano.com\/wp-content\/uploads\/2023\/11\/ELSA-PENA-NADAL-816x1053.jpg 816w, https:\/\/diariodominicano.com\/wp-content\/uploads\/2023\/11\/ELSA-PENA-NADAL.jpg 1014w\" sizes=\"auto, (max-width: 793px) 100vw, 793px\" \/><figcaption>Elsa Pe\u00f1a <\/figcaption><\/figure>\n\n\n\n<figure class=\"wp-block-image size-large\"><img loading=\"lazy\" decoding=\"async\" width=\"717\" height=\"1024\" src=\"https:\/\/diariodominicano.com\/wp-content\/uploads\/2023\/11\/HECTOR-HOMERO-HERNANDEZ-717x1024.jpg\" alt=\"\" class=\"wp-image-490920\" srcset=\"https:\/\/diariodominicano.com\/wp-content\/uploads\/2023\/11\/HECTOR-HOMERO-HERNANDEZ-717x1024.jpg 717w, https:\/\/diariodominicano.com\/wp-content\/uploads\/2023\/11\/HECTOR-HOMERO-HERNANDEZ-210x300.jpg 210w, https:\/\/diariodominicano.com\/wp-content\/uploads\/2023\/11\/HECTOR-HOMERO-HERNANDEZ-768x1097.jpg 768w, https:\/\/diariodominicano.com\/wp-content\/uploads\/2023\/11\/HECTOR-HOMERO-HERNANDEZ-1075x1536.jpg 1075w, https:\/\/diariodominicano.com\/wp-content\/uploads\/2023\/11\/HECTOR-HOMERO-HERNANDEZ-1434x2048.jpg 1434w, https:\/\/diariodominicano.com\/wp-content\/uploads\/2023\/11\/HECTOR-HOMERO-HERNANDEZ-816x1165.jpg 816w, https:\/\/diariodominicano.com\/wp-content\/uploads\/2023\/11\/HECTOR-HOMERO-HERNANDEZ-scaled.jpg 1792w\" sizes=\"auto, (max-width: 717px) 100vw, 717px\" \/><figcaption>H\u00e9ctor  Homero Hern\u00e1ndez Vargas <\/figcaption><\/figure>\n\n\n\n<p>En esos actos aparec\u00eda cotidianamente la joven Elsa Pe\u00f1a Nadal, una de las figuras principales de la Uni\u00f3n de Lucha por una Nueva Quisqueya, que dirig\u00eda el excomandante constitucionalista H\u00e9ctor Homero Hern\u00e1ndez Vargas (su esposo). Tambi\u00e9n los bachilleres Justo Gir\u00f3 Alc\u00e1ntara, Zacar\u00edas Benoit \u201cD&#8217;Artagnan\u201d, Generoso Ledesma, Cecilio G\u00f3mez P\u00e9rez y Catalina Pumarol, novia y futura esposa de Alexis Licairac.<\/p>\n\n\n\n<p>Igualmente,&nbsp;El\u00edas Kuret (hermano de Haydee Kuret de Rainieri, del consorcio de Punta Cana), Machy y Mirna de Pe\u00f1a (hijos del periodista Eliseo de Pe\u00f1a Dur\u00e1n), la estudiante de medicina Daisy Molina, Bol\u00edvar Reynoso, Luis Enrique Taylor Oliver, Ram\u00f3n Antonio Sanabia Pag\u00e1n, Clara Ledesma, Danilo Clime, Freddy Martin\u00f3, Rob\u00edn Alc\u00e1ntara, los hermanos Jos\u00e9 Alberto y Julio Popa Santana y Margarita Melenciano Corpor\u00e1n. Esta \u00faltima joven era estudiante de Contabilidad, empleada universitaria y ampliamente conocida por el sobrenombre de \u201cLa Coca\u201d, adquirido durante su desempe\u00f1o como dirigente de la Federaci\u00f3n de Mujeres Dominicanas (FMD) y combatiente de la Revoluci\u00f3n de Abril de 1965.<\/p>\n\n\n\n<figure class=\"wp-block-image size-full\"><img loading=\"lazy\" decoding=\"async\" width=\"720\" height=\"960\" src=\"https:\/\/diariodominicano.com\/wp-content\/uploads\/2023\/11\/Gabrielito-Tableta.jpg\" alt=\"\" class=\"wp-image-490922\" srcset=\"https:\/\/diariodominicano.com\/wp-content\/uploads\/2023\/11\/Gabrielito-Tableta.jpg 720w, https:\/\/diariodominicano.com\/wp-content\/uploads\/2023\/11\/Gabrielito-Tableta-225x300.jpg 225w\" sizes=\"auto, (max-width: 720px) 100vw, 720px\" \/><figcaption>Gabrielito Tableta <\/figcaption><\/figure>\n\n\n\n<p>Se debe recordar que, en estos debates, esta chica mostraba siempre una actitud guerrera que infund\u00eda temor y respeto, sobre todo cuando estaba a su lado \u201cGabrielito Tableta\u201d, el agitador m\u00e1s conspicuo de Villa Consuelo, quien produc\u00eda fuertes sonidos con las palmas de sus manos y opacaba las consignas que lanzaban sus compa\u00f1eros.<\/p>\n\n\n\n<p>Entonces la Juventud Comunista puso de moda los capirotes y el dazibao, que eran las gorras y los afiches que durante la Revoluci\u00f3n Cultural de China utilizaron los guardias rojos mientras ofrec\u00edan al p\u00fablico la t\u00e9trica escena de colgar letreros en el cuello de los seguidores del depuesto presidente chino Liu Shao-Chi y de su colaborador Deng Xiaoping, en la violenta campa\u00f1a de reafirmaci\u00f3n ideol\u00f3gica desarrollada por los l\u00edderes mao\u00edstas para depurar el aparato pol\u00edtico y militar sacando a los llamados \u201ctraidores\u201d y \u201cescorias capitalistas\u201d.<\/p>\n\n\n\n<figure class=\"wp-block-image size-full\"><img loading=\"lazy\" decoding=\"async\" width=\"320\" height=\"450\" src=\"https:\/\/diariodominicano.com\/wp-content\/uploads\/2023\/11\/PROFESOR-ALBERTO-MALAGON.jpg\" alt=\"\" class=\"wp-image-490936\" srcset=\"https:\/\/diariodominicano.com\/wp-content\/uploads\/2023\/11\/PROFESOR-ALBERTO-MALAGON.jpg 320w, https:\/\/diariodominicano.com\/wp-content\/uploads\/2023\/11\/PROFESOR-ALBERTO-MALAGON-213x300.jpg 213w\" sizes=\"auto, (max-width: 320px) 100vw, 320px\" \/><figcaption>Alberto Malag\u00f3n<\/figcaption><\/figure>\n\n\n\n<p>En la UASD se pretendi\u00f3 ejecutar una operaci\u00f3n&nbsp;<a>similar contra los profesores afiliados al Partido Socialista Popular, doctores Hugo Tolentino Dipp, Andr\u00e9s Avelino hijo y Alberto Malag\u00f3n,&nbsp;<\/a>quienes eran calificados de agentes revisionistas en las pancartas colocadas en los peri\u00f3dicos-murales instalados en diferentes \u00e1reas acad\u00e9micas.<\/p>\n\n\n\n<p><strong>La bandera y las elecciones<\/strong><\/p>\n\n\n\n<p>No hay duda de que el verdadero objetivo del izamiento de la bandera roja sobre el techo de la facultad de Ingenier\u00eda era estropear la celebraci\u00f3n de las elecciones pautadas para el martes 23 de mayo, y en ese prop\u00f3sito la Juventud Comunista coincid\u00eda con el Bloque Revolucionario Universitario Cristiano (BRUC), que unos d\u00edas atr\u00e1s hab\u00eda hecho un llamado a la abstenci\u00f3n electoral, bajo el pretexto de una supuesta parcialidad de las autoridades universitarias con el grupo estudiantil mayoritario Fragua.<\/p>\n\n\n\n<p>La entidad socialcristiana hab\u00eda exhortado a sus tradicionales simpatizantes a no acudir a las urnas, con el argumento de que el ambiente interno no era propicio para asegurar una votaci\u00f3n masiva, porque los estudiantes se encontraban de vacaciones y unos 2 mil 700 inscritos en el Colegio Universitario participaban en los ex\u00e1menes finales. Alegaba que exist\u00eda el temor de que cerca del 80 por ciento de esos j\u00f3venes sucumbiesen en las pruebas de matem\u00e1ticas y que por eso conven\u00eda a la universidad posponer las elecciones para el mi\u00e9rcoles 7 de junio.<\/p>\n\n\n\n<figure class=\"wp-block-image size-full\"><img loading=\"lazy\" decoding=\"async\" width=\"330\" height=\"333\" src=\"https:\/\/diariodominicano.com\/wp-content\/uploads\/2022\/01\/Guido-Gil.jpg\" alt=\"\" class=\"wp-image-324531\" srcset=\"https:\/\/diariodominicano.com\/wp-content\/uploads\/2022\/01\/Guido-Gil.jpg 330w, https:\/\/diariodominicano.com\/wp-content\/uploads\/2022\/01\/Guido-Gil-297x300.jpg 297w, https:\/\/diariodominicano.com\/wp-content\/uploads\/2022\/01\/Guido-Gil-150x150.jpg 150w, https:\/\/diariodominicano.com\/wp-content\/uploads\/2022\/01\/Guido-Gil-88x88.jpg 88w\" sizes=\"auto, (max-width: 330px) 100vw, 330px\" \/><figcaption>Guido Gil <\/figcaption><\/figure>\n\n\n\n<p>Otro inconveniente que interfer\u00eda la realizaci\u00f3n del proceso electoral era el clima de violencia que imperaba en las principales ciudades del pa\u00eds, ya que el terrorismo hab\u00eda derribado decenas de vidas \u00fatiles en el curso del a\u00f1o 1966 y en enero de 1967 hab\u00eda conmovido la sociedad con la desaparici\u00f3n del periodista y abogado Guido Gil D\u00edaz.<\/p>\n\n\n\n<p>A esos sucesos sangrientos se les sumaron poco despu\u00e9s los atentados contra las vidas del general Antonio Imbert Barrera y el senador Pablo Rafael Casimiro Castro, perpetrados el 21 de marzo y el 4 de mayo de ese mismo a\u00f1o.<\/p>\n\n\n\n<p>El BRUC recomendaba la posposici\u00f3n de las elecciones para la fecha se\u00f1alada fecha, creyendo que para entonces se aclarar\u00eda un poco el ambiente social, agravado luego de la posici\u00f3n adoptada el 9 de mayo por el partido blanco -principal de oposici\u00f3n- que retir\u00f3 sus legisladores del Congreso y supedit\u00f3 su regreso a que el gobierno de Balaguer se comprometiera p\u00fablicamente a respetar su integridad f\u00edsica y ordenara a las autoridades civiles y militares en cada provincia aplicar las medidas necesarias para el restablecimiento de las garant\u00edas democr\u00e1ticas.<\/p>\n\n\n\n<p>La posici\u00f3n del BRUC estaba contenida en un documento p\u00fablico firmado por su secretario general Carlos Pimentel Rivera y los miembros de su comit\u00e9 ejecutivo, Jos\u00e9 Antinoe Fiallo Billini, Rafaela Espaillat Llin\u00e1s, Joaqu\u00edn Paniagua, Luis Ernesto Brea, Luis Rufifin Castro, Manol\u00edn Peralta, H\u00e9ctor Valdez, Rafael Est\u00e9vez Rochet, Eddy Garc\u00eda, Nelson Hern\u00e1ndez y Aquiles Cristopher.<\/p>\n\n\n\n<p>Sin la presencia de esta agrupaci\u00f3n en la contienda electoral no hab\u00eda ning\u00fan encanto ni expectativa en la UASD porque desde la fundaci\u00f3n de la FED era junto a Fragua la que ten\u00eda mayor n\u00famero de votantes y su popularidad se hab\u00eda extendido con el tiempo por el fomento de una rivalidad grupal enconada que s\u00f3lo se pod\u00eda comparar con la que exhib\u00edan en esa misma \u00e9poca los equipos de beisbol profesional de invierno, Tigres del Licey y Leones del Escogido.<\/p>\n\n\n\n<figure class=\"wp-block-image size-large\"><img loading=\"lazy\" decoding=\"async\" width=\"1024\" height=\"631\" src=\"https:\/\/diariodominicano.com\/wp-content\/uploads\/2022\/05\/JUAN-BOSCH-VICENTE-BENGOA-Y-RAFAEL-ALBURQUERQUE-1-1024x631.jpg\" alt=\"\" class=\"wp-image-355943\" srcset=\"https:\/\/diariodominicano.com\/wp-content\/uploads\/2022\/05\/JUAN-BOSCH-VICENTE-BENGOA-Y-RAFAEL-ALBURQUERQUE-1-1024x631.jpg 1024w, https:\/\/diariodominicano.com\/wp-content\/uploads\/2022\/05\/JUAN-BOSCH-VICENTE-BENGOA-Y-RAFAEL-ALBURQUERQUE-1-300x185.jpg 300w, https:\/\/diariodominicano.com\/wp-content\/uploads\/2022\/05\/JUAN-BOSCH-VICENTE-BENGOA-Y-RAFAEL-ALBURQUERQUE-1-768x474.jpg 768w, https:\/\/diariodominicano.com\/wp-content\/uploads\/2022\/05\/JUAN-BOSCH-VICENTE-BENGOA-Y-RAFAEL-ALBURQUERQUE-1-1536x947.jpg 1536w, https:\/\/diariodominicano.com\/wp-content\/uploads\/2022\/05\/JUAN-BOSCH-VICENTE-BENGOA-Y-RAFAEL-ALBURQUERQUE-1-2048x1263.jpg 2048w, https:\/\/diariodominicano.com\/wp-content\/uploads\/2022\/05\/JUAN-BOSCH-VICENTE-BENGOA-Y-RAFAEL-ALBURQUERQUE-1-816x503.jpg 816w\" sizes=\"auto, (max-width: 1024px) 100vw, 1024px\" \/><figcaption>A la derecha Rafael Alburquerque, Juan Bosch y Vicente Bengoa  (archivo)<\/figcaption><\/figure>\n\n\n\n<figure class=\"wp-block-image size-large\"><img loading=\"lazy\" decoding=\"async\" width=\"1024\" height=\"526\" src=\"https:\/\/diariodominicano.com\/wp-content\/uploads\/2021\/04\/Franklin-Almeyda-11-1024x526.jpg\" alt=\"\" class=\"wp-image-272336\" srcset=\"https:\/\/diariodominicano.com\/wp-content\/uploads\/2021\/04\/Franklin-Almeyda-11-1024x526.jpg 1024w, https:\/\/diariodominicano.com\/wp-content\/uploads\/2021\/04\/Franklin-Almeyda-11-300x154.jpg 300w, https:\/\/diariodominicano.com\/wp-content\/uploads\/2021\/04\/Franklin-Almeyda-11-768x395.jpg 768w, https:\/\/diariodominicano.com\/wp-content\/uploads\/2021\/04\/Franklin-Almeyda-11-1536x789.jpg 1536w, https:\/\/diariodominicano.com\/wp-content\/uploads\/2021\/04\/Franklin-Almeyda-11-2048x1052.jpg 2048w, https:\/\/diariodominicano.com\/wp-content\/uploads\/2021\/04\/Franklin-Almeyda-11-816x419.jpg 816w\" sizes=\"auto, (max-width: 1024px) 100vw, 1024px\" \/><figcaption>Franklin Almeyda<\/figcaption><\/figure>\n\n\n\n<p>De modo que era mera ilusi\u00f3n de los j\u00f3venes comunistas querer ser rivales del grupo Fragua obviando la realidad de que en ese momento se desarrollaba una tercera fuerza nacida en 1962 como Frente Universitario Radical Revolucionario (FURR), cuyo nombre hab\u00eda sido cambiado por Frente Universitario Socialista Democr\u00e1tico (FUSD), dirigido originalmente por los bachilleres Armando Antonio Hoepelman y Rafael Francisco Alburquerque &nbsp;de Castro y luego por Franklin Almeyda Rancier y Abraham Bautista Alc\u00e1ntara, seguidores de Juan Bosch y su partido blanco.<\/p>\n\n\n\n<p>La colocaci\u00f3n de la bandera roja en terreno de la UASD, origin\u00f3 un conflicto con el grupo Fragua el d\u00eda de las elecciones, pues el joven Diomedes Mercedes, uno de sus altos dirigentes, le exigi\u00f3 a la Juventud Comunista que apartara la ense\u00f1a roja del lugar, porque esa acci\u00f3n irresponsable iba a ser \u201c<em>aprovechada a las mil maravillas por la reacci\u00f3n y el imperialismo<\/em>\u201d para desatar una campa\u00f1a de hostilidad contra la instituci\u00f3n a trav\u00e9s de los medios informativos.<\/p>\n\n\n\n<p>A su juicio, la mejor forma de defender la bandera roja del proletariado era desarrollando el movimiento estudiantil como un aliado firme de la clase obrera en la lucha por la revoluci\u00f3n y el socialismo.<\/p>\n\n\n\n<p>Asegur\u00f3 que el estandarte puesto all\u00ed s\u00f3lo ayudaba a la reacci\u00f3n y a los sectores interesados en impedir que se celebraran las elecciones creando una situaci\u00f3n de crisis interna que precipitara su cierre.<\/p>\n\n\n\n<p>\u201c<em>Nosotros respetamos esa bandera, y creemos que con la misma no se debe jugar, pues eso es lo que han estado haciendo los de la Juventud Comunista<\/em>\u201d, a\u00f1adi\u00f3 el dirigente de Fragua, advirtiendo que tal actitud \u201c<em>engendra anticomunismo en la universidad<\/em>\u201d y s\u00f3lo provocar\u00eda \u201c<em>reacciones contrarias a la revoluci\u00f3n del proletariado<\/em>\u201d.<\/p>\n\n\n\n<p>Diomedes Mercedes declar\u00f3 que la propaganda de su grupo en esos comicios estaba centrada en el objetivo de fortalecer su planteamiento de Reforma universitaria cient\u00edfica y popular, incrementar la lucha del pueblo por la liberaci\u00f3n definitiva del imperialismo yanqui y desarrollar actividades para ampliar la solidaridad internacional entre los estudiantes y los pueblos que luchaban contra la ignorancia.<\/p>\n\n\n\n<figure class=\"wp-block-image size-large\"><img loading=\"lazy\" decoding=\"async\" width=\"787\" height=\"1024\" src=\"https:\/\/diariodominicano.com\/wp-content\/uploads\/2023\/11\/URIBE-MONTAS-SALVADOR-787x1024.jpg\" alt=\"\" class=\"wp-image-490930\" srcset=\"https:\/\/diariodominicano.com\/wp-content\/uploads\/2023\/11\/URIBE-MONTAS-SALVADOR-787x1024.jpg 787w, https:\/\/diariodominicano.com\/wp-content\/uploads\/2023\/11\/URIBE-MONTAS-SALVADOR-231x300.jpg 231w, https:\/\/diariodominicano.com\/wp-content\/uploads\/2023\/11\/URIBE-MONTAS-SALVADOR-768x999.jpg 768w, https:\/\/diariodominicano.com\/wp-content\/uploads\/2023\/11\/URIBE-MONTAS-SALVADOR-816x1062.jpg 816w, https:\/\/diariodominicano.com\/wp-content\/uploads\/2023\/11\/URIBE-MONTAS-SALVADOR.jpg 1023w\" sizes=\"auto, (max-width: 787px) 100vw, 787px\" \/><figcaption>Salvador Uribe Mont\u00e1s <\/figcaption><\/figure>\n\n\n\n<p>Su declaraci\u00f3n fue rebatida por Uribe Mont\u00e1s, quien calific\u00f3 la acci\u00f3n de su grupo como la m\u00e1s consecuente, al entender que la preponderancia de la bandera socialista -situada en el nivel correspondiente a la ense\u00f1a tricolor dominicana- tend\u00eda a demostrar a largo plazo que los comunistas pose\u00edan una visi\u00f3n dial\u00e9ctica de la realidad mundial en consonancia con el marxismo aplicado como m\u00e9todo de an\u00e1lisis cient\u00edfico.<\/p>\n\n\n\n<p>A su juicio, se acercaba el momento en que, dentro del marco del desarrollo capitalista y como consecuencia de determinadas condiciones hist\u00f3ricas, econ\u00f3micas y pol\u00edticas, se producir\u00eda la desaparici\u00f3n de todas las naciones para integrar una sola sociedad (la comunista), donde flotar\u00eda la bandera roja, simbolizando la causa m\u00e1s grande de la humanidad.<\/p>\n\n\n\n<p><strong>Enfrentamientos y expulsiones<\/strong><\/p>\n\n\n\n<p>Minutos despu\u00e9s de la pol\u00e9mica ponencia de Uribe Mont\u00e1s, durante la tarde del martes 23 de mayo de 1967 -d\u00eda de las elecciones-, se produjo un roce f\u00edsico entre los parciales de la Juventud Comunista y Fragua, los cuales se movilizaban en la explanada de la Facultad de Ciencias M\u00e9dicas y una persona que nunca fue identificada sac\u00f3 un arma de fuego, originando al instante un corre-corre y una peligrosa pedrea que dur\u00f3 cerca de cinco minutos.<\/p>\n\n\n\n<figure class=\"wp-block-image size-full\"><img loading=\"lazy\" decoding=\"async\" width=\"288\" height=\"513\" src=\"https:\/\/diariodominicano.com\/wp-content\/uploads\/2023\/11\/ALMANZOR-GONZALEZ-CANAHUATE-2.jpg\" alt=\"\" class=\"wp-image-490932\" srcset=\"https:\/\/diariodominicano.com\/wp-content\/uploads\/2023\/11\/ALMANZOR-GONZALEZ-CANAHUATE-2.jpg 288w, https:\/\/diariodominicano.com\/wp-content\/uploads\/2023\/11\/ALMANZOR-GONZALEZ-CANAHUATE-2-168x300.jpg 168w\" sizes=\"auto, (max-width: 288px) 100vw, 288px\" \/><figcaption> Doctor Luis Almanzor Gonz\u00e1lez Canahuate, profesor de la escuela de Derecho y presidente de la Asociaci\u00f3n Nacional de M\u00fasicos, Cantantes y Bailarines (AMUCABA)  (Archivo)<\/figcaption><\/figure>\n\n\n\n<p>El desorden no se increment\u00f3 por la oportuna aparici\u00f3n del doctor Luis Almanzor Gonz\u00e1lez Canahuate, profesor de la escuela de Derecho y presidente de la Asociaci\u00f3n Nacional de M\u00fasicos, Cantantes y Bailarines (AMUCABA), quien asumi\u00f3 el rol de pacifista mediador y se dispuso a calmar el alboroto con la a\u00f1adida suerte de no ser tocado por los palos y piedras que zumbaron sobre su cabeza.<\/p>\n\n\n\n<p>Esa situaci\u00f3n oblig\u00f3 al doctor Julio C\u00e9sar Casta\u00f1os Espaillat, rector de la UASD, a trasladarse desde su oficina en el Alma M\u00e1ter hasta el edificio de Medicina, acompa\u00f1ado de otras autoridades acad\u00e9micas. Lleg\u00f3 all\u00ed casi enseguida, con la intenci\u00f3n de restaurar el orden y la tranquilidad en medio del tumulto, aunque corriendo el riesgo de ser agredido por un anarquista de los grupos en pugna. Sin albergar ning\u00fan tipo de temor, con mucha firmeza y de modo vehemente areng\u00f3 a los presentes, reclamando orden, censurando la ofensa al s\u00edmbolo patrio en que incurri\u00f3 la Juventud Comunista y anunciando la aplicaci\u00f3n de sanciones en\u00e9rgicas contra los estudiantes que persistieran en participar en actos an\u00e1rquicos dentro del territorio universitario, desacatando la posici\u00f3n adoptada por las autoridades. \u201c<em>Repudio con todas las fuerzas de mis sentimientos de hombre y de rector la ins\u00f3lita actitud de un grupo de estudiantes que ha enarbolado en el recinto universitario una bandera extra\u00f1a por encima de la nacional<\/em>\u201d, dijo.<\/p>\n\n\n\n<p>Tambi\u00e9n se\u00f1al\u00f3 que \u201c<em>con esa actitud, esos estudiantes se han portado como elementos extranjerizantes y han herido profundamente la dignidad nacional y de esta misma universidad, que es s\u00edmbolo de ella<\/em>\u201d. Y asegur\u00f3 que las autoridades universitarias estaban \u201c<em>decididas a no permitir que hechos de esa naturaleza vuelvan a suceder en el recinto universitario, y en caso de que se repitan, har\u00e1n caer sobre los culpables todo el peso del estatuto org\u00e1nico y de los reglamentos<\/em>\u201d.<\/p>\n\n\n\n<p>A la ma\u00f1ana siguiente, todos los diarios de circulaci\u00f3n nacional editorializaron sobre el referido incidente y d\u00edas m\u00e1s tarde, la C\u00e1mara de Diputados, en una sesi\u00f3n a la que s\u00f3lo asistieron los legisladores oficialistas, aprob\u00f3 una resoluci\u00f3n que condenada la presencia de una bandera comunista en la UASD y la calificaba como una \u201c<em>ofensa inferida a nuestra nacionalidad<\/em>\u201d.<\/p>\n\n\n\n<p>Esa resoluci\u00f3n fue sometida por el legislador de la provincia de Bahoruco, doctor Juan Esteban Olivero F\u00e9liz y secundada por los diputados Manuel Emilio P\u00e9rez y Federico Collado Melo, del Distrito Nacional y la provincia Espaillat, quienes deploraron el ultraje cometido contra el venerado pabell\u00f3n tricolor al poner en su lugar, \u201c<em>al tope de las astas, la bandera de la hoz y el martillo, s\u00edmbolo del comunismo ateo y disociador, doctrina \u00e9sta divorciada de las esencias cristianas que sirven de fundamento a la dominicanidad<\/em>\u201d.<\/p>\n\n\n\n<p>Esa realidad llev\u00f3 al Consejo Universitario, reunido de urgencia en la madrugada del s\u00e1bado 27 de mayo, a cancelar las matr\u00edculas de Salvador Uribe y los dos j\u00f3venes que izaron la bandera, y expulsar por dos y tres a\u00f1os a un grupo de estudiantes de la Juventud Comunista, con lo cual demostraba su autoridad incuestionable.<\/p>\n\n\n\n<p>Entre los expulsados estaba el exsecretario general de la FED, bachiller Alexis Licairac D\u00edaz, seguido por su hermano Leopoldo Licairac, Roberto Corcino, Jorge Mora, Zacar\u00edas Benoit (D&#8217;Artagnan) e Ismael Pe\u00f1a Tactuk. Este \u00faltimo fue responsabilizado de la agresi\u00f3n de que fue objeto el decano de la Facultad de Humanidades, doctor Andr\u00e9s Avelino hijo.<\/p>\n\n\n\n<p>Casta\u00f1os Espaillat asegur\u00f3 que con esta decisi\u00f3n se demostraba que el fundamento de la autoridad en la UASD estaba basado en la b\u00fasqueda de consenso y la opini\u00f3n de la familia universitaria sobre la necesidad del respeto a la libertad y a la democracia, de acuerdo con sus normas estatutarias. Tambi\u00e9n comunic\u00f3 al pa\u00eds que en la reuni\u00f3n del Consejo Universitario se desconoci\u00f3 a la Juventud Comunista como agrupaci\u00f3n y se cancel\u00f3 a tres empleados que intervinieron en los incidentes del d\u00eda de las elecciones.<\/p>\n\n\n\n<p><strong>Final electoral<\/strong><\/p>\n\n\n\n<p>El proceso de votaciones del martes 23 de mayo fue ejemplo de civismo y democracia interna, aunque tuvo su desarrollo en un ambiente de mucha tensi\u00f3n por la ausencia del BRUC de la contienda y porque sus dirigentes estuvieron torpedeando hasta el \u00faltimo minuto la concurrencia de estudiantes a las urnas.<\/p>\n\n\n\n<p>El grupo de la ense\u00f1a verdinegra persisti\u00f3 en la realizaci\u00f3n de una propaganda extempor\u00e1nea cerca de los centros de votaciones, apostando al fiasco electoral y acusando a las autoridades universitarias de favorecer los intereses de Fragua.<\/p>\n\n\n\n<p>Se dec\u00eda en los pasillos de la UASD que en estos comicios se manifestaba la venganza tard\u00eda de Casta\u00f1os Espaillat por la acusaci\u00f3n que le hizo el BRUC en septiembre de 1962, bajo la direcci\u00f3n del bachiller Jos\u00e9 Joaqu\u00edn Puello Herrera, haci\u00e9ndole responsable de la financiaci\u00f3n de una serie de viajes a pa\u00edses socialistas que realizaron los l\u00edderes estudiantiles Asdr\u00fabal Dom\u00ednguez Guerrero y Cayetano Armando Rodr\u00edguez del Prado.<\/p>\n\n\n\n<p>Esa imputaci\u00f3n fue la causa de su renuncia irrevocable el 18 de septiembre de 1962, contenida en el oficio No. 6586 que el Consejo Universitario remiti\u00f3 al Claustro, quien la discuti\u00f3 el 20 de octubre siguiente y acept\u00f3 por su car\u00e1cter irrevocable, eligiendo como rector al doctor Salvador Iglesias Baehr.<\/p>\n\n\n\n<p>En estas elecciones de 1967 votaron mil 448 estudiantes de un total de 6 mil 840 inscritos, obteniendo Fragua el triunfo por tercera vez consecutiva con mil 118 votos. El segundo lugar fue alcanzado por el FUSD con 230 sufragios, mientras la Juventud Comunista qued\u00f3 en tercero, al computar 73.<\/p>\n\n\n\n<p>Debido a su alta votaci\u00f3n Fragua consigui\u00f3 cinco delegados al Consejo Universitario, que fueron, a saber: Fernando B\u00e1ez Pozo, Julio Ravelo Astacio, Rafael Valencia, Sonia Vargas y Miguel \u00c1ngel Reynoso Sicard, mientras sus oponentes s\u00f3lo pudieron colocar en ese organismo al bachiller Abrah\u00e1n Bautista Alc\u00e1ntara, secretario general del FUSD.<\/p>\n\n\n\n<p>Fragua logr\u00f3 igualmente casi todos los puestos del comit\u00e9 ejecutivo de la FED, siendo electos Guaroa Ubi\u00f1as Renville, secretario general; Basilio Pel\u00e1ez, vicesecretario general; Rafael Mena, secretario de asuntos nacionales; Diomedes Mercedes, de organizaci\u00f3n; Jos\u00e9 Bujosa Mieses, de bienestar estudiantil, y Ram\u00f3n B. Castillo, de asuntos obreros y campesinos.<\/p>\n\n\n\n<p>Igualmente, Pedro Caro, de asuntos internacionales; Ar\u00edstides Mart\u00ednez, secretario de finanzas; Abrah\u00e1n Bautista Alc\u00e1ntara, de prensa y propaganda, y H\u00e9ctor Montero De Oleo, de actas y archivos.<\/p>\n\n\n\n<p>En esas elecciones Fragua obtuvo 402 votos en el Colegio Universitario, contra 69 del FUSD y 33 de la JC; 385 en Ingenier\u00eda y Arquitectura, contra 16 del FUSD y ninguno de la JC; 226 en Ciencias M\u00e9dicas, contra 34 del FUSD y 10 de la JC; 190 en Ciencias Econ\u00f3micas y Sociales, contra 39 del FUSD y 7 de la JC; 115 en Ciencias Jur\u00eddicas, contra 49 del FUSD y tres de la JC; 48 en Ciencias Agron\u00f3micas y Veterinarias, contra 15 del FUSD y dos la JC; 27 en Ciencias contra dos del FUSD y ninguno de la JC; y 25 en Humanidades, contra 15 del FUSD y uno de la JC .<\/p>\n\n\n\n<p>El enhestamiento de la bandera roja entorpeci\u00f3 el prop\u00f3sito de la Juventud Comunista de obtener una buena votaci\u00f3n en los comicios referidos. \u00a0<\/p>\n\n\n\n<p>Sebastian del pilar<a target=\"_blank\" href=\"mailto:sebastiandelpilar@gmail.com\" rel=\"noreferrer noopener\">sebastiandelpilar@gmail.com<\/a><\/p>\n","protected":false},"excerpt":{"rendered":"<p>Bandera Sovi\u00e9tica Por&nbsp;Sebasti\u00e1n Del Pilar S\u00e1nchez La ma\u00f1ana del lunes 22 de mayo de 1967, de modo inaudito flotaba airosa una bandera roja sobre el techo de la Facultad de Ingenier\u00eda y Arquitectura de la Universidad Aut\u00f3noma de Santo Domingo (UASD), que mostraba un colorido sombr\u00edo y apariencia ligeramente distinta a la ense\u00f1a particular del [&hellip;]<\/p>\n","protected":false},"author":28,"featured_media":490904,"comment_status":"closed","ping_status":"","sticky":true,"template":"","format":"standard","meta":{"footnotes":""},"categories":[36,26,22,27],"tags":[],"class_list":["post-490903","post","type-post","status-publish","format-standard","has-post-thumbnail","hentry","category-hombresmujeresycosas","category-efemerides","category-politica","category-portada"],"_links":{"self":[{"href":"https:\/\/diariodominicano.com\/index.php?rest_route=\/wp\/v2\/posts\/490903","targetHints":{"allow":["GET"]}}],"collection":[{"href":"https:\/\/diariodominicano.com\/index.php?rest_route=\/wp\/v2\/posts"}],"about":[{"href":"https:\/\/diariodominicano.com\/index.php?rest_route=\/wp\/v2\/types\/post"}],"author":[{"embeddable":true,"href":"https:\/\/diariodominicano.com\/index.php?rest_route=\/wp\/v2\/users\/28"}],"replies":[{"embeddable":true,"href":"https:\/\/diariodominicano.com\/index.php?rest_route=%2Fwp%2Fv2%2Fcomments&post=490903"}],"version-history":[{"count":20,"href":"https:\/\/diariodominicano.com\/index.php?rest_route=\/wp\/v2\/posts\/490903\/revisions"}],"predecessor-version":[{"id":490939,"href":"https:\/\/diariodominicano.com\/index.php?rest_route=\/wp\/v2\/posts\/490903\/revisions\/490939"}],"wp:featuredmedia":[{"embeddable":true,"href":"https:\/\/diariodominicano.com\/index.php?rest_route=\/wp\/v2\/media\/490904"}],"wp:attachment":[{"href":"https:\/\/diariodominicano.com\/index.php?rest_route=%2Fwp%2Fv2%2Fmedia&parent=490903"}],"wp:term":[{"taxonomy":"category","embeddable":true,"href":"https:\/\/diariodominicano.com\/index.php?rest_route=%2Fwp%2Fv2%2Fcategories&post=490903"},{"taxonomy":"post_tag","embeddable":true,"href":"https:\/\/diariodominicano.com\/index.php?rest_route=%2Fwp%2Fv2%2Ftags&post=490903"}],"curies":[{"name":"wp","href":"https:\/\/api.w.org\/{rel}","templated":true}]}}