{"id":490877,"date":"2023-11-23T12:25:53","date_gmt":"2023-11-23T16:25:53","guid":{"rendered":"https:\/\/diariodominicano.com\/?p=490877"},"modified":"2023-11-23T12:33:44","modified_gmt":"2023-11-23T16:33:44","slug":"freddy-llega-este-jueves-a-todas-las-salas-de-cine-de-republica-dominicana","status":"publish","type":"post","link":"https:\/\/diariodominicano.com\/?p=490877","title":{"rendered":"\u00abFreddy\u00bb llega este jueves a todas las salas de cine de Rep\u00fablica Dominicana"},"content":{"rendered":"\n<p> Augusto Feria tiene a su cargo la responsabilidad de interpretar al Freddy Adulto Mayor y dicen que su trabajo es excepcionalmente bueno. <\/p>\n\n\n\n<p>El cineasta Giancarlo Beras-Goico rinde tributo cinematogr\u00e1fico a la vida de su fenecido padre, Freddy Beras-Goico.<\/p>\n\n\n\n<figure class=\"wp-block-image size-large\"><img loading=\"lazy\" decoding=\"async\" width=\"1024\" height=\"683\" src=\"https:\/\/diariodominicano.com\/wp-content\/uploads\/2023\/11\/Luis-Jose-German-Freddy-jovenJPG-1536x1024-1-1024x683.jpg\" alt=\"\" class=\"wp-image-490883\" srcset=\"https:\/\/diariodominicano.com\/wp-content\/uploads\/2023\/11\/Luis-Jose-German-Freddy-jovenJPG-1536x1024-1-1024x683.jpg 1024w, https:\/\/diariodominicano.com\/wp-content\/uploads\/2023\/11\/Luis-Jose-German-Freddy-jovenJPG-1536x1024-1-300x200.jpg 300w, https:\/\/diariodominicano.com\/wp-content\/uploads\/2023\/11\/Luis-Jose-German-Freddy-jovenJPG-1536x1024-1-768x512.jpg 768w, https:\/\/diariodominicano.com\/wp-content\/uploads\/2023\/11\/Luis-Jose-German-Freddy-jovenJPG-1536x1024-1-816x544.jpg 816w, https:\/\/diariodominicano.com\/wp-content\/uploads\/2023\/11\/Luis-Jose-German-Freddy-jovenJPG-1536x1024-1.jpg 1536w\" sizes=\"auto, (max-width: 1024px) 100vw, 1024px\" \/><figcaption><br>Luis Jos\u00e9 German hace el Freddy Beras-Go\u00edco Joven, en este caso durante su participaci\u00f3n en la Guerra Constitucionalista de 1965.<\/figcaption><\/figure>\n\n\n\n<figure class=\"wp-block-image size-large is-resized\"><img loading=\"lazy\" decoding=\"async\" src=\"https:\/\/diariodominicano.com\/wp-content\/uploads\/2023\/11\/Luis-Jose\u0301-Germa\u0301n-Freddy-joven-1-1024x683.jpg\" alt=\"\" class=\"wp-image-490885\" width=\"616\" height=\"410\" srcset=\"https:\/\/diariodominicano.com\/wp-content\/uploads\/2023\/11\/Luis-Jose\u0301-Germa\u0301n-Freddy-joven-1-1024x683.jpg 1024w, https:\/\/diariodominicano.com\/wp-content\/uploads\/2023\/11\/Luis-Jose\u0301-Germa\u0301n-Freddy-joven-1-300x200.jpg 300w, https:\/\/diariodominicano.com\/wp-content\/uploads\/2023\/11\/Luis-Jose\u0301-Germa\u0301n-Freddy-joven-1-768x512.jpg 768w, https:\/\/diariodominicano.com\/wp-content\/uploads\/2023\/11\/Luis-Jose\u0301-Germa\u0301n-Freddy-joven-1-1536x1024.jpg 1536w, https:\/\/diariodominicano.com\/wp-content\/uploads\/2023\/11\/Luis-Jose\u0301-Germa\u0301n-Freddy-joven-1-2048x1365.jpg 2048w, https:\/\/diariodominicano.com\/wp-content\/uploads\/2023\/11\/Luis-Jose\u0301-Germa\u0301n-Freddy-joven-1-816x544.jpg 816w\" sizes=\"auto, (max-width: 616px) 100vw, 616px\" \/><figcaption>Luis Jos\u00e9 Germ\u00e1n<\/figcaption><\/figure>\n\n\n\n<p>Servicio de Prensa<\/p>\n\n\n\n<p>La pel\u00edcula biogr\u00e1fica \u00abFreddy\u00bb, dirigida por el cineasta Giancarlo Beras-Go\u00edco, dedicada a Freddy Beras Go\u00edco una inmersi\u00f3n profunda en la vida de uno de los artistas m\u00e1s destacados de la Rep\u00fablica Dominicana.<\/p>\n\n\n\n<p>El primer anuncio de que la pel\u00edcula Freddy seria rodada, lo hizo Goiancarlo Beras-Go\u00edco en junio de 2018, indicando que se iniciar\u00eda en 2019, pero era ese el a\u00f1o previo a la pandemia y se produjo un retraso general.<\/p>\n\n\n\n<p>Augusto Feria encarnar\u00e1 a Freddy Beras Go\u00edco en su etapa adulta, mientras que Luis Jos\u00e9 Germ\u00e1n interpretar\u00e1 al protagonista en su juventud, mientras que Bernardita Garc\u00eda personificar\u00e1 a Pilar Mej\u00eda de Beras-Goico, esposa de Freddy.<\/p>\n\n\n\n<p>La produccion estuvo a cargo de Alfonso Rodr\u00edguez con un elenco compuesto Axel Mansilla (como Giancarlo), Graciella Dietsch (Laura), Vlad Sosa (Don M\u00e1ximo, hermano), Yamilet Schecker (Do\u00f1a Angiolina), Pepe Sierra (Felipe Polanco), Fausto Rojas (Cuqu\u00edn Victoria) y H\u00e9ctor An\u00edbal Estrella (oficial de la revoluci\u00f3n de abril de 1965).<\/p>\n\n\n\n<p>El guionista Jos\u00e9 V\u00e1squez Green, quien ha desarrollado un guion basado en las vivencias de Freddy y las historias que \u00e9l mismo hizo p\u00fablicas\u201d.<\/p>\n\n\n\n<p>En los aspectos t\u00e9cnicos est\u00e1n: &nbsp;direcci\u00f3n de fotograf\u00eda: Frankie B\u00e1ez; producci\u00f3n de l\u00ednea: Eileen Santana; direcci\u00f3n de arte: Giselle Madera; Casting: Kiali Rodriguez; Vestuario: Karla Riggs; musicalizaci\u00f3n: Alex Mansilla; edici\u00f3n: Tabar\u00e9 Blanchard y el dise\u00f1o de Sonido: Franklin Hern\u00e1ndez.<\/p>\n\n\n\n<p>\u00abLa pel\u00edcula narra los momentos m\u00e1s trascendentales de la vida de mi padre: su infancia, el exilio, sus a\u00f1os revolucionarios, su impacto en la televisi\u00f3n dominicana y su lamentable fallecimiento en 2010 tras su lucha contra el c\u00e1ncer. En ella presentamos la visi\u00f3n nuestra de lo que fue su paso por la vida\u00bb, expres\u00f3 Giancarlo Beras-Go\u00edco.&nbsp;<\/p>\n\n\n\n<p>Freddy Beras-Go\u00edco, fallecido el 18 de noviembre de 2010 a causa de un c\u00e1ncer de p\u00e1ncreas, dej\u00f3 un legado imborrable en la televisi\u00f3n y la sociedad dominicana. Con una carrera que abarc\u00f3 m\u00e1s de 50 a\u00f1os, impact\u00f3 las vidas de miles de familias necesitadas, mientras que programas emblem\u00e1ticos como \u00abEl Gordo de la Semana\u00bb, \u00abEl Show del Mediod\u00eda\u00bb y \u00abPunto Final\u00bb solidificaron su lugar en la historia del entretenimiento dominicano.<\/p>\n\n\n\n<p>Jose Rafael Paula Sosa<a target=\"_blank\" href=\"mailto:joserafael.sosa@gmail.com\" rel=\"noreferrer noopener\">joserafael.sosa@gmail.com<\/a><\/p>\n\n\n\n<p><strong>La ficha<\/strong><\/p>\n\n\n\n<p>Pie de foto<\/p>\n\n\n\n<p>Augusto Feria tiene a su cargo la responsabilidad de interpretar al Freddy Adulto Mayor y dicen que su trabajo es excepcionalmente bueno.<\/p>\n\n\n\n<p>Augusto Feria y el director de Fredy Giancarlo Beras-Go\u00edco durante una toma en la oficina de Freddy en la avenida BOLIVAR<\/p>\n\n\n\n<p>Luis Jos\u00e9 German hace el Freddy Beras-Go\u00edco Joven, en este caso durante su participaci\u00f3n en la Guerra Constitucionalista de 1965.<\/p>\n","protected":false},"excerpt":{"rendered":"<p>Augusto Feria tiene a su cargo la responsabilidad de interpretar al Freddy Adulto Mayor y dicen que su trabajo es excepcionalmente bueno. El cineasta Giancarlo Beras-Goico rinde tributo cinematogr\u00e1fico a la vida de su fenecido padre, Freddy Beras-Goico. Servicio de Prensa La pel\u00edcula biogr\u00e1fica \u00abFreddy\u00bb, dirigida por el cineasta Giancarlo Beras-Go\u00edco, dedicada a Freddy Beras [&hellip;]<\/p>\n","protected":false},"author":28,"featured_media":490878,"comment_status":"closed","ping_status":"","sticky":true,"template":"","format":"standard","meta":{"footnotes":""},"categories":[21,36,25,27,32],"tags":[],"class_list":["post-490877","post","type-post","status-publish","format-standard","has-post-thumbnail","hentry","category-cultura","category-hombresmujeresycosas","category-gente","category-portada","category-turismo"],"_links":{"self":[{"href":"https:\/\/diariodominicano.com\/index.php?rest_route=\/wp\/v2\/posts\/490877","targetHints":{"allow":["GET"]}}],"collection":[{"href":"https:\/\/diariodominicano.com\/index.php?rest_route=\/wp\/v2\/posts"}],"about":[{"href":"https:\/\/diariodominicano.com\/index.php?rest_route=\/wp\/v2\/types\/post"}],"author":[{"embeddable":true,"href":"https:\/\/diariodominicano.com\/index.php?rest_route=\/wp\/v2\/users\/28"}],"replies":[{"embeddable":true,"href":"https:\/\/diariodominicano.com\/index.php?rest_route=%2Fwp%2Fv2%2Fcomments&post=490877"}],"version-history":[{"count":6,"href":"https:\/\/diariodominicano.com\/index.php?rest_route=\/wp\/v2\/posts\/490877\/revisions"}],"predecessor-version":[{"id":490887,"href":"https:\/\/diariodominicano.com\/index.php?rest_route=\/wp\/v2\/posts\/490877\/revisions\/490887"}],"wp:featuredmedia":[{"embeddable":true,"href":"https:\/\/diariodominicano.com\/index.php?rest_route=\/wp\/v2\/media\/490878"}],"wp:attachment":[{"href":"https:\/\/diariodominicano.com\/index.php?rest_route=%2Fwp%2Fv2%2Fmedia&parent=490877"}],"wp:term":[{"taxonomy":"category","embeddable":true,"href":"https:\/\/diariodominicano.com\/index.php?rest_route=%2Fwp%2Fv2%2Fcategories&post=490877"},{"taxonomy":"post_tag","embeddable":true,"href":"https:\/\/diariodominicano.com\/index.php?rest_route=%2Fwp%2Fv2%2Ftags&post=490877"}],"curies":[{"name":"wp","href":"https:\/\/api.w.org\/{rel}","templated":true}]}}