{"id":490777,"date":"2023-11-23T08:57:06","date_gmt":"2023-11-23T12:57:06","guid":{"rendered":"https:\/\/diariodominicano.com\/?p=490777"},"modified":"2023-11-23T08:57:06","modified_gmt":"2023-11-23T12:57:06","slug":"tony-de-la-cruz-se-impone-en-el-ciclismo-masculino-trigesimos-terceros-juegos-san-vicente","status":"publish","type":"post","link":"https:\/\/diariodominicano.com\/?p=490777","title":{"rendered":"Tony De la Cruz se impone en el ciclismo masculino trig\u00e9simos terceros juegos San Vicente"},"content":{"rendered":"\n<p> Ganadores de los tres primeros lugares\u00a0 del ciclismo de los juegos San<br>Vicente junto a los coordinadores de esa disciplina de los juegos San<br>Vicente. <\/p>\n\n\n\n<p>El vers\u00e1til Tony de la Cruz se alz\u00f3 con los m\u00e1ximos honores del<br>ciclismo individual de los trig\u00e9simos terceros juegos deportivos San<br>Vicente en un amplio recorrido en el trayecto de 42 kil\u00f3metros que<br>estaba pactada la competencia.<br>La ruta que abarc\u00f3 la cancha Pedro Emilio Reyes del sector de Pueblo<br>Nuevo en San Francisco de Macor\u00eds hasta el parque municipal de<br>Pimentel y regresar nuevamente al complejo deportivo Juan Pablo Duarte<br>de esta ciudad\u00a0 fue ganada por el veterano pedalista ante un<br>espectacular spring en los \u00faltimos metros del\u00a0 trayecto.<br>De la Cruz realiz\u00f3 el trayecto en una hora, ocho minutos y 23 segundos<br>\u00a0y para lograr la apretada competencia que deleito a los seguidos de<br>esa disciplina deportiva.<br>\u00a0De su lado el experimentado\u00a0 pedalista Eduard Amezquita\u00a0 logr\u00f3 la<br>importante segunda posici\u00f3n en representaci\u00f3n de la zona Sixto Paulino<br>cronometrando 1:08:29.<br>El tercer pelda\u00f1o fue para Leo Taxi de la zona Pedro Emilio Reyes<br>parando el reloj en una hora, ocho minutos y 41 segundos.<br>\u00a0En la cuarta posici\u00f3n quedo el veterano de mil batallas Jos\u00e9 Rafael<br>Alegr\u00eda (Mu\u00f1eco) de la zona Manuel Emilio L\u00f3pez quien promedio en el<br>trayecto 1:09:02.<br>La premiaci\u00f3n de los mejores atletas de esta disciplina ser\u00e1 realizada<br>este s\u00e1bado 25 de noviembre en el sal\u00f3n de actos de la alcald\u00eda<br>francomacorisana.<br>El exitoso evento deportivo fue coordinado por el legendario ciclista<br>Eladio Hidalgo (Chicho) monitor de ciclismo del ministerio de deportes<br>bajo la supervisi\u00f3n del t\u00e9cnico federado Julio Fern\u00e1ndez.<\/p>\n\n\n\n<p>Tony Reyes<a target=\"_blank\" href=\"mailto:tonyreyes1966@gmail.com\" rel=\"noreferrer noopener\">tonyreyes1966@gmail.com<\/a><\/p>\n\n\n\n<p><br><\/p>\n","protected":false},"excerpt":{"rendered":"<p>Ganadores de los tres primeros lugares\u00a0 del ciclismo de los juegos SanVicente junto a los coordinadores de esa disciplina de los juegos SanVicente. El vers\u00e1til Tony de la Cruz se alz\u00f3 con los m\u00e1ximos honores delciclismo individual de los trig\u00e9simos terceros juegos deportivos SanVicente en un amplio recorrido en el trayecto de 42 kil\u00f3metros queestaba [&hellip;]<\/p>\n","protected":false},"author":28,"featured_media":490778,"comment_status":"closed","ping_status":"","sticky":true,"template":"","format":"standard","meta":{"footnotes":""},"categories":[17,27,32],"tags":[],"class_list":["post-490777","post","type-post","status-publish","format-standard","has-post-thumbnail","hentry","category-deportes","category-portada","category-turismo"],"_links":{"self":[{"href":"https:\/\/diariodominicano.com\/index.php?rest_route=\/wp\/v2\/posts\/490777","targetHints":{"allow":["GET"]}}],"collection":[{"href":"https:\/\/diariodominicano.com\/index.php?rest_route=\/wp\/v2\/posts"}],"about":[{"href":"https:\/\/diariodominicano.com\/index.php?rest_route=\/wp\/v2\/types\/post"}],"author":[{"embeddable":true,"href":"https:\/\/diariodominicano.com\/index.php?rest_route=\/wp\/v2\/users\/28"}],"replies":[{"embeddable":true,"href":"https:\/\/diariodominicano.com\/index.php?rest_route=%2Fwp%2Fv2%2Fcomments&post=490777"}],"version-history":[{"count":1,"href":"https:\/\/diariodominicano.com\/index.php?rest_route=\/wp\/v2\/posts\/490777\/revisions"}],"predecessor-version":[{"id":490779,"href":"https:\/\/diariodominicano.com\/index.php?rest_route=\/wp\/v2\/posts\/490777\/revisions\/490779"}],"wp:featuredmedia":[{"embeddable":true,"href":"https:\/\/diariodominicano.com\/index.php?rest_route=\/wp\/v2\/media\/490778"}],"wp:attachment":[{"href":"https:\/\/diariodominicano.com\/index.php?rest_route=%2Fwp%2Fv2%2Fmedia&parent=490777"}],"wp:term":[{"taxonomy":"category","embeddable":true,"href":"https:\/\/diariodominicano.com\/index.php?rest_route=%2Fwp%2Fv2%2Fcategories&post=490777"},{"taxonomy":"post_tag","embeddable":true,"href":"https:\/\/diariodominicano.com\/index.php?rest_route=%2Fwp%2Fv2%2Ftags&post=490777"}],"curies":[{"name":"wp","href":"https:\/\/api.w.org\/{rel}","templated":true}]}}