{"id":490771,"date":"2023-11-23T08:52:19","date_gmt":"2023-11-23T12:52:19","guid":{"rendered":"https:\/\/diariodominicano.com\/?p=490771"},"modified":"2023-11-23T08:58:48","modified_gmt":"2023-11-23T12:58:48","slug":"batista-y-espinal-dominan-competencia-olimpiadas-especiales-de-baloncesto-juegos-san-vicente","status":"publish","type":"post","link":"https:\/\/diariodominicano.com\/?p=490771","title":{"rendered":"Batista y Espinal dominan competencia olimpiadas especiales de baloncesto Juegos San Vicente"},"content":{"rendered":"\n<p> Ni\u00f1os ganadores junto a los profesores de las olimpiadas especiales<br>del baloncesto en ambos sexos de los juegos San Vicente. <\/p>\n\n\n\n<p>Los ni\u00f1os Eudys Espinal y Desiree Batista se coronaron campeones en la<br>competencia de baloncesto en ambas ramas de las olimpiadas especiales<br>que organiz\u00f3 el comit\u00e9 de&nbsp; los juegos San Vicente en la versi\u00f3n 33 de<br>la tradicional actividad.<\/p>\n\n\n\n<p><br>Euduys Espinal logr\u00f3 el primer lugar del evento en esta primera<br>competencia para ni\u00f1os especiales del centro educativo LARPE tras<br>encestar seis canastos en 10 intentos al aro.<\/p>\n\n\n\n<p><br>El segundo lugar lo obtuvo el ni\u00f1o Fraylin Paulino en tanto que el<br>tercer pelda\u00f1o fue conquistado por Juan Fernando Then.<\/p>\n\n\n\n<p><br>En la rama femenina el primer lugar para la vers\u00e1til Desiree&nbsp; Batista<br>quien realiz\u00f3 una loable labor lanzando al canasto de esa modalidad.<br>El segundo puesto lo ocup\u00f3 Yamiry Roque Reyes&nbsp; que tambi\u00e9n realizo una<br>buena labor en tanto que el tercer lugar fue para Yanilenny Polanco.<\/p>\n\n\n\n<p><br>Previo a las competencias el profesor David de Jes\u00fas&nbsp; coordinador<br>general del evento destac\u00f3 que las actividades del baloncesto en ambas<br>ramas para ni\u00f1os especiales es con el objetivo de la inclusi\u00f3n en el<br>deporte a estos j\u00f3venes deportistas.<\/p>\n\n\n\n<p><br>\u201cNo podemos obviar que estos ni\u00f1os son parte de nuestra sociedad por<br>lo que debemos hacerles esta clase de eventos&nbsp; deportivos\u201d.<\/p>\n\n\n\n<p><br>Calific\u00f3 de exitosa y emotiva el encuentro deportivo donde observ\u00f3 un<br>gran talento de estos atletas&nbsp; que por primera vez participan en los<br>tradicionales juegos.<\/p>\n\n\n\n<p>Tony Reyes<a target=\"_blank\" href=\"mailto:tonyreyes1966@gmail.com\" rel=\"noreferrer noopener\">tonyreyes1966@gmail.com<\/a><\/p>\n\n\n\n<p><br><\/p>\n","protected":false},"excerpt":{"rendered":"<p>Ni\u00f1os ganadores junto a los profesores de las olimpiadas especialesdel baloncesto en ambos sexos de los juegos San Vicente. Los ni\u00f1os Eudys Espinal y Desiree Batista se coronaron campeones en lacompetencia de baloncesto en ambas ramas de las olimpiadas especialesque organiz\u00f3 el comit\u00e9 de&nbsp; los juegos San Vicente en la versi\u00f3n 33 dela tradicional actividad. [&hellip;]<\/p>\n","protected":false},"author":28,"featured_media":490774,"comment_status":"closed","ping_status":"","sticky":true,"template":"","format":"standard","meta":{"footnotes":""},"categories":[17,27,32],"tags":[],"class_list":["post-490771","post","type-post","status-publish","format-standard","has-post-thumbnail","hentry","category-deportes","category-portada","category-turismo"],"_links":{"self":[{"href":"https:\/\/diariodominicano.com\/index.php?rest_route=\/wp\/v2\/posts\/490771","targetHints":{"allow":["GET"]}}],"collection":[{"href":"https:\/\/diariodominicano.com\/index.php?rest_route=\/wp\/v2\/posts"}],"about":[{"href":"https:\/\/diariodominicano.com\/index.php?rest_route=\/wp\/v2\/types\/post"}],"author":[{"embeddable":true,"href":"https:\/\/diariodominicano.com\/index.php?rest_route=\/wp\/v2\/users\/28"}],"replies":[{"embeddable":true,"href":"https:\/\/diariodominicano.com\/index.php?rest_route=%2Fwp%2Fv2%2Fcomments&post=490771"}],"version-history":[{"count":2,"href":"https:\/\/diariodominicano.com\/index.php?rest_route=\/wp\/v2\/posts\/490771\/revisions"}],"predecessor-version":[{"id":490780,"href":"https:\/\/diariodominicano.com\/index.php?rest_route=\/wp\/v2\/posts\/490771\/revisions\/490780"}],"wp:featuredmedia":[{"embeddable":true,"href":"https:\/\/diariodominicano.com\/index.php?rest_route=\/wp\/v2\/media\/490774"}],"wp:attachment":[{"href":"https:\/\/diariodominicano.com\/index.php?rest_route=%2Fwp%2Fv2%2Fmedia&parent=490771"}],"wp:term":[{"taxonomy":"category","embeddable":true,"href":"https:\/\/diariodominicano.com\/index.php?rest_route=%2Fwp%2Fv2%2Fcategories&post=490771"},{"taxonomy":"post_tag","embeddable":true,"href":"https:\/\/diariodominicano.com\/index.php?rest_route=%2Fwp%2Fv2%2Ftags&post=490771"}],"curies":[{"name":"wp","href":"https:\/\/api.w.org\/{rel}","templated":true}]}}