{"id":49073,"date":"2020-10-01T03:33:41","date_gmt":"2020-10-01T03:33:41","guid":{"rendered":"http:\/\/diariodominicano.ddns.net\/?p=49073"},"modified":"2020-10-01T03:33:41","modified_gmt":"2020-10-01T03:33:41","slug":"restauradores-y-ejercito-espanol-se-enfrentan-en-azua-2","status":"publish","type":"post","link":"https:\/\/diariodominicano.com\/?p=49073","title":{"rendered":"Restauradores y Ej\u00e9rcito Espa\u00f1ol se enfrentan  en Azua"},"content":{"rendered":"<p><body><\/p>\n<p><img decoding=\"async\" src=\"img3\/Restauradores y Ejercito Espanol se enfrentan en Azua 1.jpg\" \/>  <\/p>\n<p><strong>Diariodominicano.com<\/strong><\/p>\n<p><strong>Restauradores y Ej\u00e9rcito Espa\u00f1ol se enfrentan  en Azua<\/strong><\/p>\n<p><strong> Los espa\u00f1oles luego de fuertes enfrentamientos en las inmediaciones del r\u00edo Jura, en Azua, lograron ocupar tres cajas de municiones y dos piezas de artiller\u00eda.<\/strong><\/p>\n<p><strong>AZUA, el  1 de octubre de 1863<\/strong>, durante la Guerra de la Restauraci\u00f3n, tropas espa\u00f1olas al mando del general Eusebio Puello,  se enfrentaron  en Azua  a las fuerzas restauradoras al mando del general Jos\u00e9 Dur\u00e1n.<\/p>\n<\/p>\n<p>    Los espa\u00f1oles luego de fuertes enfrentamientos en las inmediaciones del r\u00edo Jura, en Azua, lograron ocupar tres cajas de municiones y dos piezas de artiller\u00eda.<\/p>\n<\/p>\n<p>     El general Jos\u00e9 Dur\u00e1n y sus tropas hab\u00edan salido de San Juan de la Maguana, con el prop\u00f3sito de desalojar a los anexionistas de Azua.<\/p>\n<\/p>\n<p>    En ese momento los restauradores ten\u00edan el control del Cibao y recib\u00edan el apoyo de representativos de los dem\u00e1s pueblos.<\/p>\n<\/p>\n<p>    La Guerra de la Restauraci\u00f3n hab\u00eda comenzado el 16  de agosto  de 1863.- <\/p>\n<\/p>\n<h6> 2020-10-01 03:33:41 <\/h6>\n<p><!--\n<link rel=\"stylesheet\" href=\"css\/bootstrap.min.css\">\n\n\n<ul class=\"pagination\">\n\t    \n\t\n\n<li >\n\t<a href='?page_no=174'>Previous<\/a>\n\t<\/li>\n\n\n       \n    \n\n<li><a href='?page_no=1'>1<\/a><\/li>\n\n\n\n<li><a href='?page_no=2'>2<\/a><\/li>\n\n\n\n<li><a>...<\/a><\/li>\n\n\n\n<li><a href='?page_no=173'>173<\/a><\/li>\n\n\n\n<li><a href='?page_no=174'>174<\/a><\/li>\n\n\n\n<li class='active'><a>175<\/a><\/li>\n\n\n\n<li><a href='?page_no=176'>176<\/a><\/li>\n\n\n\n<li><a href='?page_no=177'>177<\/a><\/li>\n\n\n\n<li><a>...<\/a><\/li>\n\n\n\n<li><a href='?page_no=22911'>22911<\/a><\/li>\n\n\n\n<li><a href='?page_no=22912'>22912<\/a><\/li>\n\n    \n\t\n\n<li >\n\t<a href='?page_no=176'>Next<\/a>\n\t<\/li>\n\n\n    \n\n<li><a href='?page_no=22912'>Last &rsaquo;&rsaquo;<\/a><\/li>\n\n<\/ul>\n\n\n--><br \/>\n<\/body><\/p>\n","protected":false},"excerpt":{"rendered":"<p>Diariodominicano.com Restauradores y Ej\u00e9rcito Espa\u00f1ol se enfrentan en Azua Los espa\u00f1oles luego de fuertes enfrentamientos en las inmediaciones del r\u00edo Jura, en Azua, lograron ocupar tres cajas de municiones y dos piezas de artiller\u00eda. AZUA, el 1 de octubre de 1863, durante la Guerra de la Restauraci\u00f3n, tropas espa\u00f1olas al mando del general Eusebio Puello, [&hellip;]<\/p>\n","protected":false},"author":3,"featured_media":0,"comment_status":"open","ping_status":"open","sticky":false,"template":"","format":"standard","meta":{"footnotes":""},"categories":[21],"tags":[],"class_list":["post-49073","post","type-post","status-publish","format-standard","hentry","category-cultura"],"_links":{"self":[{"href":"https:\/\/diariodominicano.com\/index.php?rest_route=\/wp\/v2\/posts\/49073","targetHints":{"allow":["GET"]}}],"collection":[{"href":"https:\/\/diariodominicano.com\/index.php?rest_route=\/wp\/v2\/posts"}],"about":[{"href":"https:\/\/diariodominicano.com\/index.php?rest_route=\/wp\/v2\/types\/post"}],"author":[{"embeddable":true,"href":"https:\/\/diariodominicano.com\/index.php?rest_route=\/wp\/v2\/users\/3"}],"replies":[{"embeddable":true,"href":"https:\/\/diariodominicano.com\/index.php?rest_route=%2Fwp%2Fv2%2Fcomments&post=49073"}],"version-history":[{"count":0,"href":"https:\/\/diariodominicano.com\/index.php?rest_route=\/wp\/v2\/posts\/49073\/revisions"}],"wp:attachment":[{"href":"https:\/\/diariodominicano.com\/index.php?rest_route=%2Fwp%2Fv2%2Fmedia&parent=49073"}],"wp:term":[{"taxonomy":"category","embeddable":true,"href":"https:\/\/diariodominicano.com\/index.php?rest_route=%2Fwp%2Fv2%2Fcategories&post=49073"},{"taxonomy":"post_tag","embeddable":true,"href":"https:\/\/diariodominicano.com\/index.php?rest_route=%2Fwp%2Fv2%2Ftags&post=49073"}],"curies":[{"name":"wp","href":"https:\/\/api.w.org\/{rel}","templated":true}]}}