{"id":49062,"date":"2020-10-01T03:54:37","date_gmt":"2020-10-01T03:54:37","guid":{"rendered":"http:\/\/diariodominicano.ddns.net\/?p=49062"},"modified":"2020-10-01T03:54:37","modified_gmt":"2020-10-01T03:54:37","slug":"muere-quino-creador-de-mafalda-y-una-vasta-obra-humoristica","status":"publish","type":"post","link":"https:\/\/diariodominicano.com\/?p=49062","title":{"rendered":"Muere Quino, creador de Mafalda y una vasta obra humor\u00edstica"},"content":{"rendered":"<p><body><\/p>\n<p><img decoding=\"async\" src=\"img3\/800.jpg\" \/>  <\/p>\n<p><strong>Muere Quino, creador de Mafalda y una vasta obra humor\u00edstica<\/strong><\/p>\n<p><strong>Por ALMUDENA CALATRAVA<\/strong><\/p>\n<p><strong>1 of 8<\/strong><\/p>\n<p><strong>En esta foto del 15 de septiembre de 2014, el caricaturista argentino Joaqu\u00edn Salvador Lavado, m\u00e1s conocido como \u00abQuino\u00bb, posa junto a su personaje de Mafalda en la exposici\u00f3n \u00abEl mundo seg\u00fan Mafalda\u00bb, en Buenos Aires. Quino muri\u00f3 el mi\u00e9rcoles 30 de septiembre de 2020, inform\u00f3 su editor Daniel Divinsky en redes sociales. Ten\u00eda 88 a\u00f1os. (AP Foto\/Natacha Pisarenko, Archivo)<\/strong><\/p>\n<p><strong>BUENOS AIRES (AP) &#8211; <\/strong>El dibujante y humorista gr\u00e1fico argentino \u00abQuino\u00bb, creador de la ni\u00f1a contestataria Mafalda que con su acidez e iron\u00eda hizo re\u00edr a millones de lectores en el mundo, falleci\u00f3 el mi\u00e9rcoles. Ten\u00eda 88 a\u00f1os.<\/p>\n<\/p>\n<p>El deceso de Joaqu\u00edn Salvador Lavado, su verdadero nombre, fue anunciado por Daniel Divinsky, quien fue su editor. \u00abSe muri\u00f3 Quino. Toda la gente buena en el pa\u00eds y en el mundo, lo llorar\u00e1\u00bb, escribi\u00f3 en Twitter.<\/p>\n<\/p>\n<p>Muchos miembros de la clase pol\u00edtica argentina lamentaron la p\u00e9rdida del autor de la tira c\u00f3mica basada en la peque\u00f1a de seis a\u00f1os de pelo oscuro y oriunda de Buenos Aires que interpelaba a los adultos con irreverencia.<\/p>\n<\/p>\n<p>La vicepresidenta y exmandataria (2007-2015) Cristina Fern\u00e1ndez de Kirchner subi\u00f3 un video en Twitter en el que, con ocasi\u00f3n de la inauguraci\u00f3n en 2012 de un centro cultural en Mendoza, la provincia natal de Quino, puede verse c\u00f3mo el dibujante le dese\u00f3 con humor \u00abmucha suerte en esta changuita (este trabajo) de gobernar que tiene usted\u00bb.<\/p>\n<\/p>\n<p>En esa ocasi\u00f3n, la mandataria resalt\u00f3 que Quino \u00abdec\u00eda las cosas que no se pod\u00edan decir en \u00e9pocas en que la palabra estaba prohibida y Mafalda interpelaba a la sociedad con mucha fortaleza\u00bb.<\/p>\n<\/p>\n<p>El jefe de Gabinete, Santiago Cafiero, se\u00f1al\u00f3 que su \u00abinmensa obra estar\u00e1 siempre presente en la historia argentina y en la memoria colectiva de quienes la disfrutamos\u00bb.<\/p>\n<\/p>\n<p>Historietistas y artistas de Argentina y otros pa\u00edses lo recordaron con cari\u00f1o.<\/p>\n<\/p>\n<p>\u00abA los 88 a\u00f1os nos deja un genio del humor. Un tit\u00e1n del c\u00f3mic argentino. Joaqu\u00edn Lavado ?Quino?. Maestro del humor gr\u00e1fico y creador de Mafalda. Sus vi\u00f1etas seguir\u00e1n aqu\u00ed para nuestro disfrute. DEP\u00bb, dijo el comediante espa\u00f1ol Santiago Segura.<\/p>\n<\/p>\n<p>El cantautor espa\u00f1ol Alejandro Sanz se consider\u00f3 un admirador del dibujante y su peque\u00f1a criatura. \u00abMe encantaba #Mafalda y la visi\u00f3n del mundo a trav\u00e9s de tu pluma #Quino #DEPQuino\u00bb, se\u00f1al\u00f3.<\/p>\n<\/p>\n<p>La Real Academia Espa\u00f1ola destac\u00f3 la universalidad del humorista. \u00abSus certeras palabras viajaron a ambos lados del Atl\u00e1ntico gracias a sus vi\u00f1etas y su peculiar sentido del humor\u00bb, dijo la instituci\u00f3n en su cuenta de Twitter.<\/p>\n<\/p>\n<p>Varios ramos de flores fueron depositados en el banco en Buenos Aires donde est\u00e1 sentada una una estatua de Mafalda y a cuyos lados se encuentran parados sus amigos Susanita y Manolito.<\/p>\n<\/p>\n<p>El argentino Claudio Demichelis, quien trabaja en la marina mercante, fue uno de los admiradores de Quino que dej\u00f3 su ramo.<\/p>\n<\/p>\n<p>\u00abReci\u00e9n me enter\u00e9 y fui a la florer\u00eda, y un amigo me dijo ?llevate tambi\u00e9n un copita de vino?&#8230; Le hice mi peque\u00f1o homenaje en dos minutos, lo menos que puedo hacer\u00bb, dijo Demichelis a The Associated Press luego de hacer un brindis por el humorista.<\/p>\n<\/p>\n<p>El hombre indic\u00f3 que aunque el humor de Quino fue universal, nadie mejor que \u00e9l supo reflejar con iron\u00eda los problemas de los argentinos. \u00abEs una parte de nuestra historia\u00bb, afirm\u00f3.<\/p>\n<\/p>\n<p>El tributo escult\u00f3rico a la ni\u00f1a porte\u00f1a se encuentra en el barrio de San Telmo, donde seg\u00fan la tira c\u00f3mica ella viv\u00eda con sus padres y su peque\u00f1o hermano.<\/p>\n<\/p>\n<p>Seg\u00fan diarios de Mendoza, en el oeste de Argentina, Quino muri\u00f3 en la localidad mendocina de Luj\u00e1n de Cuyo, donde resid\u00eda. Sufr\u00eda problemas de salud y un paulatino deterioro desde hace tiempo. En los \u00faltimos a\u00f1os padeci\u00f3 un glaucoma que le afect\u00f3 seriamente la vista.<\/p>\n<\/p>\n<p>El dibujante se hab\u00eda trasladado de Buenos Aires a su provincia natal en 2017 luego del fallecimiento de su pareja, Alicia Colombo.<\/p>\n<\/p>\n<p>En su 88mo cumplea\u00f1os, en julio, en medio de la pandemia de coronavirus, el humorista recibi\u00f3 el \u00ababrazo virtual\u00bb de miles de mendocinos, quienes le enviaron dibujos, videos, fotos y mensajes.<\/p>\n<\/p>\n<p>El martes se hab\u00edan cumplido 56 a\u00f1os de la primera publicaci\u00f3n de Mafalda, que se llev\u00f3 a cabo en la revista Primera Plana.<\/p>\n<\/p>\n<p>Quino combin\u00f3 magistralmente la iron\u00eda, la acidez y la ternura en su vasta obra como humorista.<\/p>\n<\/p>\n<p>En 1963, siendo un autor poco conocido fuera de un c\u00edrculo reducido de cultores del g\u00e9nero, public\u00f3 en Buenos Aires un libro de humor gr\u00e1fico llamado \u00abMundo Quino\u00bb. Fue el lanzamiento del dibujante creador de la irreverente Mafalda y sus amigos.<\/p>\n<\/p>\n<p>ADVERTISEMENT<\/p>\n<\/p>\n<p>El historietista se catapult\u00f3 a la fama con la ni\u00f1a contestataria a la que dio vida en 1964. Sin embargo, su obra va mucho m\u00e1s all\u00e1, tal como qued\u00f3 patente en los libros de humor que produjo a lo largo de su vida.<\/p>\n<\/p>\n<p>Los personajes eran personas normales y corrientes: ni\u00f1os, amas de casa, empleados explotados por sus jefes, v\u00edctimas del absurdo, el autoritarismo y sus propias limitaciones. Cada chiste gr\u00e1fico era una peque\u00f1a historia, desopilante y a veces de una tristeza desgarradora.<\/p>\n<\/p>\n<p>De 1976, cuando comenz\u00f3 la \u00faltima dictadura militar en Argentina, son \u00abYo que usted\u00bb y \u00ab\u00a1No me grite!\u00bb, editados en M\u00e9xico y Portugal. Otras recopilaciones son \u00abNi arte ni parte\u00bb (1981), \u00abGente en su sitio\u00bb (1986), \u00abPotentes, prepotentes e impotentes\u00bb (1989), \u00abYo no fui\u00bb (1994), \u00abLa aventura de comer\u00bb (2007) y \u00ab\u00bfQui\u00e9n anda ah\u00ed?\u00bb (2012).<\/p>\n<\/p>\n<p>Sin embargo, el inter\u00e9s por la peque\u00f1a Mafalda permaneci\u00f3 y sus libros continuaron imprimi\u00e9ndose. As\u00ed, fue elegida para acompa\u00f1ar campa\u00f1as de UNICEF, la Cruz Roja Espa\u00f1ola y la Canciller\u00eda argentina.<\/p>\n<\/p>\n<p>A los 81 a\u00f1os, Quino reconoci\u00f3 a medios de prensa que hab\u00eda dejado de dibujar por algunos problemas de su vista y puntualiz\u00f3 que estaba satisfecho porque hab\u00eda dicho \u00abcasi todo\u00bb lo que sinti\u00f3 a lo largo de su vida. Pese a ello, las tiras de sus historietas se siguieron publicando.<\/p>\n<\/p>\n<p>En 2014 recibi\u00f3 el Premio Pr\u00edncipe de Asturias de Comunicaci\u00f3n y Humanidades, uno de muchos reconocimientos en su carrera. El jurado destac\u00f3 que \u00abal cumplirse el 50 aniversario del nacimiento de Mafalda, los l\u00facidos mensajes de Quino siguen vigentes por haber combinado con sabidur\u00eda la simplicidad en el trazo del dibujo con la profundidad de su pensamiento\u00bb.<\/p>\n<\/p>\n<p>No se conocieron de inmediato los planes funerales.<\/p>\n<\/p>\n<p>___<\/p>\n<\/p>\n<p>El periodista de AP V\u00edctor Caivano, en Buenos Aires, contribuy\u00f3 a este despacho.<\/p>\n<h6> 2020-10-01 03:54:37 <\/h6>\n<p><!--\n<link rel=\"stylesheet\" href=\"css\/bootstrap.min.css\">\n\n\n<ul class=\"pagination\">\n\t    \n\t\n\n<li >\n\t<a href='?page_no=173'>Previous<\/a>\n\t<\/li>\n\n\n       \n    \n\n<li><a href='?page_no=1'>1<\/a><\/li>\n\n\n\n<li><a href='?page_no=2'>2<\/a><\/li>\n\n\n\n<li><a>...<\/a><\/li>\n\n\n\n<li><a href='?page_no=172'>172<\/a><\/li>\n\n\n\n<li><a href='?page_no=173'>173<\/a><\/li>\n\n\n\n<li class='active'><a>174<\/a><\/li>\n\n\n\n<li><a href='?page_no=175'>175<\/a><\/li>\n\n\n\n<li><a href='?page_no=176'>176<\/a><\/li>\n\n\n\n<li><a>...<\/a><\/li>\n\n\n\n<li><a href='?page_no=22911'>22911<\/a><\/li>\n\n\n\n<li><a href='?page_no=22912'>22912<\/a><\/li>\n\n    \n\t\n\n<li >\n\t<a href='?page_no=175'>Next<\/a>\n\t<\/li>\n\n\n    \n\n<li><a href='?page_no=22912'>Last &rsaquo;&rsaquo;<\/a><\/li>\n\n<\/ul>\n\n\n--><br \/>\n<\/body><\/p>\n","protected":false},"excerpt":{"rendered":"<p>Muere Quino, creador de Mafalda y una vasta obra humor\u00edstica Por ALMUDENA CALATRAVA 1 of 8 En esta foto del 15 de septiembre de 2014, el caricaturista argentino Joaqu\u00edn Salvador Lavado, m\u00e1s conocido como \u00abQuino\u00bb, posa junto a su personaje de Mafalda en la exposici\u00f3n \u00abEl mundo seg\u00fan Mafalda\u00bb, en Buenos Aires. Quino muri\u00f3 el [&hellip;]<\/p>\n","protected":false},"author":3,"featured_media":0,"comment_status":"open","ping_status":"open","sticky":false,"template":"","format":"standard","meta":{"footnotes":""},"categories":[21],"tags":[],"class_list":["post-49062","post","type-post","status-publish","format-standard","hentry","category-cultura"],"_links":{"self":[{"href":"https:\/\/diariodominicano.com\/index.php?rest_route=\/wp\/v2\/posts\/49062","targetHints":{"allow":["GET"]}}],"collection":[{"href":"https:\/\/diariodominicano.com\/index.php?rest_route=\/wp\/v2\/posts"}],"about":[{"href":"https:\/\/diariodominicano.com\/index.php?rest_route=\/wp\/v2\/types\/post"}],"author":[{"embeddable":true,"href":"https:\/\/diariodominicano.com\/index.php?rest_route=\/wp\/v2\/users\/3"}],"replies":[{"embeddable":true,"href":"https:\/\/diariodominicano.com\/index.php?rest_route=%2Fwp%2Fv2%2Fcomments&post=49062"}],"version-history":[{"count":0,"href":"https:\/\/diariodominicano.com\/index.php?rest_route=\/wp\/v2\/posts\/49062\/revisions"}],"wp:attachment":[{"href":"https:\/\/diariodominicano.com\/index.php?rest_route=%2Fwp%2Fv2%2Fmedia&parent=49062"}],"wp:term":[{"taxonomy":"category","embeddable":true,"href":"https:\/\/diariodominicano.com\/index.php?rest_route=%2Fwp%2Fv2%2Fcategories&post=49062"},{"taxonomy":"post_tag","embeddable":true,"href":"https:\/\/diariodominicano.com\/index.php?rest_route=%2Fwp%2Fv2%2Ftags&post=49062"}],"curies":[{"name":"wp","href":"https:\/\/api.w.org\/{rel}","templated":true}]}}