{"id":49051,"date":"2020-10-01T04:07:05","date_gmt":"2020-10-01T04:07:05","guid":{"rendered":"http:\/\/diariodominicano.ddns.net\/?p=49051"},"modified":"2020-10-01T04:07:05","modified_gmt":"2020-10-01T04:07:05","slug":"mafalda-el-otro-yo-de-quino","status":"publish","type":"post","link":"https:\/\/diariodominicano.com\/?p=49051","title":{"rendered":"Mafalda, el otro yo de Quino"},"content":{"rendered":"<p><body><\/p>\n<p><img decoding=\"async\" src=\"img3\/c36a5f1aa3eb9bab8225f2e06f07dce22590872a.jpg\" \/>  <\/p>\n<p>Mafalda, el otro yo de Quino<\/p>\n<\/p>\n<p>AFP \/ JUAN MABROMATA<\/p>\n<p>Un kiosco en Buenos Aires decorado con dibujos de los personajes de la tira Mafalda junto a su creador, Quino, fallecido el 30 de septiembre de 2020<\/p>\n<p>Nada define tanto la idiosincrasia de Quino como aquella tira en la que Mafalda le muestra a su oso de peluche un globo terr\u00e1queo y le pregunta \u00ab\u00bfTe gusta? Porque es una maqueta, el original es un desastre\u00bb.<\/p>\n<\/p>\n<p>El escepticismo y la amarga reflexi\u00f3n ante las desgracias del mundo afloran en los agudos, sarc\u00e1sticos y transgresores comentarios de la ni\u00f1a rebelde, convertida en el otro yo de Joaqu\u00edn Lavado, conocido mundialmente como Quino, a secas.<\/p>\n<\/p>\n<p>En otro celebrado cuadrito, un hombre que se encuentra con un amigo en la calle le dice \u00ab\u00a1el mundo es un pa\u00f1uelo!\u00bb y Mafalda, observadora de la escena, piensa: \u00abHabr\u00e1 que quejarse a la lavander\u00eda\u00bb.<\/p>\n<\/p>\n<p>Las ideas del dibujante y humorista, como buen artista, se expresaron a trav\u00e9s de sus historietas y s\u00f3lo con cuentagotas en apariciones p\u00fablicas.<\/p>\n<\/p>\n<p>Retra\u00eddo como Felipito, otro de sus legendarios personajes compa\u00f1eros de la peque\u00f1a contestataria, Quino desfil\u00f3 por distinguidos escenarios donde se le rindi\u00f3 tributo por su obra, mientras \u00e9l parec\u00eda no saber qu\u00e9 contestar, conmovido pero algo abrumado.<\/p>\n<\/p>\n<p>El d\u00eda de un homenaje al lado de la estatua de su m\u00e1s popular creaci\u00f3n de papel, un presentador dijo euf\u00f3rico: \u00ab&#8230; \u00a1y esperamos que Mafalda viva 50 a\u00f1os m\u00e1s!\u00bb.<\/p>\n<\/p>\n<p>\u00abPor el estado en que est\u00e1 el planeta, no creo que lleguemos muy lejos\u00bb, respondi\u00f3 Quino, parco y descre\u00eddo, un poco asombrado e inc\u00f3modo como siempre ante tanta euforia y zalamer\u00edas a su alrededor.<\/p>\n<\/p>\n<p>Quino dibuj\u00f3 y escribi\u00f3 Mafalda desde 1964 hasta 1973, pero la ni\u00f1a ha perdurado en las nuevas generaciones y es usada como s\u00edmbolo por el movimiento feminista.<\/p>\n<\/p>\n<p>?<\/p>\n<\/p>\n<p>&#8211; Hija de los 1960 y 1970 &#8211;<\/p>\n<\/p>\n<p>?<\/p>\n<\/p>\n<p>Quino justific\u00f3 el impacto de su historieta en el momento hist\u00f3rico en que aparece y se desarrolla, los a\u00f1os 1960 y 1970, de una explosi\u00f3n creativa y revolucionaria en todos los \u00e1mbitos.<\/p>\n<\/p>\n<p>\u00abMafalda sali\u00f3 bien porque la \u00e9poca en que lo hice era buena, aunque hab\u00eda conflictos como siempre. El ser humano es quilombero (revoltoso) por naturaleza\u00bb, explic\u00f3.<\/p>\n<\/p>\n<p>Tercer hijo de padres republicanos espa\u00f1oles de clase media, se sumergi\u00f3 en el universo del dibujo por influencia de un t\u00edo que ejerc\u00eda el oficio en un peri\u00f3dico de su natal Mendoza (oeste), al pie de la cordillera de Los Andes.<\/p>\n<\/p>\n<p>Pero sus padres fallecieron antes de su adolescencia y un hermano mayor tuvo que ayudarlo a salir adelante.<\/p>\n<\/p>\n<p>\u00abSufr\u00ed mucho porque viv\u00eda en condiciones precarias mientras deambulaba por redacciones de diarios y revistas sin mayor \u00e9xito. Compart\u00ed una pieza de pensi\u00f3n con tres o cuatro tipos\u00bb, record\u00f3.<\/p>\n<\/p>\n<p>Su vida se ilumin\u00f3 cuando pudo por fin publicar en revistas, momento que defini\u00f3 como \u00abuno de los m\u00e1s felices\u00bb de su existencia.<\/p>\n<\/p>\n<p>Quino estuvo casado por m\u00e1s de medio siglo con Alicia Colombo, quien falleci\u00f3 en 2017.<\/p>\n<\/p>\n<p>?<\/p>\n<\/p>\n<p>&#8211; Mundo irresponsable &#8211;<\/p>\n<\/p>\n<p>?<\/p>\n<\/p>\n<p>Las historias de la ni\u00f1a con nombre de princesa italiana est\u00e1n traducidas a 26 idiomas y s\u00f3lo en Argentina han vendido 20 millones de ejemplares.<\/p>\n<\/p>\n<p>Reacio a la adulaci\u00f3n o al elogio desmedido, Quino ha dicho que sus trabajos tuvieron \u00e9xito en Latinoam\u00e9rica o en naciones latinas de Europa, pero son una rareza en pa\u00edses anglosajones, China, Rusia o el mundo \u00e1rabe.<\/p>\n<\/p>\n<p>\u00ab\u00a1Ahora voy a sentir m\u00e1s respeto por m\u00ed mismo!\u00bb, declar\u00f3 con iron\u00eda despu\u00e9s de tantos homenajes.<\/p>\n<\/p>\n<p>El retrato de Mafalda est\u00e1 colgado en la Galer\u00eda de \u00cddolos Populares de la Casa Rosada (gobierno), junto a leyendas como el exfutbolista Diego Maradona, el rockero Charly Garc\u00eda, el extenista Guillermo Vilas, el bailar\u00edn cl\u00e1sico Julio Bocca, el automovilista Juan Manuel Fangio y el cantante de tango Carlos Gardel.<\/p>\n<\/p>\n<p>La criatura que dejaba mudos y helados a los adultos con sus preguntas y \u00e1cidos comentarios, fue clasificada por el intelectual italiano Umberto Eco como \u00abuna hero\u00edna iracunda\u00bb.<\/p>\n<\/p>\n<p>Ella \u00abrechaza al mundo tal cual es, reivindicando su derecho a seguir siendo una ni\u00f1a que no quiere hacerse cargo de un universo adulterado por los padres\u00bb, seg\u00fan Eco.<\/p>\n<\/p>\n<p>No se hace cargo del horror de las guerras, la injusticia y la hipocres\u00eda en las relaciones sociales.<\/p>\n<\/p>\n<p>El globo terr\u00e1queo aparece de nuevo en otro cuadrito y Mafalda le acaba de colgar un cartel que dice \u00abIrresponsables trabajando\u00bb.<\/p>\n<\/p>\n<p>dm\/nn\/gma<\/p>\n<h6> 2020-10-01 04:07:05 <\/h6>\n<p><!--\n<link rel=\"stylesheet\" href=\"css\/bootstrap.min.css\">\n\n\n<ul class=\"pagination\">\n\t    \n\t\n\n<li >\n\t<a href='?page_no=172'>Previous<\/a>\n\t<\/li>\n\n\n       \n    \n\n<li><a href='?page_no=1'>1<\/a><\/li>\n\n\n\n<li><a href='?page_no=2'>2<\/a><\/li>\n\n\n\n<li><a>...<\/a><\/li>\n\n\n\n<li><a href='?page_no=171'>171<\/a><\/li>\n\n\n\n<li><a href='?page_no=172'>172<\/a><\/li>\n\n\n\n<li class='active'><a>173<\/a><\/li>\n\n\n\n<li><a href='?page_no=174'>174<\/a><\/li>\n\n\n\n<li><a href='?page_no=175'>175<\/a><\/li>\n\n\n\n<li><a>...<\/a><\/li>\n\n\n\n<li><a href='?page_no=22911'>22911<\/a><\/li>\n\n\n\n<li><a href='?page_no=22912'>22912<\/a><\/li>\n\n    \n\t\n\n<li >\n\t<a href='?page_no=174'>Next<\/a>\n\t<\/li>\n\n\n    \n\n<li><a href='?page_no=22912'>Last &rsaquo;&rsaquo;<\/a><\/li>\n\n<\/ul>\n\n\n--><br \/>\n<\/body><\/p>\n","protected":false},"excerpt":{"rendered":"<p>Mafalda, el otro yo de Quino AFP \/ JUAN MABROMATA Un kiosco en Buenos Aires decorado con dibujos de los personajes de la tira Mafalda junto a su creador, Quino, fallecido el 30 de septiembre de 2020 Nada define tanto la idiosincrasia de Quino como aquella tira en la que Mafalda le muestra a su [&hellip;]<\/p>\n","protected":false},"author":3,"featured_media":0,"comment_status":"open","ping_status":"open","sticky":false,"template":"","format":"standard","meta":{"footnotes":""},"categories":[21],"tags":[],"class_list":["post-49051","post","type-post","status-publish","format-standard","hentry","category-cultura"],"_links":{"self":[{"href":"https:\/\/diariodominicano.com\/index.php?rest_route=\/wp\/v2\/posts\/49051","targetHints":{"allow":["GET"]}}],"collection":[{"href":"https:\/\/diariodominicano.com\/index.php?rest_route=\/wp\/v2\/posts"}],"about":[{"href":"https:\/\/diariodominicano.com\/index.php?rest_route=\/wp\/v2\/types\/post"}],"author":[{"embeddable":true,"href":"https:\/\/diariodominicano.com\/index.php?rest_route=\/wp\/v2\/users\/3"}],"replies":[{"embeddable":true,"href":"https:\/\/diariodominicano.com\/index.php?rest_route=%2Fwp%2Fv2%2Fcomments&post=49051"}],"version-history":[{"count":0,"href":"https:\/\/diariodominicano.com\/index.php?rest_route=\/wp\/v2\/posts\/49051\/revisions"}],"wp:attachment":[{"href":"https:\/\/diariodominicano.com\/index.php?rest_route=%2Fwp%2Fv2%2Fmedia&parent=49051"}],"wp:term":[{"taxonomy":"category","embeddable":true,"href":"https:\/\/diariodominicano.com\/index.php?rest_route=%2Fwp%2Fv2%2Fcategories&post=49051"},{"taxonomy":"post_tag","embeddable":true,"href":"https:\/\/diariodominicano.com\/index.php?rest_route=%2Fwp%2Fv2%2Ftags&post=49051"}],"curies":[{"name":"wp","href":"https:\/\/api.w.org\/{rel}","templated":true}]}}