{"id":490324,"date":"2023-11-21T12:33:38","date_gmt":"2023-11-21T16:33:38","guid":{"rendered":"https:\/\/diariodominicano.com\/?p=490324"},"modified":"2023-11-21T12:36:14","modified_gmt":"2023-11-21T16:36:14","slug":"por-primera-vez-en-republica-dominicana-llega-maria-guadana-en-concierto","status":"publish","type":"post","link":"https:\/\/diariodominicano.com\/?p=490324","title":{"rendered":"Por primera vez en Rep\u00fablica Dominicana llega \u00a0Mar\u00eda Guada\u00f1a en concierto"},"content":{"rendered":"\n<p><em>La presentaci\u00f3n de Guada\u00f1a se realizar\u00e1 en el marco de las actividades sobre el 25 de noviembre D\u00eda Internacional contra la lucha por la violencia hacia las mujeres.<\/em><\/p>\n\n\n\n<figure class=\"wp-block-image size-large\"><img loading=\"lazy\" decoding=\"async\" width=\"819\" height=\"1024\" src=\"https:\/\/diariodominicano.com\/wp-content\/uploads\/2023\/11\/IG_nov_Conciento_MariaG-819x1024.jpg\" alt=\"\" class=\"wp-image-490328\" srcset=\"https:\/\/diariodominicano.com\/wp-content\/uploads\/2023\/11\/IG_nov_Conciento_MariaG-819x1024.jpg 819w, https:\/\/diariodominicano.com\/wp-content\/uploads\/2023\/11\/IG_nov_Conciento_MariaG-240x300.jpg 240w, https:\/\/diariodominicano.com\/wp-content\/uploads\/2023\/11\/IG_nov_Conciento_MariaG-768x960.jpg 768w, https:\/\/diariodominicano.com\/wp-content\/uploads\/2023\/11\/IG_nov_Conciento_MariaG-816x1020.jpg 816w, https:\/\/diariodominicano.com\/wp-content\/uploads\/2023\/11\/IG_nov_Conciento_MariaG.jpg 900w\" sizes=\"auto, (max-width: 819px) 100vw, 819px\" \/><\/figure>\n\n\n\n<p>El Centro Cultural de Espa\u00f1a recibe a la compositora y cantante Mar\u00eda Guada\u00f1a, en un concierto de rock en el que los ritmos y las letras de las canciones nos llevar\u00e1n al microcosmos de Guada\u00f1a, que se define como&nbsp;un lugar siempre fronterizo donde sentirse como un Pedro P\u00e1ramo en tiempos de amor y c\u00f3lera.&nbsp;Su m\u00fasica es una revisi\u00f3n del rock tradicional que mezcla sonidos contempor\u00e1neos y se apoya en letras escritas desde una perspectiva feminista.<\/p>\n\n\n\n<p>Te esperamos el d\u00eda 25 de noviembre a las 8 pm en el Centro Cultural de Espa\u00f1a para disfrutar de una noche de rock, bailando y saltando,&nbsp;en un encuentro que, en palabras de Mar\u00eda Guada\u00f1a, ser\u00e1 profundo, de pura emoci\u00f3n visceral, y radicalmente sensible. La banda local Latheral, con Jhon Vi\u00f1a al frente completan el control de la noche.<\/p>\n\n\n\n<p>Por otro lado, Mar\u00eda Guada\u00f1a, participar\u00e1 en el panel&nbsp;<em>Mujeres en la m\u00fasica: profesionales y referentes,&nbsp;<\/em>el d\u00eda 23 de noviembre a las 7:30 pm en el Centro Cultural de Espa\u00f1a, junto con Annina Rodr\u00edguez y Rossy D\u00edaz, con las que conversar\u00e1 sobre la presencia de mujeres industria musical y la importancia de los referentes femeninos. Otro evento en el que podremos disfrutar de su m\u00fasica es la Jam Session,&nbsp;<em>Mar\u00eda&nbsp;<\/em><em>&amp;<\/em><em>&nbsp;Friends<\/em>, que tendr\u00e1 lugar en el Rocknrolla Bar el d\u00eda 24 de noviembre a las 8.30pm.<\/p>\n\n\n\n<figure class=\"wp-block-image size-full\"><img loading=\"lazy\" decoding=\"async\" width=\"1008\" height=\"710\" src=\"https:\/\/diariodominicano.com\/wp-content\/uploads\/2023\/11\/LATHERAL.webp\" alt=\"\" class=\"wp-image-490330\" srcset=\"https:\/\/diariodominicano.com\/wp-content\/uploads\/2023\/11\/LATHERAL.webp 1008w, https:\/\/diariodominicano.com\/wp-content\/uploads\/2023\/11\/LATHERAL-300x211.webp 300w, https:\/\/diariodominicano.com\/wp-content\/uploads\/2023\/11\/LATHERAL-768x541.webp 768w, https:\/\/diariodominicano.com\/wp-content\/uploads\/2023\/11\/LATHERAL-816x575.webp 816w\" sizes=\"auto, (max-width: 1008px) 100vw, 1008px\" \/><\/figure>\n\n\n\n<figure class=\"wp-block-image size-large\"><img loading=\"lazy\" decoding=\"async\" width=\"819\" height=\"1024\" src=\"https:\/\/diariodominicano.com\/wp-content\/uploads\/2023\/11\/IG_nov_mujeres-en-la-mu\u0301sica-819x1024.jpg\" alt=\"\" class=\"wp-image-490332\" srcset=\"https:\/\/diariodominicano.com\/wp-content\/uploads\/2023\/11\/IG_nov_mujeres-en-la-mu\u0301sica-819x1024.jpg 819w, https:\/\/diariodominicano.com\/wp-content\/uploads\/2023\/11\/IG_nov_mujeres-en-la-mu\u0301sica-240x300.jpg 240w, https:\/\/diariodominicano.com\/wp-content\/uploads\/2023\/11\/IG_nov_mujeres-en-la-mu\u0301sica-768x960.jpg 768w, https:\/\/diariodominicano.com\/wp-content\/uploads\/2023\/11\/IG_nov_mujeres-en-la-mu\u0301sica-1229x1536.jpg 1229w, https:\/\/diariodominicano.com\/wp-content\/uploads\/2023\/11\/IG_nov_mujeres-en-la-mu\u0301sica-1638x2048.jpg 1638w, https:\/\/diariodominicano.com\/wp-content\/uploads\/2023\/11\/IG_nov_mujeres-en-la-mu\u0301sica-816x1020.jpg 816w, https:\/\/diariodominicano.com\/wp-content\/uploads\/2023\/11\/IG_nov_mujeres-en-la-mu\u0301sica.jpg 1800w\" sizes=\"auto, (max-width: 819px) 100vw, 819px\" \/><\/figure>\n\n\n\n<p><strong>Sobre la artista<\/strong><\/p>\n\n\n\n<p>Mar\u00eda Guada\u00f1a, seg\u00fan recoge su p\u00e1gina web&nbsp;<a href=\"http:\/\/www.mariaguadana.com\/\" target=\"_blank\" rel=\"noreferrer noopener\">www.mariaguadana.com<\/a>&nbsp;es pura emoci\u00f3n visceral, profunda y sensible; extrema siempre en su entrega e ind\u00f3mita de esp\u00edritu. Dama y obrera del verso, sus canciones son poemas sonoros que expresan su audaz actitud vital.<\/p>\n\n\n\n<p>Debut\u00f3 en 2019 con \u201cRemedios Paganos\u201d, desde entonces lleva su poderoso directo acompa\u00f1ada por \u201cLos Afiladores\u201d, un torbellino s\u00f3nico donde el rock tenso y oscuro nos lleva al placer del renacer. M\u00e1s que un concierto, un aquelarre.<\/p>\n\n\n\n<p>Su segundo trabajo, editado en enero de 2022, \u201cLatidos y Culebras\u201d es una nueva entrega de su talento, una mirada m\u00e1s a ese personal\u00edsimo universo en el que confluyen la aridez del rock des\u00e9rtico y la exuberancia del folclore latino. Un espejo fragmentado por la furia de su sonido en el que se reflejan Chavela Vargas y Nick Cave, Frida Kahlo y PJ Harvey, Lhasa de Sela y Mark Lanegan.<\/p>\n\n\n\n<p>En 2021 se alz\u00f3 con el primer premio del 42o Concurso Rock Villa de Madrid, y el acc\u00e9sit de Canal Sol M\u00fasica; en 2022 ha recibido el premio \u201cMujer Inspiradora\u201d de los Premios Ja\u00e9n Mujer. Invitada por L\u00f6bison en la canci\u00f3n \u201cDocilidad Fingida\u201d y, junto a Santo Rostro, ha creado la banda sonora del cortometraje \u201cMam\u00e1\u201d.<\/p>\n\n\n\n<p><strong>Sobre la banda Latheral&nbsp;<\/strong><\/p>\n\n\n\n<p>Con una voz poderosa y sutil a la vez, Shara Vi\u00f1as impregna un color \u00fanico a las canciones que componen sus compa\u00f1eros Vi\u00f1as-Leschorn-Pe\u00f1a, logrando dar un matiz peculiar al Power Rock.<\/p>\n\n\n\n<p>El dueto de guitarras Leschorn-Pe\u00f1a comparte influencias del Rock Cl\u00e1sico y el Heavy Metal lo cual se traduce en un equilibrio junto a la sonoridad fresca que encontramos en los sintetizadores de Leo Valenzuela. Por otra parte, Tom\u00e1s \u00c1lvarez mantiene una base s\u00f3lida con sus l\u00edneas de bajo al estilo Pop Rock, mientras que Armando Padilla agrega un sonido desafiante desde la bater\u00eda.<\/p>\n\n\n\n<p><strong>Blanca Gonz\u00e1lez<\/strong><\/p>\n\n\n\n<p>Responsable de Comunicaci\u00f3n<\/p>\n","protected":false},"excerpt":{"rendered":"<p>La presentaci\u00f3n de Guada\u00f1a se realizar\u00e1 en el marco de las actividades sobre el 25 de noviembre D\u00eda Internacional contra la lucha por la violencia hacia las mujeres. El Centro Cultural de Espa\u00f1a recibe a la compositora y cantante Mar\u00eda Guada\u00f1a, en un concierto de rock en el que los ritmos y las letras de [&hellip;]<\/p>\n","protected":false},"author":28,"featured_media":490325,"comment_status":"closed","ping_status":"","sticky":true,"template":"","format":"standard","meta":{"footnotes":""},"categories":[21,36,27,32],"tags":[],"class_list":["post-490324","post","type-post","status-publish","format-standard","has-post-thumbnail","hentry","category-cultura","category-hombresmujeresycosas","category-portada","category-turismo"],"_links":{"self":[{"href":"https:\/\/diariodominicano.com\/index.php?rest_route=\/wp\/v2\/posts\/490324","targetHints":{"allow":["GET"]}}],"collection":[{"href":"https:\/\/diariodominicano.com\/index.php?rest_route=\/wp\/v2\/posts"}],"about":[{"href":"https:\/\/diariodominicano.com\/index.php?rest_route=\/wp\/v2\/types\/post"}],"author":[{"embeddable":true,"href":"https:\/\/diariodominicano.com\/index.php?rest_route=\/wp\/v2\/users\/28"}],"replies":[{"embeddable":true,"href":"https:\/\/diariodominicano.com\/index.php?rest_route=%2Fwp%2Fv2%2Fcomments&post=490324"}],"version-history":[{"count":4,"href":"https:\/\/diariodominicano.com\/index.php?rest_route=\/wp\/v2\/posts\/490324\/revisions"}],"predecessor-version":[{"id":490333,"href":"https:\/\/diariodominicano.com\/index.php?rest_route=\/wp\/v2\/posts\/490324\/revisions\/490333"}],"wp:featuredmedia":[{"embeddable":true,"href":"https:\/\/diariodominicano.com\/index.php?rest_route=\/wp\/v2\/media\/490325"}],"wp:attachment":[{"href":"https:\/\/diariodominicano.com\/index.php?rest_route=%2Fwp%2Fv2%2Fmedia&parent=490324"}],"wp:term":[{"taxonomy":"category","embeddable":true,"href":"https:\/\/diariodominicano.com\/index.php?rest_route=%2Fwp%2Fv2%2Fcategories&post=490324"},{"taxonomy":"post_tag","embeddable":true,"href":"https:\/\/diariodominicano.com\/index.php?rest_route=%2Fwp%2Fv2%2Ftags&post=490324"}],"curies":[{"name":"wp","href":"https:\/\/api.w.org\/{rel}","templated":true}]}}