{"id":490288,"date":"2023-11-21T10:43:44","date_gmt":"2023-11-21T14:43:44","guid":{"rendered":"https:\/\/diariodominicano.com\/?p=490288"},"modified":"2023-11-21T10:43:44","modified_gmt":"2023-11-21T14:43:44","slug":"escaner-el-peronismo-y-el-modelo-de-justicia-social-fotos-video","status":"publish","type":"post","link":"https:\/\/diariodominicano.com\/?p=490288","title":{"rendered":"ESC\u00c1NER: El peronismo y el modelo de justicia social (+Fotos +Video)"},"content":{"rendered":"\n<ul class=\"wp-block-list\"><li><a href=\"https:\/\/www.prensa-latina.cu\/tema-escaner\/derecha-o-izquierda-el-dilema\">DERECHA O IZQUIERDA, EL DILEMA<\/a><\/li><\/ul>\n\n\n\n<p>Buenos Aires (Prensa Latina) El peronismo logr\u00f3 un profundo cambio estructural, marc\u00f3 un punto de inflexi\u00f3n en la pol\u00edtica argentina y dej\u00f3 una concepci\u00f3n filos\u00f3fica en la cual encontramos las respuestas a las demandas actuales, asegur\u00f3 el profesor, investigador y militante Jorge Rachid.<\/p>\n\n\n\n<ul class=\"wp-block-list\"><li>noviembre 21, 2023<\/li><li>08:33 ( UTC -05:00 )<\/li><\/ul>\n\n\n\n<p>Por:<img decoding=\"async\" src=\"https:\/\/www.prensa-latina.cu\/wp-content\/uploads\/2022\/07\/Glenda-Arcia-259x300.jpg\" alt=\"Glenda-Arcia\">Glenda Arcia<\/p>\n\n\n\n<p>Corresponsal jefa en Argentina<\/p>\n\n\n\n<p>En di\u00e1logo con Prensa Latina, el m\u00e9dico, escritor y titular en Ciencias Sociales asegur\u00f3 que, bajo la gu\u00eda del expresidente Juan Domingo Per\u00f3n (1895-1974),&nbsp; Argentina vivi\u00f3 un proceso de enormes transformaciones, basado en un modelo solidario de justicia social, independencia econ\u00f3mica y soberan\u00eda pol\u00edtica, que dej\u00f3 una huella profunda en el pueblo argentino.<\/p>\n\n\n\n<figure class=\"wp-block-image\"><img decoding=\"async\" src=\"https:\/\/www.prensa-latina.cu\/wp-content\/uploads\/2023\/11\/Jorge-Rachid-1.jpg\" alt=\"\" class=\"wp-image-599539\"\/><\/figure>\n\n\n\n<p>Asimismo, consider\u00f3 que, d\u00e9cadas despu\u00e9s, es necesario volver a su programa ideol\u00f3gico y releer su obra, de gran vigencia y relevancia.<\/p>\n\n\n\n<p>Considerado uno de los pol\u00edticos m\u00e1s relevantes de esta naci\u00f3n, Per\u00f3n fue vicepresidente, ministro de Guerra, secretario de Trabajo y Previsi\u00f3n, jefe de Estado en tres oportunidades (1946-1952, 1952-1955, 1973-1974) y fundador del Partido Justicialista.<\/p>\n\n\n\n<p>Es reconocido por la aplicaci\u00f3n de pol\u00edticas en beneficio de la clase obrera, la redistribuci\u00f3n de riqueza a favor de sectores m\u00e1s postergados, el reconocimiento de derechos de las mujeres, la industrializaci\u00f3n, la nacionalizaci\u00f3n de sectores b\u00e1sicos y la reforma constitucional de 1949.<\/p>\n\n\n\n<p>Bajo su mandato y, por iniciativa de su segunda esposa, Eva Per\u00f3n (1919-1952), fue aprobada en 1947 la Ley 13 010 de sufragio femenino, la cual marc\u00f3 un hito en la defensa de la igualdad de g\u00e9nero.<\/p>\n\n\n\n<figure class=\"wp-block-image\"><img decoding=\"async\" src=\"https:\/\/www.prensa-latina.cu\/wp-content\/uploads\/2023\/11\/PERONISMO-UNO.jpg\" alt=\"\" class=\"wp-image-599540\"\/><\/figure>\n\n\n\n<p>Su segundo gobierno finaliz\u00f3 el 16 de septiembre de 1955 debido a un golpe que impuso un r\u00e9gimen autodenominado Revoluci\u00f3n Libertadora, el cual cont\u00f3 con el apoyo de Estados Unidos y dio inicio a un per\u00edodo de proscripci\u00f3n y persecuci\u00f3n de los seguidores.<\/p>\n\n\n\n<p>Tras casi 18 a\u00f1os en el exilio, regres\u00f3 a Argentina en 1972 y lleg\u00f3 a la Presidencia nuevamente un a\u00f1o despu\u00e9s.<\/p>\n\n\n\n<p>Su muerte se produjo debido a una cardiopat\u00eda isqu\u00e9mica cr\u00f3nica y lo sucedi\u00f3 la viuda, Mar\u00eda Estela Mart\u00ednez, derrocada en 1976 por un golpe de Estado que dio inicio a la peor dictadura c\u00edvico-militar en Argentina, extendida hasta 1983 y que desapareci\u00f3 a m\u00e1s de 30 mil personas.<\/p>\n\n\n\n<p>Seg\u00fan el soci\u00f3logo Ernesto Villanueva, \u201cel 1 de julio de 1974 Per\u00f3n pas\u00f3 definitivamente a la inmortalidad. Se hab\u00eda despedido poco antes frente a una multitud anunciado que su \u00fanico heredero era el pueblo y que la voz de este ser\u00eda siempre la m\u00fasica m\u00e1s maravillosa\u201d.<\/p>\n\n\n\n<p>Bajo la ceniza de un pa\u00eds arrasado, en el subsuelo de la patria y en los m\u00e1s rec\u00f3nditos rincones de las barriadas humildes, permaneci\u00f3 encendida la brasa de su doctrina, apunt\u00f3.<\/p>\n\n\n\n<p>Asimismo, precis\u00f3 que su programa de gobierno emancipador se concentr\u00f3 en las tres banderas que aglutinaron doctrinariamente al movimiento: independencia econ\u00f3mica, soberan\u00eda pol\u00edtica y justicia social, pilares que constituyeron la soluci\u00f3n concreta a las necesidades econ\u00f3micas, sociales y culturales de Argentina.<\/p>\n\n\n\n<p>Fue capaz de contener la inflaci\u00f3n, elevar el salario real, reducir el desempleo, reactivar el mercado interno, dise\u00f1ar un plan para el autoabastecimiento energ\u00e9tico, incorporar a esta naci\u00f3n al Movimiento de Pa\u00edses No Alineados, expulsar las misiones militares extranjeras, intentar recuperar diplom\u00e1ticamente las Islas Malvinas, romper el bloqueo a Cuba y resolver viejos conflictos lim\u00edtrofes, entre las medidas m\u00e1s relevantes, a\u00f1adi\u00f3.<\/p>\n\n\n\n<p>Por su parte, Rachid indic\u00f3 que el peronismo filos\u00f3fico logr\u00f3 la s\u00edntesis del pensamiento mestizo, moreno, criollo e inmigrante, que dio origen a la identidad latinoamericana.<\/p>\n\n\n\n<p>Descendiente de indios tehuelches, Per\u00f3n reuni\u00f3 los postulados de pensadores del siglo XIX y el XX como el cubano Jos\u00e9 Mart\u00ed (1853-1895), el nicarag\u00fcense Rub\u00e9n Dar\u00edo (1867-1916), el peruano Jos\u00e9 Carlos Mari\u00e1tegui (1894-1930) y el argentino Manuel Baldomero Ugarte (1875-1951), se\u00f1al\u00f3.<\/p>\n\n\n\n<figure class=\"wp-block-image\"><img decoding=\"async\" src=\"https:\/\/i.ytimg.com\/vi\/9GinfL4zKQE\/hqdefault.jpg\" alt=\"\"\/><\/figure>\n\n\n\n<p>En el Primer Congreso Nacional de Filosof\u00eda, celebrado en Mendoza en 1949, consolid\u00f3 doctrinariamente la idea de c\u00f3mo se puede enfrentar al modelo \u201cdemoliberal burgu\u00e9s\u201d con un esquema que denomin\u00f3 la comunidad organizada, el cual consiste en que el pueblo pase de ser testigo a protagonista de la historia, bajo amparo constitucional, explic\u00f3.<\/p>\n\n\n\n<p>De acuerdo con Rachid, ello se ve reflejado en la reforma de ese a\u00f1o que modific\u00f3 la carta magna de 1853 y tuvo como resultado una de las primeras constituciones sociales porque incorpor\u00f3 derechos taxativos, lo cual implic\u00f3 un cambio profundo en la matriz legislativa.<\/p>\n\n\n\n<p>Opt\u00f3 por una tercera posici\u00f3n a nivel internacional, al asumir en un contexto de guerra fr\u00eda pr\u00e1cticamente lanzada, se opuso al conflicto de Corea y a entrar en los Acuerdos de Bretton Woods (1944). Dijo que, si eran herramientas del capitalismo, no iban a servir para el desarrollo de los pueblos, sino para someterlos, apunt\u00f3 el especialista.<\/p>\n\n\n\n<p>El investigador precis\u00f3 que uno de los preceptos fundamentales del peronismo es la defensa de la Patria Grande Latinoamericana y cuando lleg\u00f3 a la Presidencia derrumb\u00f3 la hip\u00f3tesis de guerra que ten\u00eda la Argentina de la decadencia, con Brasil y Chile, explic\u00f3.<\/p>\n\n\n\n<p>Otro rasgo importante del movimiento fue la incorporaci\u00f3n de agregados sindicales a todas las sedes diplom\u00e1ticas de este pa\u00eds en el exterior, con el fin de que los tratados internacionales tuvieran en cuenta los intereses de los asalariados.<\/p>\n\n\n\n<p>El impacto del peronismo en la pol\u00edtica y la historia de Argentina es alt\u00edsimo porque se transform\u00f3 en una cultura identitaria al ser s\u00edntesis de las epopeyas y las luchas de los movimientos nacionales y populares en Am\u00e9rica Latina, indic\u00f3 Rachid.<\/p>\n\n\n\n<p>Se logr\u00f3 un cambio estructural en el \u00e1mbito econ\u00f3mico-social, en el pol\u00edtico-institucional y desde el punto de vista del pensamiento. Cuando se fue Per\u00f3n no hab\u00eda deuda externa, agreg\u00f3.<\/p>\n\n\n\n<p>El analista resalt\u00f3 la importancia de esto \u00faltimo, sobre todo en el contexto actual, cuando el pr\u00e9stamo de m\u00e1s 56 mil millones de d\u00f3lares obtenido por el expresidente Mauricio Macri del Fondo Monetario Internacional (FMI) provoca graves da\u00f1os y atenta contra la soberan\u00eda.<\/p>\n\n\n\n<figure class=\"wp-block-image\"><img decoding=\"async\" src=\"https:\/\/www.prensa-latina.cu\/wp-content\/uploads\/2023\/11\/PERONISMO-Y-MACRI.jpg\" alt=\"\" class=\"wp-image-599542\"\/><\/figure>\n\n\n\n<p>Adem\u00e1s, coment\u00f3 que, tras la muerte de Per\u00f3n, el movimiento sufri\u00f3 un proceso muy grave de traici\u00f3n y entrega al neoliberalismo durante la etapa menemista (por Carlos Menem, quien gobern\u00f3 desde 1989 hasta 1999), per\u00edodo en el cual hubo una claudicaci\u00f3n profunda y un tr\u00e1fico ideol\u00f3gico bajo la idea de una supuesta adaptaci\u00f3n.<\/p>\n\n\n\n<p>Esa experiencia trajo poca resistencia porque el peronismo ven\u00eda de dictaduras, de los 30 mil desaparecidos, de perder el gobierno con Ra\u00fal Alfons\u00edn (1927-2009), y se pens\u00f3 que Menem pod\u00eda ser determinante en la recuperaci\u00f3n de virtudes y valores doctrinarios. No fue as\u00ed,&nbsp; se\u00f1al\u00f3.<\/p>\n\n\n\n<p>Para Rachid, la recuperaci\u00f3n de los principios fundacionales comenz\u00f3 con la llegada de N\u00e9stor Kirchner (1950-2010) y Cristina Fern\u00e1ndez a la Casa Rosada en 2003.<\/p>\n\n\n\n<figure class=\"wp-block-image\"><img decoding=\"async\" src=\"https:\/\/www.prensa-latina.cu\/wp-content\/uploads\/2023\/11\/Nestor.jpg\" alt=\"\" class=\"wp-image-599543\"\/><\/figure>\n\n\n\n<p>Durante 12 a\u00f1os, tuvo lugar una reparaci\u00f3n hist\u00f3rica y de recuperaci\u00f3n de los derechos del pueblo, los cuales fueron ampliados con pol\u00edticas de memoria, verdad y justicia, y con medidas como el reconocimiento a las identidades sexuales, a la interrupci\u00f3n voluntaria del embarazo y el respeto y protagonismo de las mujeres.<\/p>\n\n\n\n<p>Sin embargo, el profesor cree que la fragmentaci\u00f3n y el saqueo que hizo el macrismo con la deuda externa condicionan la soberan\u00eda pol\u00edtica y econ\u00f3mica en la actualidad y provocan que la capacidad de maniobra sea baja.<\/p>\n\n\n\n<p>Hoy esta naci\u00f3n sufre las consecuencias de la pandemia de la Covid-19, la injerencia del FMI, la destrucci\u00f3n del sistema de salud por la gesti\u00f3n de Macri, la guerra en Ucrania y la peor sequ\u00eda registrada.<\/p>\n\n\n\n<p>Pese a todo eso, estamos dando batalla en el frente Uni\u00f3n por la Patria que re\u00fane a varias fuerzas pol\u00edticas. Releyendo a Per\u00f3n se siguen encontrando respuestas, asegur\u00f3 el investigador.<\/p>\n\n\n\n<p>Igualmente, resalt\u00f3 la vigencia del Modelo argentino para un proyecto nacional, considerado el testamento pol\u00edtico de Per\u00f3n.<\/p>\n\n\n\n<p>All\u00ed se\u00f1ala que el mundo futuro ser\u00e1 el de los bloques y advierte sobre la riqueza natural de Argentina. Hoy la general Laura Richardson, del Comando Sur de Estados Unidos, nos amenaza a nosotros y a la regi\u00f3n cuando dice que va a proteger a nuestros pueblos, sus reservas de litio y agua dulce, de las inversiones chinas y rusas, afirm\u00f3.<\/p>\n\n\n\n<p>Rachid alert\u00f3 sobre una agresi\u00f3n de ese pa\u00eds y de la Organizaci\u00f3n del Tratado del Atl\u00e1ntico Norte que tiene un dise\u00f1o estrat\u00e9gico para Am\u00e9rica Latina, en especial tras el anuncio de la incorporaci\u00f3n de Argentina al grupo Brics (Brasil, Rusia, India, China y Sud\u00e1frica).<\/p>\n\n\n\n<p>Washington pretende convertir a Latinoam\u00e9rica en un nuevo Puerto Rico y dividir a Argentina en cuatro regiones: la del norte por el litio; la de la Patagonia austral por el mar, la Ant\u00e1rtida y los pasos bioce\u00e1nicos; la zona norpatag\u00f3nica por el yacimiento de Vaca Muerta y los mayores recursos petroleros y gas\u00edferos; y la central, por su potencial agr\u00edcola y ganadero.<br>Eso es colonialismo, asever\u00f3.<\/p>\n\n\n\n<figure class=\"wp-block-image\"><img decoding=\"async\" src=\"https:\/\/www.prensa-latina.cu\/wp-content\/uploads\/2023\/11\/MACRI-Y-MILEI.jpeg\" alt=\"\" class=\"wp-image-599545\"\/><\/figure>\n\n\n\n<p>El reciente triunfo de La Libertad Avanza en las elecciones generales, pone al peronismo frente a la necesidad de fortalecerse, unirse y analizar nuevas estrategias.<\/p>\n\n\n\n<p>De acuerdo con el analista Luis Bruschtein, el panorama actual implica un horizonte de violencia: \u201cNadie se dejar\u00e1 atropellar ni arrebatar sus derechos y las pol\u00edticas anunciadas por el presidente electo Javier Milei son muy agresivas. Esas dos fuerzas enfrentadas implican la inminencia de protestas, represiones y profunda inestabilidad\u201d.<\/p>\n\n\n\n<p>Argentina ya pas\u00f3 por situaciones en las que la fragmentaci\u00f3n fue la estrategia para aplicar medidas antipopulares y en las que la unidad del pueblo en la resistencia es la \u00fanica defensa.<\/p>\n\n\n\n<p>La calle ser\u00e1 otra vez el teatro principal de la pol\u00edtica. Es el \u00fanico territorio que no puede colonizar el poder econ\u00f3mico, asever\u00f3.<\/p>\n\n\n\n<p>Por su parte, la dirigente de la juventud peronista, Luc\u00eda C\u00e1mpora, resalt\u00f3 la importancia de actuar con m\u00e1s organizaci\u00f3n que nunca, con coraje, templanza y lealtad a Cristina Fern\u00e1ndez.<\/p>\n\n\n\n<p>arb\/to\/gas<\/p>\n","protected":false},"excerpt":{"rendered":"<p>DERECHA O IZQUIERDA, EL DILEMA Buenos Aires (Prensa Latina) El peronismo logr\u00f3 un profundo cambio estructural, marc\u00f3 un punto de inflexi\u00f3n en la pol\u00edtica argentina y dej\u00f3 una concepci\u00f3n filos\u00f3fica en la cual encontramos las respuestas a las demandas actuales, asegur\u00f3 el profesor, investigador y militante Jorge Rachid. noviembre 21, 2023 08:33 ( UTC -05:00 [&hellip;]<\/p>\n","protected":false},"author":28,"featured_media":490290,"comment_status":"closed","ping_status":"","sticky":false,"template":"","format":"standard","meta":{"footnotes":""},"categories":[36,26,22],"tags":[],"class_list":["post-490288","post","type-post","status-publish","format-standard","has-post-thumbnail","hentry","category-hombresmujeresycosas","category-efemerides","category-politica"],"_links":{"self":[{"href":"https:\/\/diariodominicano.com\/index.php?rest_route=\/wp\/v2\/posts\/490288","targetHints":{"allow":["GET"]}}],"collection":[{"href":"https:\/\/diariodominicano.com\/index.php?rest_route=\/wp\/v2\/posts"}],"about":[{"href":"https:\/\/diariodominicano.com\/index.php?rest_route=\/wp\/v2\/types\/post"}],"author":[{"embeddable":true,"href":"https:\/\/diariodominicano.com\/index.php?rest_route=\/wp\/v2\/users\/28"}],"replies":[{"embeddable":true,"href":"https:\/\/diariodominicano.com\/index.php?rest_route=%2Fwp%2Fv2%2Fcomments&post=490288"}],"version-history":[{"count":1,"href":"https:\/\/diariodominicano.com\/index.php?rest_route=\/wp\/v2\/posts\/490288\/revisions"}],"predecessor-version":[{"id":490291,"href":"https:\/\/diariodominicano.com\/index.php?rest_route=\/wp\/v2\/posts\/490288\/revisions\/490291"}],"wp:featuredmedia":[{"embeddable":true,"href":"https:\/\/diariodominicano.com\/index.php?rest_route=\/wp\/v2\/media\/490290"}],"wp:attachment":[{"href":"https:\/\/diariodominicano.com\/index.php?rest_route=%2Fwp%2Fv2%2Fmedia&parent=490288"}],"wp:term":[{"taxonomy":"category","embeddable":true,"href":"https:\/\/diariodominicano.com\/index.php?rest_route=%2Fwp%2Fv2%2Fcategories&post=490288"},{"taxonomy":"post_tag","embeddable":true,"href":"https:\/\/diariodominicano.com\/index.php?rest_route=%2Fwp%2Fv2%2Ftags&post=490288"}],"curies":[{"name":"wp","href":"https:\/\/api.w.org\/{rel}","templated":true}]}}