{"id":490229,"date":"2023-11-21T02:13:35","date_gmt":"2023-11-21T06:13:35","guid":{"rendered":"https:\/\/diariodominicano.com\/?p=490229"},"modified":"2023-11-21T02:17:46","modified_gmt":"2023-11-21T06:17:46","slug":"fuerza-del-pueblo-deplora-falta-de-orientacion-a-la-poblacion-sobre-el-peligro-inminente-de-la-tormenta-anunciada","status":"publish","type":"post","link":"https:\/\/diariodominicano.com\/?p=490229","title":{"rendered":"Fuerza del Pueblo deplora  falta de orientaci\u00f3n a la poblaci\u00f3n sobre el peligro inminente de la tormenta anunciada"},"content":{"rendered":"\n<p>El documento de prensa de Fuerza del Pueblo fue entregado a los medios de comunicaci\u00f3n en una rueda de prensa encabezada por el presidente de FP y l\u00edder de la oposici\u00f3n pol\u00edtica dominicana, el doctor Leonel Fern\u00e1ndez. <\/p>\n\n\n\n<p>Diariodominicano.com<\/p>\n\n\n\n<p>Santo Domingo, RD.- En un comunicado de prensa  Fuerza del Pueblo (FP) expresa su solidaridad y condolencias a las familias afectadas  y su  disposici\u00f3n, como organizaci\u00f3n pol\u00edtica al servicio del pueblo, de apoyarles en todo momento en medio de esta calamidad nacional. <\/p>\n\n\n\n<p>Afirma que la  agenda y prioridades del gobierno y del presidente Abinader estuvieron totalmente al margen del riesgo inminente anunciado por ONAMET. Por esa misma raz\u00f3n, el principal responsable del COE se ausent\u00f3 para atender compromisos de fiestas familiares, enviando un\u00a0 mensaje distorsionado a la poblaci\u00f3n sobre la magnitud, alcance y peligro\u00a0 de la tormenta. <\/p>\n\n\n\n<p>El documento de prensa  fue entregado a los medios de comunicaci\u00f3n en una rueda de prensa que encabez\u00f3 el presidente de FP, el doctor Leonel Fern\u00e1ndez. Fue le\u00eddo por el ingeniero Mariano Germ\u00e1n.<\/p>\n\n\n\n<p>Fuerza del Pueblo cuestiona que  pesar de contar con una extraordinaria plataforma de propaganda y publicidad pol\u00edtica, que promueve la figura presidencial,  no fue puesta al servicio de la prevenci\u00f3n para alertar debidamente a la poblaci\u00f3n. <\/p>\n\n\n\n<p>Refiere que   el pa\u00eds est\u00e1 consternado con la magnitud de la tragedia ocurrida por efecto de la tormenta y las lluvias torrenciales del pasado s\u00e1bado. <\/p>\n\n\n\n<p> \u00abTodav\u00eda al d\u00eda de hoy no termina la cuenta de v\u00edctimas fatales en todo el pa\u00eds. Comunidades del Gran Santo Domingo, as\u00ed como provincias y municipios importantes se transformaron en zonas de desastres\u00bb.  Diariodominicano,com copia a continuaci\u00f3n el comunicado de Fuerza del Pueblo:<\/p>\n\n\n\n<p><strong>LA INEFICIENCIA DE LA GESTI\u00d3N P\u00daBLICA ANTE EL FEN\u00d3MENO ATMOSF\u00c9RICO<\/strong><\/p>\n\n\n\n<p>Lo primero es expresar nuestra solidaridad y condolencias con las familias afectadas y nuestra disposici\u00f3n, como organizaci\u00f3n pol\u00edtica al servicio del pueblo, de apoyarles en todo momento en medio de esta calamidad nacional.<\/p>\n\n\n\n<p>El pa\u00eds est\u00e1 consternado con la magnitud de la tragedia ocurrida por efecto de la tormenta y las lluvias torrenciales del pasado s\u00e1bado.<\/p>\n\n\n\n<p>Todav\u00eda al d\u00eda de hoy no termina la cuenta de v\u00edctimas fatales en todo el pa\u00eds. Comunidades del Gran Santo Domingo, as\u00ed como provincias y municipios importantes se transformaron en zonas de desastres.<\/p>\n\n\n\n<p>Hay un sentimiento de indignaci\u00f3n e impotencia en gran parte de la sociedad, lo cual es entendible y nos lleva a se\u00f1alar lo que, a nuestro entender, son los 10 errores y fallas del gobierno en el manejo de la emergencia meteorol\u00f3gica del s\u00e1bado 18 de noviembre:<\/p>\n\n\n\n<p>1. Falta de orientaci\u00f3n a la poblaci\u00f3n sobre el peligro inminente de la tormenta anunciada. Por ejemplo, no fue sino hasta las cinco de la tarde, que se coloc\u00f3 en alerta Roja al Gran Santo Domingo.<\/p>\n\n\n\n<p>2. A pesar de contar con una extraordinaria plataforma de propaganda y publicidad pol\u00edtica, que promueve la figura presidencial, esta no fue puesta al servicio de la prevenci\u00f3n para alertar debidamente a la poblaci\u00f3n.<\/p>\n\n\n\n<p>3. La agenda y prioridades del gobierno y del presidente Abinader estuvieron totalmente al margen del riesgo inminente anunciado por ONAMET. Por esa misma raz\u00f3n, el principal responsable del COE se ausent\u00f3 para atender compromisos de fiestas familiares, enviando un&nbsp; mensaje distorsionado a la poblaci\u00f3n sobre la magnitud, alcance y peligro&nbsp; de la tormenta.<\/p>\n\n\n\n<p>4. Durante la tragedia, desde el gobierno, se promocionaba una cadena de radio y televisi\u00f3n de un acto releccionista para el domingo.<\/p>\n\n\n\n<p>Solo vinieron a detener los preparativos de ese acto, al caer la tarde, ante las cr\u00edticas en redes sociales, ya en medio de la tormenta y del recuento de las primeras v\u00edctimas fatales.<\/p>\n\n\n\n<p>5. No se dise\u00f1\u00f3 ni ejecut\u00f3 un plan preventivo, ni de evaluaci\u00f3n de las zonas vulnerables y de riesgo. Adem\u00e1s se ignoraron las advertencias del deterioro de varias infraestructuras viales de importancia.<\/p>\n\n\n\n<p>6. La improvisaci\u00f3n del presidente Abinader en el manejo de esta crisis, fue de tal magnitud, que solo despu\u00e9s de haber ocurrido la tragedia, al filo de la medianoche del s\u00e1bado, atin\u00f3 a decretar la suspensi\u00f3n de labores, cuando debi\u00f3 hacerlo desde el d\u00eda anterior.<\/p>\n\n\n\n<p>7. Toda la informaci\u00f3n registrada sobre la tragedia de la tormenta diluvial de noviembre del a\u00f1o pasado, debi\u00f3 servir de experiencia para las medidas preventivas y los preparativos de contenci\u00f3n, pero nadie en el gobierno se ocup\u00f3 de hacerlo.<\/p>\n\n\n\n<p>8. El gobierno y el presidente Abinader, sin evaluar las p\u00e9rdidas humanas y da\u00f1os materiales, todav\u00eda con zonas bajo riesgo, se apresuran a culpabilizar a otros de sus fallas y descuidos.<\/p>\n\n\n\n<p>9. No obstante haber tomado prestado m\u00e1s de un bill\u00f3n de pesos, este gobierno no ha sido capaz de construir un solo drenaje pluvial en la ciudad de Santo Domingo, ni dar mantenimiento a ninguno de los cinco drenajes construidos en anteriores gobiernos.<\/p>\n\n\n\n<p>Adem\u00e1s, no ha tomado como prioridad la adquisici\u00f3n de radares meteorol\u00f3gicos Doppler en Santo Domingo, para crear de manera eficiente un sistema de alerta temprana y anticipar la cantidad de lluvias y el potencial de inundaciones repentinas.<\/p>\n\n\n\n<p>10. La declaratoria de emergencia para la adquisici\u00f3n de bienes y servicios debe estar sujeta al debido proceso, a la legalidad y la transparencia. Tambi\u00e9n, la necesaria asistencia a los damnificados no debe ser usada con fines electorales.<\/p>\n\n\n\n<p>Finalmente, exhortamos al gobierno a ofrecer una respuesta \u00e1gil y eficiente a los damnificados de esta lamentable y dolorosa tragedia. Nuestro partido, militancia, dirigentes y candidatos reafirman el compromiso de continuar brindando apoyo y auxilio a la poblaci\u00f3n afectada en todo el territorio nacional.<\/p>\n\n\n\n<p><strong>DIRECCI\u00d3N POL\u00cdTICA<\/strong><\/p>\n\n\n\n<p><strong>20 de noviembre 2023<\/strong><\/p>\n","protected":false},"excerpt":{"rendered":"<p>El documento de prensa de Fuerza del Pueblo fue entregado a los medios de comunicaci\u00f3n en una rueda de prensa encabezada por el presidente de FP y l\u00edder de la oposici\u00f3n pol\u00edtica dominicana, el doctor Leonel Fern\u00e1ndez. Diariodominicano.com Santo Domingo, RD.- En un comunicado de prensa Fuerza del Pueblo (FP) expresa su solidaridad y condolencias [&hellip;]<\/p>\n","protected":false},"author":28,"featured_media":490230,"comment_status":"closed","ping_status":"","sticky":true,"template":"","format":"standard","meta":{"footnotes":""},"categories":[36,22,27],"tags":[],"class_list":["post-490229","post","type-post","status-publish","format-standard","has-post-thumbnail","hentry","category-hombresmujeresycosas","category-politica","category-portada"],"_links":{"self":[{"href":"https:\/\/diariodominicano.com\/index.php?rest_route=\/wp\/v2\/posts\/490229","targetHints":{"allow":["GET"]}}],"collection":[{"href":"https:\/\/diariodominicano.com\/index.php?rest_route=\/wp\/v2\/posts"}],"about":[{"href":"https:\/\/diariodominicano.com\/index.php?rest_route=\/wp\/v2\/types\/post"}],"author":[{"embeddable":true,"href":"https:\/\/diariodominicano.com\/index.php?rest_route=\/wp\/v2\/users\/28"}],"replies":[{"embeddable":true,"href":"https:\/\/diariodominicano.com\/index.php?rest_route=%2Fwp%2Fv2%2Fcomments&post=490229"}],"version-history":[{"count":4,"href":"https:\/\/diariodominicano.com\/index.php?rest_route=\/wp\/v2\/posts\/490229\/revisions"}],"predecessor-version":[{"id":490234,"href":"https:\/\/diariodominicano.com\/index.php?rest_route=\/wp\/v2\/posts\/490229\/revisions\/490234"}],"wp:featuredmedia":[{"embeddable":true,"href":"https:\/\/diariodominicano.com\/index.php?rest_route=\/wp\/v2\/media\/490230"}],"wp:attachment":[{"href":"https:\/\/diariodominicano.com\/index.php?rest_route=%2Fwp%2Fv2%2Fmedia&parent=490229"}],"wp:term":[{"taxonomy":"category","embeddable":true,"href":"https:\/\/diariodominicano.com\/index.php?rest_route=%2Fwp%2Fv2%2Fcategories&post=490229"},{"taxonomy":"post_tag","embeddable":true,"href":"https:\/\/diariodominicano.com\/index.php?rest_route=%2Fwp%2Fv2%2Ftags&post=490229"}],"curies":[{"name":"wp","href":"https:\/\/api.w.org\/{rel}","templated":true}]}}