{"id":490210,"date":"2023-11-21T01:38:51","date_gmt":"2023-11-21T05:38:51","guid":{"rendered":"https:\/\/diariodominicano.com\/?p=490210"},"modified":"2023-11-21T01:40:58","modified_gmt":"2023-11-21T05:40:58","slug":"pgr-dgspc-y-jce-inician-plan-piloto-para-el-voto-penitenciario-en-elecciones-del-proximo-ano","status":"publish","type":"post","link":"https:\/\/diariodominicano.com\/?p=490210","title":{"rendered":"PGR, DGSPC y JCE inician plan piloto para el voto penitenciario en elecciones del pr\u00f3ximo a\u00f1o"},"content":{"rendered":"\n<p>SANTO DOMINGO, Rep\u00fablica Dominicana.- La Procuradur\u00eda General de la Rep\u00fablica (PGR), a trav\u00e9s de la Direcci\u00f3n General de Servicios Penitenciarios y Correccionales (DGSPC), y la Junta Central Electoral (JCE), dejaron instalado un plan piloto de captura de datos biom\u00e9tricos como parte de los trabajos de implementaci\u00f3n del voto penitenciario para las elecciones presidenciales del pr\u00f3ximo a\u00f1o 2024.<\/p>\n\n\n\n<figure class=\"wp-block-image size-large\"><img loading=\"lazy\" decoding=\"async\" width=\"1024\" height=\"683\" src=\"https:\/\/diariodominicano.com\/wp-content\/uploads\/2023\/11\/2023-11-16-Voto-Internos-PGR-DGSPC-y-JCE_023-1024x683.jpg\" alt=\"\" class=\"wp-image-490212\" srcset=\"https:\/\/diariodominicano.com\/wp-content\/uploads\/2023\/11\/2023-11-16-Voto-Internos-PGR-DGSPC-y-JCE_023-1024x683.jpg 1024w, https:\/\/diariodominicano.com\/wp-content\/uploads\/2023\/11\/2023-11-16-Voto-Internos-PGR-DGSPC-y-JCE_023-300x200.jpg 300w, https:\/\/diariodominicano.com\/wp-content\/uploads\/2023\/11\/2023-11-16-Voto-Internos-PGR-DGSPC-y-JCE_023-768x512.jpg 768w, https:\/\/diariodominicano.com\/wp-content\/uploads\/2023\/11\/2023-11-16-Voto-Internos-PGR-DGSPC-y-JCE_023-1536x1024.jpg 1536w, https:\/\/diariodominicano.com\/wp-content\/uploads\/2023\/11\/2023-11-16-Voto-Internos-PGR-DGSPC-y-JCE_023-2048x1365.jpg 2048w, https:\/\/diariodominicano.com\/wp-content\/uploads\/2023\/11\/2023-11-16-Voto-Internos-PGR-DGSPC-y-JCE_023-816x544.jpg 816w\" sizes=\"auto, (max-width: 1024px) 100vw, 1024px\" \/><\/figure>\n\n\n\n<p>El plan se inici\u00f3 en el centro de privaci\u00f3n de libertad ubicado en la Fortaleza Juana N\u00fa\u00f1ez, de Salcedo, en la provincia Hermanas Mirabal. Para su inicio una delegaci\u00f3n de funcionarios de la Procuradur\u00eda General de la Rep\u00fablica y la Direcci\u00f3n General de Servicios Penitenciarios y Correccionales, designada por la magistrada Miriam Germ\u00e1n Brito, procuradora general de la Rep\u00fablica, realizaron las coordinaciones de lugar para establecer los equipos tecnol\u00f3gicos que requiere este proceso.<\/p>\n\n\n\n<p>Dolores Altagracia Fern\u00e1ndez S\u00e1nchez, miembro titular de la JCE, manifest\u00f3 que el estado social y democr\u00e1tico de derecho necesita que las instituciones p\u00fablicas hagan convenios como este donde se establece un compromiso de devolverle lo que es un derecho fundamental a los privados de libertad. \u201cEn el 2016 tuvimos las elecciones para los presos preventivos, pero quisimos ahora dar un paso hacia delante, algo que garantizar\u00e1 lo que hoy es un plan operativo, que es lo que necesita la DGSPC y la Procuradur\u00eda para tener un control y pretendemos que este modelo sea replicado en los dem\u00e1s centros penitenciarios\u201d, dijo.<\/p>\n\n\n\n<p>De su lado, Roberto Hern\u00e1ndez, director de la DGSPC, dijo que este plan piloto representa un anhelo y un derecho que merecen los privados de libertad, que es el derecho al voto y que el mismo se va a aunar con el derecho a la identidad porque tambi\u00e9n ser\u00e1 abarcado en esta fase. \u201cNosotros hemos tenido este anhelo por a\u00f1os en nuestros centros, yo pienso que este convenio va a partir del compromiso del voto penitenciario a darle otros componentes de control de data al sistema penitenciario\u201d, expres\u00f3.<\/p>\n\n\n\n<figure class=\"wp-block-image size-large\"><img loading=\"lazy\" decoding=\"async\" width=\"1024\" height=\"683\" src=\"https:\/\/diariodominicano.com\/wp-content\/uploads\/2023\/11\/2023-11-16-Voto-Internos-PGR-DGSPC-y-JCE_005-2-1024x683.jpg\" alt=\"\" class=\"wp-image-490215\" srcset=\"https:\/\/diariodominicano.com\/wp-content\/uploads\/2023\/11\/2023-11-16-Voto-Internos-PGR-DGSPC-y-JCE_005-2-1024x683.jpg 1024w, https:\/\/diariodominicano.com\/wp-content\/uploads\/2023\/11\/2023-11-16-Voto-Internos-PGR-DGSPC-y-JCE_005-2-300x200.jpg 300w, https:\/\/diariodominicano.com\/wp-content\/uploads\/2023\/11\/2023-11-16-Voto-Internos-PGR-DGSPC-y-JCE_005-2-768x512.jpg 768w, https:\/\/diariodominicano.com\/wp-content\/uploads\/2023\/11\/2023-11-16-Voto-Internos-PGR-DGSPC-y-JCE_005-2-1536x1024.jpg 1536w, https:\/\/diariodominicano.com\/wp-content\/uploads\/2023\/11\/2023-11-16-Voto-Internos-PGR-DGSPC-y-JCE_005-2-2048x1365.jpg 2048w, https:\/\/diariodominicano.com\/wp-content\/uploads\/2023\/11\/2023-11-16-Voto-Internos-PGR-DGSPC-y-JCE_005-2-816x544.jpg 816w\" sizes=\"auto, (max-width: 1024px) 100vw, 1024px\" \/><\/figure>\n\n\n\n<figure class=\"wp-block-image size-large\"><img loading=\"lazy\" decoding=\"async\" width=\"1024\" height=\"683\" src=\"https:\/\/diariodominicano.com\/wp-content\/uploads\/2023\/11\/2023-11-16-Voto-Internos-PGR-DGSPC-y-JCE_009-1-1024x683.jpg\" alt=\"\" class=\"wp-image-490216\" srcset=\"https:\/\/diariodominicano.com\/wp-content\/uploads\/2023\/11\/2023-11-16-Voto-Internos-PGR-DGSPC-y-JCE_009-1-1024x683.jpg 1024w, https:\/\/diariodominicano.com\/wp-content\/uploads\/2023\/11\/2023-11-16-Voto-Internos-PGR-DGSPC-y-JCE_009-1-300x200.jpg 300w, https:\/\/diariodominicano.com\/wp-content\/uploads\/2023\/11\/2023-11-16-Voto-Internos-PGR-DGSPC-y-JCE_009-1-768x512.jpg 768w, https:\/\/diariodominicano.com\/wp-content\/uploads\/2023\/11\/2023-11-16-Voto-Internos-PGR-DGSPC-y-JCE_009-1-1536x1024.jpg 1536w, https:\/\/diariodominicano.com\/wp-content\/uploads\/2023\/11\/2023-11-16-Voto-Internos-PGR-DGSPC-y-JCE_009-1-2048x1365.jpg 2048w, https:\/\/diariodominicano.com\/wp-content\/uploads\/2023\/11\/2023-11-16-Voto-Internos-PGR-DGSPC-y-JCE_009-1-816x544.jpg 816w\" sizes=\"auto, (max-width: 1024px) 100vw, 1024px\" \/><\/figure>\n\n\n\n<p>La delegaci\u00f3n tambi\u00e9n la integran el consultor jur\u00eddico de la DGSPC,&nbsp; \u00c1ngelo Fr\u00edas, y M\u00e1rtires Cirilo Qui\u00f1ones, procurador adjunto, quienes trabajaron junto a los funcionarios de la Junta Central Electoral, Dolores Altagracia Fern\u00e1ndez S\u00e1nchez, miembro titular; Mario N\u00fa\u00f1ez, director nacional de Elecciones; Luis Mariano Matos, director nacional de Registro Electoral; Yovanny D\u00edaz, subdirector nacional de Cedulaci\u00f3n; G\u00e9nesis V\u00e1squez, encargada&nbsp; de Operativos M\u00f3viles, Claudio Ferreira, encargado de&nbsp; Desarrollo, y Am\u00e9rico Rodr\u00edguez, director nacional de Cedulaci\u00f3n.<\/p>\n\n\n\n<figure class=\"wp-block-image size-large\"><img loading=\"lazy\" decoding=\"async\" width=\"1024\" height=\"683\" src=\"https:\/\/diariodominicano.com\/wp-content\/uploads\/2023\/11\/2023-11-16-Voto-Internos-PGR-DGSPC-y-JCE_025-1024x683.jpg\" alt=\"\" class=\"wp-image-490218\" srcset=\"https:\/\/diariodominicano.com\/wp-content\/uploads\/2023\/11\/2023-11-16-Voto-Internos-PGR-DGSPC-y-JCE_025-1024x683.jpg 1024w, https:\/\/diariodominicano.com\/wp-content\/uploads\/2023\/11\/2023-11-16-Voto-Internos-PGR-DGSPC-y-JCE_025-300x200.jpg 300w, https:\/\/diariodominicano.com\/wp-content\/uploads\/2023\/11\/2023-11-16-Voto-Internos-PGR-DGSPC-y-JCE_025-768x512.jpg 768w, https:\/\/diariodominicano.com\/wp-content\/uploads\/2023\/11\/2023-11-16-Voto-Internos-PGR-DGSPC-y-JCE_025-1536x1024.jpg 1536w, https:\/\/diariodominicano.com\/wp-content\/uploads\/2023\/11\/2023-11-16-Voto-Internos-PGR-DGSPC-y-JCE_025-2048x1365.jpg 2048w, https:\/\/diariodominicano.com\/wp-content\/uploads\/2023\/11\/2023-11-16-Voto-Internos-PGR-DGSPC-y-JCE_025-816x544.jpg 816w\" sizes=\"auto, (max-width: 1024px) 100vw, 1024px\" \/><\/figure>\n\n\n\n<p>La delegaci\u00f3n de la JCE encargada de este proyecto explic\u00f3 que el prop\u00f3sito de la instalaci\u00f3n de este piloto en el CCR de Salcedo, ser\u00e1 identificar a la poblaci\u00f3n de internos en los recintos penitenciarios y determinar cu\u00e1les son los internos preventivos que poseen c\u00e9dula de identidad y electoral para que puedan ejercer el derecho al voto.<\/p>\n\n\n\n<p>En el acuerdo se establece que solo se realizar\u00e1 el proceso de expedici\u00f3n de c\u00e9dulas de identidad y electoral, por lo que los centros penitenciarios deber\u00e1n garantizar la fluidez de los privados de libertad hacia el \u00e1rea de captura de informaci\u00f3n.<\/p>\n\n\n\n<p>Con la iniciativa se cumple con lo establecido en la Ley 113-21 sobre R\u00e9gimen Penitenciario, que establece el derecho al voto a quienes no est\u00e9n condenados irrevocablemente a pena criminal.<\/p>\n\n\n\n<p>Para llevar a cabo este procedimiento, se identificar\u00e1n biom\u00e9tricamente a todos los internos del centro penitenciario y a los que tengan c\u00e9dulas se les imprimir\u00e1 el registro de la identificaci\u00f3n biom\u00e9trica, y al final de cada semana ser\u00e1n enviados los maestros de cedulados desde el centro de cedulaci\u00f3n del municipio, previamente autorizados por la DNC, a los fines de que sean anexados a la ficha del centro.<\/p>\n\n\n\n<p>A su vez explicaron que los internos que no hayan sido identificados biom\u00e9tricamente ser\u00e1n capturados mediante el perfil biom\u00e9trico con la finalidad de anexarle la constancia de solicitud a la ficha del interno.<\/p>\n\n\n\n<p>En este sentido, Am\u00e9rico Rodr\u00edguez, director nacional de Cedulaci\u00f3n, dijo que este proceso traer\u00e1 algunos valores agregados porque todos los internos van a quedar registrados biom\u00e9tricamente dentro del sistema de la JCE. \u201cEn el recinto penitenciario se quedar\u00eda el recibo que sirva como sustento a la ficha que posee el interno y el que no cuente con un documento de identificaci\u00f3n, se le har\u00e1 un registro en el sistema con la informaci\u00f3n de su ficha, por lo que quedar\u00e1 un registro con su biometr\u00eda y sus datos personales, lo que significar\u00eda una ventaja de la que el sistema penitenciario le podr\u00eda sacar provecho\u201d, expres\u00f3.<\/p>\n\n\n\n<p><strong>Direcci\u00f3n General de Comunicaci\u00f3n, Prensa, y RRPP<\/strong><\/p>\n\n\n\n<p>Ministerio P\u00fablico.&nbsp;R.D.<\/p>\n\n\n\n<p>Lunes, 20 de noviembre de 2023.<\/p>\n","protected":false},"excerpt":{"rendered":"<p>SANTO DOMINGO, Rep\u00fablica Dominicana.- La Procuradur\u00eda General de la Rep\u00fablica (PGR), a trav\u00e9s de la Direcci\u00f3n General de Servicios Penitenciarios y Correccionales (DGSPC), y la Junta Central Electoral (JCE), dejaron instalado un plan piloto de captura de datos biom\u00e9tricos como parte de los trabajos de implementaci\u00f3n del voto penitenciario para las elecciones presidenciales del pr\u00f3ximo [&hellip;]<\/p>\n","protected":false},"author":28,"featured_media":490211,"comment_status":"closed","ping_status":"","sticky":true,"template":"","format":"standard","meta":{"footnotes":""},"categories":[36,22,27],"tags":[],"class_list":["post-490210","post","type-post","status-publish","format-standard","has-post-thumbnail","hentry","category-hombresmujeresycosas","category-politica","category-portada"],"_links":{"self":[{"href":"https:\/\/diariodominicano.com\/index.php?rest_route=\/wp\/v2\/posts\/490210","targetHints":{"allow":["GET"]}}],"collection":[{"href":"https:\/\/diariodominicano.com\/index.php?rest_route=\/wp\/v2\/posts"}],"about":[{"href":"https:\/\/diariodominicano.com\/index.php?rest_route=\/wp\/v2\/types\/post"}],"author":[{"embeddable":true,"href":"https:\/\/diariodominicano.com\/index.php?rest_route=\/wp\/v2\/users\/28"}],"replies":[{"embeddable":true,"href":"https:\/\/diariodominicano.com\/index.php?rest_route=%2Fwp%2Fv2%2Fcomments&post=490210"}],"version-history":[{"count":5,"href":"https:\/\/diariodominicano.com\/index.php?rest_route=\/wp\/v2\/posts\/490210\/revisions"}],"predecessor-version":[{"id":490220,"href":"https:\/\/diariodominicano.com\/index.php?rest_route=\/wp\/v2\/posts\/490210\/revisions\/490220"}],"wp:featuredmedia":[{"embeddable":true,"href":"https:\/\/diariodominicano.com\/index.php?rest_route=\/wp\/v2\/media\/490211"}],"wp:attachment":[{"href":"https:\/\/diariodominicano.com\/index.php?rest_route=%2Fwp%2Fv2%2Fmedia&parent=490210"}],"wp:term":[{"taxonomy":"category","embeddable":true,"href":"https:\/\/diariodominicano.com\/index.php?rest_route=%2Fwp%2Fv2%2Fcategories&post=490210"},{"taxonomy":"post_tag","embeddable":true,"href":"https:\/\/diariodominicano.com\/index.php?rest_route=%2Fwp%2Fv2%2Ftags&post=490210"}],"curies":[{"name":"wp","href":"https:\/\/api.w.org\/{rel}","templated":true}]}}