{"id":49017,"date":"2020-11-25T14:42:25","date_gmt":"2020-11-25T14:42:25","guid":{"rendered":"http:\/\/diariodominicano.ddns.net\/?p=49017"},"modified":"2020-11-25T14:42:25","modified_gmt":"2020-11-25T14:42:25","slug":"julio-sanchez-marinez-es-elegido-nuevo-rector-del-intec","status":"publish","type":"post","link":"https:\/\/diariodominicano.com\/?p=49017","title":{"rendered":"Julio S\u00e1nchez Mar\u00ed\u00f1ez es elegido nuevo Rector del INTEC"},"content":{"rendered":"<p><body><\/p>\n<p><img decoding=\"async\" src=\"img3\/Julio Schez MarinezINTEC25-11-20.jpg\" \/>  <\/p>\n<p> <span class=\"text1noticias\">diariodominicano.com<\/span><\/p>\n<p><span class=\"text1noticias\"> <\/span><\/p>\n<p><span class=\"text1noticias\">Santo Domingo, R. D., 25 de noviembre, 2020.- La Junta de Regentes del Instituto Tecnol\u00f3gico de Santo Domingo (INTEC) eligi\u00f3 al doctor Julio S\u00e1nchez Mar\u00ed\u00f1ez como rector de la universidad para un periodo de tres a\u00f1os. S\u00e1nchez Mar\u00ed\u00f1ez sustituye al doctor Rolando M. Guzm\u00e1n, quien agot\u00f3 el periodo m\u00e1ximo reglamentario de gesti\u00f3n de tres periodos consecutivos entre 2011 y 2020. <\/span><\/p>\n<p><span class=\"text1noticias\"> <\/span><\/p>\n<p><span class=\"text1noticias\">El \u00f3rgano de direcci\u00f3n del INTEC tom\u00f3 la decisi\u00f3n en su sesi\u00f3n de este 25 de noviembre, tras agotar un amplio proceso de selecci\u00f3n que inici\u00f3 en marzo pasado con el llamado a presentaci\u00f3n de candidaturas, atendiendo a lo establecido en los Estatutos Generales y el Reglamento para la Selecci\u00f3n y Nombramiento del rector(a) y vicerrectores. <\/span><\/p>\n<p><span class=\"text1noticias\"> <\/span><\/p>\n<p><span class=\"text1noticias\">Julio S\u00e1nchez-Mar\u00ed\u00f1ez es psic\u00f3logo egresado de la Universidad Aut\u00f3noma de Santo Domingo (UASD), con estudios de especialidad en Planificaci\u00f3n y Administraci\u00f3n de la Educaci\u00f3n Superior por el INTEC y un doctorado en Estudios Organizacionales y Gerenciales de la Escuela de Negocios de la Universidad Estatal de Nueva York, en Albany. <\/span><\/p>\n<p><span class=\"text1noticias\"> <\/span><\/p>\n<p><span class=\"text1noticias\">Mediante un comunicado, la junta de Regentes expres\u00f3 su satisfacci\u00f3n por la organizaci\u00f3n y transparencia con que transcurri\u00f3 el proceso, gracias al apoyo recibido por las instancias internas, as\u00ed como por la calidad de las propuestas presentadas.  De igual forma, reconoci\u00f3 la disposici\u00f3n y el compromiso del Comit\u00e9 Asesor que lider\u00f3 el proceso. <\/span><\/p>\n<p><span class=\"text1noticias\"> <\/span><\/p>\n<p><span class=\"text1noticias\">\u00abNos sentimos ilusionados y llenos de esperanza en que toda la experiencia y los conocimientos que adornan a la trayectoria profesional del doctor S\u00e1nchez Mar\u00ed\u00f1ez servir\u00e1n como un empuje para que el INTEC contin\u00fae con su camino de desarrollo y reconocimiento, tanto a nivel nacional como internacional\u00bb, expres\u00f3 el ingeniero Jordi Portet, presidente de la Junta de Regentes del INTEC. <\/span><\/p>\n<p><span class=\"text1noticias\"> <\/span><\/p>\n<p><span class=\"text1noticias\">Los Estatutos Generales del INTEC establecen que la Rector\u00eda es la instancia directiva en la que reside la m\u00e1xima autoridad ejecutiva para el gobierno inmediato del INTEC. Adem\u00e1s, estipulan que el rector podr\u00e1 ser elegido por hasta tres (3) per\u00edodos, consecutivos o no, tras lo cual no podr\u00e1 volver a ser electo para tal posici\u00f3n. <\/span><\/p>\n<p><span class=\"text1noticias\"> <\/span><\/p>\n<p><span class=\"text1noticias\">Perfil profesional  <\/span><\/p>\n<p><span class=\"text1noticias\"> <\/span><\/p>\n<p><span class=\"text1noticias\">S\u00e1nchez-Mar\u00ed\u00f1ez se desempe\u00f1\u00f3 como rector del Instituto Superior de Formaci\u00f3n Docente Salom\u00e9 Ure\u00f1a (ISFODOSU) desde 2013 hasta este a\u00f1o, y tiene una amplia experiencia en gesti\u00f3n educativa como director de secundaria del Colegio Dominicano De La Salle; secretario ejecutivo del Consejo Nacional de Educaci\u00f3n Superior (CONES) y asesor de Ense\u00f1anza e investigaci\u00f3n del Departamento de Psicolog\u00eda de la Universidad Estatal de Nueva York, en Albany. <\/span><\/p>\n<p><span class=\"text1noticias\"> <\/span><\/p>\n<p><span class=\"text1noticias\">En el INTEC fue vicerrector de Investigaci\u00f3n y Vinculaci\u00f3n (2008-2013); decano del \u00c1rea de Negocios (1994-1995); director ejecutivo de Educaci\u00f3n Permanente y Divulgaci\u00f3n Cient\u00edfica (1985-1986), y ha impartido docencia en programas de grado y postgrado tanto en el \u00c1rea de Ciencias Sociales y Humanidades como del \u00c1rea de Econom\u00eda y Negocios.  <\/span><\/p>\n<p><span class=\"text1noticias\"> <\/span><\/p>\n<p><span class=\"text1noticias\">Fue gerente de Programa del Componente de Desarrollo Gerencial y de Recursos Humanos de CARIFORUM (1996-1997), director t\u00e9cnico del Programa de Apoyo a la Reforma y Modernizaci\u00f3n del Poder Ejecutivo (Pro-Reforma) del Banco Interamericano de Desarrollo (2006) y tambi\u00e9n ha tenido experiencia en el sector privado como vicepresidente de Recursos Humanos (1992) y vicepresidente de Apoyos e Infraestructura (1995) en el Banco BHD y presidente de la empresa Consultrain (1997-2008). <\/span><\/p>\n<p><span class=\"text1noticias\"> <\/span><\/p>\n<p><span class=\"text1noticias\">Tambi\u00e9n, es miembro de diversas organizaciones internacionales como la American Management Association, secretario ejecutivo de la Red Educativa Universitaria de Conocimiento y Acci\u00f3n Regional (Reducar); Coalici\u00f3n Latinoamericana para la Excelencia Docente y miembro del Comit\u00e9 Coordinador del Programa Regional para el Desarrollo de la Profesi\u00f3n Docente en Am\u00e9rica Latina y el Caribe. <\/span><\/p>\n<p><span class=\"text1noticias\">  <\/span><\/p>\n<p><span class=\"text1noticias\">Fuente: Prensa INTEC<\/span><\/p>\n<p><span class=\"text1noticias\">Direcci\u00f3n de Comunicaci\u00f3n Institucional <\/span><\/p>\n<p><span class=\"text1noticias\">Instituto Tecnol\u00f3gico de Sant<\/span>o Domingo, INTEC  <\/p>\n<h6> 2020-11-25 14:42:25 <\/h6>\n<p><!--\n<link rel=\"stylesheet\" href=\"css\/bootstrap.min.css\">\n\n\n<ul class=\"pagination\">\n\t    \n\t\n\n<li >\n\t<a href='?page_no=16'>Previous<\/a>\n\t<\/li>\n\n\n       \n    \n\n<li><a href='?page_no=1'>1<\/a><\/li>\n\n\n\n<li><a href='?page_no=2'>2<\/a><\/li>\n\n\n\n<li><a>...<\/a><\/li>\n\n\n\n<li><a href='?page_no=15'>15<\/a><\/li>\n\n\n\n<li><a href='?page_no=16'>16<\/a><\/li>\n\n\n\n<li class='active'><a>17<\/a><\/li>\n\n\n\n<li><a href='?page_no=18'>18<\/a><\/li>\n\n\n\n<li><a href='?page_no=19'>19<\/a><\/li>\n\n\n\n<li><a>...<\/a><\/li>\n\n\n\n<li><a href='?page_no=22911'>22911<\/a><\/li>\n\n\n\n<li><a href='?page_no=22912'>22912<\/a><\/li>\n\n    \n\t\n\n<li >\n\t<a href='?page_no=18'>Next<\/a>\n\t<\/li>\n\n\n    \n\n<li><a href='?page_no=22912'>Last &rsaquo;&rsaquo;<\/a><\/li>\n\n<\/ul>\n\n\n--><br \/>\n<\/body><\/p>\n","protected":false},"excerpt":{"rendered":"<p>diariodominicano.com Santo Domingo, R. D., 25 de noviembre, 2020.- La Junta de Regentes del Instituto Tecnol\u00f3gico de Santo Domingo (INTEC) eligi\u00f3 al doctor Julio S\u00e1nchez Mar\u00ed\u00f1ez como rector de la universidad para un periodo de tres a\u00f1os. S\u00e1nchez Mar\u00ed\u00f1ez sustituye al doctor Rolando M. Guzm\u00e1n, quien agot\u00f3 el periodo m\u00e1ximo reglamentario de gesti\u00f3n de tres [&hellip;]<\/p>\n","protected":false},"author":3,"featured_media":0,"comment_status":"open","ping_status":"open","sticky":false,"template":"","format":"standard","meta":{"footnotes":""},"categories":[21],"tags":[],"class_list":["post-49017","post","type-post","status-publish","format-standard","hentry","category-cultura"],"_links":{"self":[{"href":"https:\/\/diariodominicano.com\/index.php?rest_route=\/wp\/v2\/posts\/49017","targetHints":{"allow":["GET"]}}],"collection":[{"href":"https:\/\/diariodominicano.com\/index.php?rest_route=\/wp\/v2\/posts"}],"about":[{"href":"https:\/\/diariodominicano.com\/index.php?rest_route=\/wp\/v2\/types\/post"}],"author":[{"embeddable":true,"href":"https:\/\/diariodominicano.com\/index.php?rest_route=\/wp\/v2\/users\/3"}],"replies":[{"embeddable":true,"href":"https:\/\/diariodominicano.com\/index.php?rest_route=%2Fwp%2Fv2%2Fcomments&post=49017"}],"version-history":[{"count":0,"href":"https:\/\/diariodominicano.com\/index.php?rest_route=\/wp\/v2\/posts\/49017\/revisions"}],"wp:attachment":[{"href":"https:\/\/diariodominicano.com\/index.php?rest_route=%2Fwp%2Fv2%2Fmedia&parent=49017"}],"wp:term":[{"taxonomy":"category","embeddable":true,"href":"https:\/\/diariodominicano.com\/index.php?rest_route=%2Fwp%2Fv2%2Fcategories&post=49017"},{"taxonomy":"post_tag","embeddable":true,"href":"https:\/\/diariodominicano.com\/index.php?rest_route=%2Fwp%2Fv2%2Ftags&post=49017"}],"curies":[{"name":"wp","href":"https:\/\/api.w.org\/{rel}","templated":true}]}}