{"id":490112,"date":"2023-11-20T23:49:13","date_gmt":"2023-11-21T03:49:13","guid":{"rendered":"https:\/\/diariodominicano.com\/?p=490112"},"modified":"2023-11-20T23:58:34","modified_gmt":"2023-11-21T03:58:34","slug":"la-casita-celebra-30-anos-ofreciendo-articulos-de-calidad","status":"publish","type":"post","link":"https:\/\/diariodominicano.com\/?p=490112","title":{"rendered":"La Casita celebra 30 a\u00f1os ofreciendo art\u00edculos de calidad"},"content":{"rendered":"\n<p> Dominick Blanco, Ronald Blanco, Angelita de Blanco, Francisco Sanchis y Gilberto Blanco. <\/p>\n\n\n\n<figure class=\"wp-block-image size-large\"><img loading=\"lazy\" decoding=\"async\" width=\"683\" height=\"1024\" src=\"https:\/\/diariodominicano.com\/wp-content\/uploads\/2023\/11\/Casita-2-Maria-Eugenia-Saleta-de-Blanco-y-Jasmina-de-Blanco-683x1024.jpg\" alt=\"\" class=\"wp-image-490116\" srcset=\"https:\/\/diariodominicano.com\/wp-content\/uploads\/2023\/11\/Casita-2-Maria-Eugenia-Saleta-de-Blanco-y-Jasmina-de-Blanco-683x1024.jpg 683w, https:\/\/diariodominicano.com\/wp-content\/uploads\/2023\/11\/Casita-2-Maria-Eugenia-Saleta-de-Blanco-y-Jasmina-de-Blanco-200x300.jpg 200w, https:\/\/diariodominicano.com\/wp-content\/uploads\/2023\/11\/Casita-2-Maria-Eugenia-Saleta-de-Blanco-y-Jasmina-de-Blanco-768x1152.jpg 768w, https:\/\/diariodominicano.com\/wp-content\/uploads\/2023\/11\/Casita-2-Maria-Eugenia-Saleta-de-Blanco-y-Jasmina-de-Blanco-1024x1536.jpg 1024w, https:\/\/diariodominicano.com\/wp-content\/uploads\/2023\/11\/Casita-2-Maria-Eugenia-Saleta-de-Blanco-y-Jasmina-de-Blanco-1365x2048.jpg 1365w, https:\/\/diariodominicano.com\/wp-content\/uploads\/2023\/11\/Casita-2-Maria-Eugenia-Saleta-de-Blanco-y-Jasmina-de-Blanco-816x1224.jpg 816w, https:\/\/diariodominicano.com\/wp-content\/uploads\/2023\/11\/Casita-2-Maria-Eugenia-Saleta-de-Blanco-y-Jasmina-de-Blanco-scaled.jpg 1707w\" sizes=\"auto, (max-width: 683px) 100vw, 683px\" \/><figcaption> Mar\u00eda Eugenia Saleta de Blanco y Jasmina de Blanco. <\/figcaption><\/figure>\n\n\n\n<p> <\/p>\n\n\n\n<p>Angelita de Blanco destac\u00f3 la calidez de la empresa familiar, que ofrece art\u00edculos funcionales y que aportan belleza al hogar<\/p>\n\n\n\n<p><strong>Santiago de los Caballeros. -Jueves 16 de noviembre 2023.-<\/strong>La Casita, empresa fundada por la familia Blanco-Rodr\u00edguez, celebr\u00f3 sus 30 a\u00f1os con un c\u00f3ctel en sus instalaciones ubicadas en la avenida Juan Pablo Duarte de la ciudad de Santiago.<\/p>\n\n\n\n<figure class=\"wp-block-image size-large\"><img loading=\"lazy\" decoding=\"async\" width=\"1024\" height=\"683\" src=\"https:\/\/diariodominicano.com\/wp-content\/uploads\/2023\/11\/Casita-3-Melissa-Lister-Zully-Estrella-y-Tania-Veras-1024x683.jpg\" alt=\"\" class=\"wp-image-490118\" srcset=\"https:\/\/diariodominicano.com\/wp-content\/uploads\/2023\/11\/Casita-3-Melissa-Lister-Zully-Estrella-y-Tania-Veras-1024x683.jpg 1024w, https:\/\/diariodominicano.com\/wp-content\/uploads\/2023\/11\/Casita-3-Melissa-Lister-Zully-Estrella-y-Tania-Veras-300x200.jpg 300w, https:\/\/diariodominicano.com\/wp-content\/uploads\/2023\/11\/Casita-3-Melissa-Lister-Zully-Estrella-y-Tania-Veras-768x512.jpg 768w, https:\/\/diariodominicano.com\/wp-content\/uploads\/2023\/11\/Casita-3-Melissa-Lister-Zully-Estrella-y-Tania-Veras-1536x1024.jpg 1536w, https:\/\/diariodominicano.com\/wp-content\/uploads\/2023\/11\/Casita-3-Melissa-Lister-Zully-Estrella-y-Tania-Veras-2048x1365.jpg 2048w, https:\/\/diariodominicano.com\/wp-content\/uploads\/2023\/11\/Casita-3-Melissa-Lister-Zully-Estrella-y-Tania-Veras-816x544.jpg 816w\" sizes=\"auto, (max-width: 1024px) 100vw, 1024px\" \/><figcaption>Melissa Lister, Zully Estrella y Tania Veras.<\/figcaption><\/figure>\n\n\n\n<p>Entre espacios decorados con tonos navide\u00f1os, obras de arte y atractivos mobiliarios para el hogar, se desarroll\u00f3 la celebraci\u00f3n amenizada por la violinista Ruth Herrera y el Dj Joeury Duran.<\/p>\n\n\n\n<p>Ante sus invitados, Angelita de Blanco, fundadora y gerente de la tienda, record\u00f3 los inicios de La Casita en la calle Restauraci\u00f3n de Santiago, donde ofrec\u00edan flores y adornos, en una hermosa estructura cubierta de ladrillos.<\/p>\n\n\n\n<figure class=\"wp-block-image size-large\"><img loading=\"lazy\" decoding=\"async\" width=\"1024\" height=\"683\" src=\"https:\/\/diariodominicano.com\/wp-content\/uploads\/2023\/11\/Casita-4-Angelita-de-Blanco-con-el-personal-de-tienda-La-Casita-1024x683.jpg\" alt=\"\" class=\"wp-image-490120\" srcset=\"https:\/\/diariodominicano.com\/wp-content\/uploads\/2023\/11\/Casita-4-Angelita-de-Blanco-con-el-personal-de-tienda-La-Casita-1024x683.jpg 1024w, https:\/\/diariodominicano.com\/wp-content\/uploads\/2023\/11\/Casita-4-Angelita-de-Blanco-con-el-personal-de-tienda-La-Casita-300x200.jpg 300w, https:\/\/diariodominicano.com\/wp-content\/uploads\/2023\/11\/Casita-4-Angelita-de-Blanco-con-el-personal-de-tienda-La-Casita-768x512.jpg 768w, https:\/\/diariodominicano.com\/wp-content\/uploads\/2023\/11\/Casita-4-Angelita-de-Blanco-con-el-personal-de-tienda-La-Casita-1536x1024.jpg 1536w, https:\/\/diariodominicano.com\/wp-content\/uploads\/2023\/11\/Casita-4-Angelita-de-Blanco-con-el-personal-de-tienda-La-Casita-2048x1365.jpg 2048w, https:\/\/diariodominicano.com\/wp-content\/uploads\/2023\/11\/Casita-4-Angelita-de-Blanco-con-el-personal-de-tienda-La-Casita-816x544.jpg 816w\" sizes=\"auto, (max-width: 1024px) 100vw, 1024px\" \/><figcaption> Angelita de Blanco con el personal de tienda La Casita. <\/figcaption><\/figure>\n\n\n\n<figure class=\"wp-block-image size-large\"><img loading=\"lazy\" decoding=\"async\" width=\"1024\" height=\"683\" src=\"https:\/\/diariodominicano.com\/wp-content\/uploads\/2023\/11\/Casita-5-Altagracia-Calderon-Johanna-Rodriguez-y-Laura-Sued-1024x683.jpg\" alt=\"\" class=\"wp-image-490123\" srcset=\"https:\/\/diariodominicano.com\/wp-content\/uploads\/2023\/11\/Casita-5-Altagracia-Calderon-Johanna-Rodriguez-y-Laura-Sued-1024x683.jpg 1024w, https:\/\/diariodominicano.com\/wp-content\/uploads\/2023\/11\/Casita-5-Altagracia-Calderon-Johanna-Rodriguez-y-Laura-Sued-300x200.jpg 300w, https:\/\/diariodominicano.com\/wp-content\/uploads\/2023\/11\/Casita-5-Altagracia-Calderon-Johanna-Rodriguez-y-Laura-Sued-768x512.jpg 768w, https:\/\/diariodominicano.com\/wp-content\/uploads\/2023\/11\/Casita-5-Altagracia-Calderon-Johanna-Rodriguez-y-Laura-Sued-1536x1024.jpg 1536w, https:\/\/diariodominicano.com\/wp-content\/uploads\/2023\/11\/Casita-5-Altagracia-Calderon-Johanna-Rodriguez-y-Laura-Sued-2048x1365.jpg 2048w, https:\/\/diariodominicano.com\/wp-content\/uploads\/2023\/11\/Casita-5-Altagracia-Calderon-Johanna-Rodriguez-y-Laura-Sued-816x544.jpg 816w\" sizes=\"auto, (max-width: 1024px) 100vw, 1024px\" \/><figcaption> Angelita de Blanco con el personal de tienda La Casita. <\/figcaption><\/figure>\n\n\n\n<p>\u00a8Con el tiempo agregamos muebles, nuevas l\u00edneas de productos y obras de arte. Adem\u00e1s, se incorporaron nuestros hijos, Gilberto, Dominick y Ronald, quienes le aportaron m\u00e1s innovaciones y propiciaron el crecimiento de la empresa, manteniendo la amabilidad y familiaridad que distingue a La Casita\u00a8, expres\u00f3 Angelita de Blanco.<\/p>\n\n\n\n<p>Seguido, el gerente administrativo, Gilberto Blanco Rodr\u00edguez, cit\u00f3 las novedades de la empresa, con la venta en l\u00ednea a trav\u00e9s de la p\u00e1gina web&nbsp;<a href=\"http:\/\/www.tiendalacasita.com\/\" target=\"_blank\" rel=\"noreferrer noopener\">www.tiendalacasita.com<\/a>&nbsp;a partir de enero del a\u00f1o 2024, as\u00ed como el remozamiento de la amplia infraestructura que ocupan en la avenida Juan Pablo Duarte. En la compa\u00f1\u00eda tambi\u00e9n laboran sus hermanos Dominick Blanco, gerente comercial y Ronald Blanco, quien se desempe\u00f1a como gerente de operaciones, junto a 43 colaboradores.<\/p>\n\n\n\n<figure class=\"wp-block-image size-large\"><img loading=\"lazy\" decoding=\"async\" width=\"683\" height=\"1024\" src=\"https:\/\/diariodominicano.com\/wp-content\/uploads\/2023\/11\/Casita-6-Vilena-Comas-y-Jeannina-Estevez-683x1024.jpg\" alt=\"\" class=\"wp-image-490128\" srcset=\"https:\/\/diariodominicano.com\/wp-content\/uploads\/2023\/11\/Casita-6-Vilena-Comas-y-Jeannina-Estevez-683x1024.jpg 683w, https:\/\/diariodominicano.com\/wp-content\/uploads\/2023\/11\/Casita-6-Vilena-Comas-y-Jeannina-Estevez-200x300.jpg 200w, https:\/\/diariodominicano.com\/wp-content\/uploads\/2023\/11\/Casita-6-Vilena-Comas-y-Jeannina-Estevez-768x1152.jpg 768w, https:\/\/diariodominicano.com\/wp-content\/uploads\/2023\/11\/Casita-6-Vilena-Comas-y-Jeannina-Estevez-1024x1536.jpg 1024w, https:\/\/diariodominicano.com\/wp-content\/uploads\/2023\/11\/Casita-6-Vilena-Comas-y-Jeannina-Estevez-1365x2048.jpg 1365w, https:\/\/diariodominicano.com\/wp-content\/uploads\/2023\/11\/Casita-6-Vilena-Comas-y-Jeannina-Estevez-816x1224.jpg 816w, https:\/\/diariodominicano.com\/wp-content\/uploads\/2023\/11\/Casita-6-Vilena-Comas-y-Jeannina-Estevez-scaled.jpg 1707w\" sizes=\"auto, (max-width: 683px) 100vw, 683px\" \/><figcaption>Vilena Comas y Jeannina Est\u00e9vez.<\/figcaption><\/figure>\n\n\n\n<figure class=\"wp-block-image size-large\"><img loading=\"lazy\" decoding=\"async\" width=\"1024\" height=\"683\" src=\"https:\/\/diariodominicano.com\/wp-content\/uploads\/2023\/11\/Casita-7-Ingrid-Gonzalez-y-Karina-Fernandez-1024x683.jpg\" alt=\"\" class=\"wp-image-490126\" srcset=\"https:\/\/diariodominicano.com\/wp-content\/uploads\/2023\/11\/Casita-7-Ingrid-Gonzalez-y-Karina-Fernandez-1024x683.jpg 1024w, https:\/\/diariodominicano.com\/wp-content\/uploads\/2023\/11\/Casita-7-Ingrid-Gonzalez-y-Karina-Fernandez-300x200.jpg 300w, https:\/\/diariodominicano.com\/wp-content\/uploads\/2023\/11\/Casita-7-Ingrid-Gonzalez-y-Karina-Fernandez-768x512.jpg 768w, https:\/\/diariodominicano.com\/wp-content\/uploads\/2023\/11\/Casita-7-Ingrid-Gonzalez-y-Karina-Fernandez-1536x1024.jpg 1536w, https:\/\/diariodominicano.com\/wp-content\/uploads\/2023\/11\/Casita-7-Ingrid-Gonzalez-y-Karina-Fernandez-2048x1365.jpg 2048w, https:\/\/diariodominicano.com\/wp-content\/uploads\/2023\/11\/Casita-7-Ingrid-Gonzalez-y-Karina-Fernandez-816x544.jpg 816w\" sizes=\"auto, (max-width: 1024px) 100vw, 1024px\" \/><figcaption> Ingrid Gonz\u00e1lez y Karina Fern\u00e1ndez. <\/figcaption><\/figure>\n\n\n\n<p><strong>Historia<\/strong><\/p>\n\n\n\n<p>Tienda La Casita surge en el a\u00f1o 1993, en la calle Restauraci\u00f3n de la ciudad de Santiago de los Caballeros, iniciativa de las hermanas Angelita Rodr\u00edguez Ochoa, Faviola Rodr\u00edguez Ochoa y Ver\u00f3nica Gil Ochoa.<\/p>\n\n\n\n<p>Al principio se dedicaron a embellecer espacios familiares con la venta de flores y piezas decorativas y apoyar el arte a trav\u00e9s de la distribuci\u00f3n de obras de pintores de la regi\u00f3n. Con el tiempo, La Casita fue convirti\u00e9ndose en una tradici\u00f3n de servicio, calidad e innovaci\u00f3n, adicionando una f\u00e1brica de muebles en madera preciosa. Actualmente importan mobiliario de alta calidad y piezas de lujo para todo tipo de espacios y estilos decorativos.<\/p>\n\n\n\n<p>Johanna Benoit<a target=\"_blank\" href=\"mailto:benoit181182@gmail.com\" rel=\"noreferrer noopener\">benoit181182@gmail.com<\/a><\/p>\n","protected":false},"excerpt":{"rendered":"<p>Dominick Blanco, Ronald Blanco, Angelita de Blanco, Francisco Sanchis y Gilberto Blanco. Angelita de Blanco destac\u00f3 la calidez de la empresa familiar, que ofrece art\u00edculos funcionales y que aportan belleza al hogar Santiago de los Caballeros. -Jueves 16 de noviembre 2023.-La Casita, empresa fundada por la familia Blanco-Rodr\u00edguez, celebr\u00f3 sus 30 a\u00f1os con un c\u00f3ctel [&hellip;]<\/p>\n","protected":false},"author":28,"featured_media":490113,"comment_status":"closed","ping_status":"","sticky":true,"template":"","format":"standard","meta":{"footnotes":""},"categories":[36,18,27,32],"tags":[],"class_list":["post-490112","post","type-post","status-publish","format-standard","has-post-thumbnail","hentry","category-hombresmujeresycosas","category-economia","category-portada","category-turismo"],"_links":{"self":[{"href":"https:\/\/diariodominicano.com\/index.php?rest_route=\/wp\/v2\/posts\/490112","targetHints":{"allow":["GET"]}}],"collection":[{"href":"https:\/\/diariodominicano.com\/index.php?rest_route=\/wp\/v2\/posts"}],"about":[{"href":"https:\/\/diariodominicano.com\/index.php?rest_route=\/wp\/v2\/types\/post"}],"author":[{"embeddable":true,"href":"https:\/\/diariodominicano.com\/index.php?rest_route=\/wp\/v2\/users\/28"}],"replies":[{"embeddable":true,"href":"https:\/\/diariodominicano.com\/index.php?rest_route=%2Fwp%2Fv2%2Fcomments&post=490112"}],"version-history":[{"count":11,"href":"https:\/\/diariodominicano.com\/index.php?rest_route=\/wp\/v2\/posts\/490112\/revisions"}],"predecessor-version":[{"id":490130,"href":"https:\/\/diariodominicano.com\/index.php?rest_route=\/wp\/v2\/posts\/490112\/revisions\/490130"}],"wp:featuredmedia":[{"embeddable":true,"href":"https:\/\/diariodominicano.com\/index.php?rest_route=\/wp\/v2\/media\/490113"}],"wp:attachment":[{"href":"https:\/\/diariodominicano.com\/index.php?rest_route=%2Fwp%2Fv2%2Fmedia&parent=490112"}],"wp:term":[{"taxonomy":"category","embeddable":true,"href":"https:\/\/diariodominicano.com\/index.php?rest_route=%2Fwp%2Fv2%2Fcategories&post=490112"},{"taxonomy":"post_tag","embeddable":true,"href":"https:\/\/diariodominicano.com\/index.php?rest_route=%2Fwp%2Fv2%2Ftags&post=490112"}],"curies":[{"name":"wp","href":"https:\/\/api.w.org\/{rel}","templated":true}]}}