{"id":490047,"date":"2023-11-20T22:07:29","date_gmt":"2023-11-21T02:07:29","guid":{"rendered":"https:\/\/diariodominicano.com\/?p=490047"},"modified":"2023-11-20T22:08:19","modified_gmt":"2023-11-21T02:08:19","slug":"reformas-crisis-economica-y-gobernabilidad-los-desafios-de-la-presidencia-de-milei","status":"publish","type":"post","link":"https:\/\/diariodominicano.com\/?p=490047","title":{"rendered":"Reformas, crisis econ\u00f3mica y gobernabilidad: los desaf\u00edos de la presidencia de Milei"},"content":{"rendered":"\n<h1 class=\"wp-block-heading\">noviembre 20, 2023<\/h1>\n\n\n\n<ul class=\"wp-block-list\"><li><a href=\"https:\/\/www.vozdeamerica.com\/author\/gonzalo-banez-villar\/-pkyq\">Gonzalo Ba\u00f1ez Villar<\/a><\/li><\/ul>\n\n\n\n<hr class=\"wp-block-separator\"\/>\n\n\n\n<ul class=\"wp-block-list\"><li><a href=\"https:\/\/facebook.com\/sharer.php?u=https%3a%2f%2fwww.vozdeamerica.com%2fa%2freformas-crisis-economica-desafios-milei-%2f7362879.html\" target=\"_blank\" rel=\"noreferrer noopener\"><\/a><\/li><li><a href=\"https:\/\/twitter.com\/share?url=https%3a%2f%2fwww.vozdeamerica.com%2fa%2freformas-crisis-economica-desafios-milei-%2f7362879.html&amp;text=Reformas%2c+crisis+econ%c3%b3mica+y+gobernabilidad%3a+los+desaf%c3%ados+de+la+presidencia+de+Milei\" target=\"_blank\" rel=\"noreferrer noopener\"><\/a><\/li><li><\/li><li><a href=\"mailto:?body=https%3a%2f%2fwww.vozdeamerica.com%2fa%2freformas-crisis-economica-desafios-milei-%2f7362879.html&amp;subject=Reformas,%20crisis%20econ%C3%B3mica%20y%20gobernabilidad:%20los%20desaf%C3%ADos%20de%20la%20presidencia%20de%20Milei\"><\/a><\/li><\/ul>\n\n\n\n<p><a href=\"https:\/\/www.vozdeamerica.com\/a\/reformas-crisis-economica-desafios-milei-\/7362879.html#comments\">&nbsp;Vea comentarios<\/a><\/p>\n\n\n\n<p>&nbsp;Print<\/p>\n\n\n\n<p>Estabilizar la econom\u00eda argentina y fortalecer la gobernabilidad del pa\u00eds son dos de los desaf\u00edos m\u00e1s importantes a los que tendr\u00e1 que hacer frente de inmediato el presidente electo de Argentina, Javier Milei.BUENOS AIRES \u2014&nbsp;<\/p>\n\n\n\n<p>\u201cHoy comienza la reconstrucci\u00f3n de la Argentina, volveremos a ser potencia global\u201d, enunci\u00f3, exultante, el&nbsp;<strong><em><a href=\"https:\/\/www.vozdeamerica.com\/a\/javier-milei-es-el-nuevo-presidente-de-argentina-sergio-massa-reconocio-la-derrota\/7361714.html\" target=\"_blank\" rel=\"noreferrer noopener\">presidente electo Javier Milei<\/a><\/em><\/strong>&nbsp;el domingo por la noche ante miles de seguidores euf\u00f3ricos que celebraran el triunfo del economista libertario frente al peronista Sergio Massa en el balotaje electoral.<\/p>\n\n\n\n<p>Ahora, ya consumado su triunfo por m\u00e1s de 10 % de diferencia, el equipo de La Libertad Avanza, el espacio que representa Javier Milei, se ha puesto a trabajar para delinear la transici\u00f3n presidencial y hacerle frente a los muchos desaf\u00edos que tendr\u00e1 el nuevo mandatario cuando asuma su cargo el pr\u00f3ximo 10 de diciembre.<\/p>\n\n\n\n<p>Distintos analistas consultados por la&nbsp;<strong><em>Voz de Am\u00e9rica<\/em><\/strong>&nbsp;coincidieron en el mismo diagn\u00f3stico: eEl libertario deber\u00e1 hacer frente a la dram\u00e1tica situaci\u00f3n econ\u00f3mica que vive la Argentina, a un fuerte malestar social con la dirigencia pol\u00edtica que no le dar\u00e1 una ventana temporal tan amplia para aplicar las medidas que se esperan y a una compleja gobernabilidad por la composici\u00f3n del Congreso nacional.<\/p>\n\n\n\n<p>\u201cSi no avanzamos r\u00e1pido con los cambios estructurales que la Argentina necesita, nos dirigimos directo a la peor crisis de nuestra historia\u201d, admiti\u00f3 el domingo por la noche Milei en su primer discurso como presidente electo, para luego anunciar: \u201cLos cambios que necesitamos son dr\u00e1sticos, no hay lugar para el gradualismo ni para media tintas\u201d.<a href=\"https:\/\/www.vozdeamerica.com\/a\/gana-milei-argentina-reaccionan-politicos-\/7362063.html\"><\/a><a href=\"https:\/\/www.vozdeamerica.com\/a\/gana-milei-argentina-reaccionan-politicos-\/7362063.html\">TAMBI\u00c9N LEAPresidentes de la regi\u00f3n y Trump reaccionan a triunfo de Milei en Argentina<\/a><\/p>\n\n\n\n<p>Fue la primera se\u00f1al de que planea llevar adelante gran parte de las pol\u00e9micas medidas que anunci\u00f3 durante la campa\u00f1a. \u201cEl desaf\u00edo para Milei es gigantesco, ya que tendr\u00e1 minor\u00eda en ambas c\u00e1maras del Congreso, todo en el marco de una situaci\u00f3n econ\u00f3mica y social calamitosa y con un nuevo l\u00edder que no tiene trayectoria pol\u00edtica y desconoce el funcionamiento del Estado\u201d, advirti\u00f3 ante la&nbsp;<em><strong>VOA&nbsp;<\/strong><\/em>el consultor Patricio Giusto.<\/p>\n\n\n\n<h3 class=\"wp-block-heading\">La dram\u00e1tica situaci\u00f3n econ\u00f3mica<\/h3>\n\n\n\n<p>Argentina acumul\u00f3 en noviembre una inflaci\u00f3n interanual de 138 % y una pobreza que alcanza a pr\u00e1cticamente el 40 % de la sociedad, seg\u00fan datos oficiales. \u201cSon los peores indicadores sociales desde 2001, y son los que lo llevaron a la presidencia, ahora tendr\u00e1 que demostrar que est\u00e1 a la altura de lo que viene\u201d, reflexion\u00f3 el reconocido encuestador y polit\u00f3logo Alejandro Catterberg.<\/p>\n\n\n\n<p>Adem\u00e1s, agreg\u00f3: \u201cMilei supo leer el clima pol\u00edtico y social, interpret\u00f3 mucho mejor que el resto la demanda de la sociedad, pero tambi\u00e9n es importante entender que gran parte de su caudal de votos responde a un rechazo a este contexto y no tanto a un apoyo espec\u00edfico a su persona\u201d.<\/p>\n\n\n\n<p>Una de las banderas de campa\u00f1a del libertario fue la dolarizaci\u00f3n y la de cerrar por completo el Banco Central de la Rep\u00fablica Argentina, aunque muchos advierten que no ser\u00e1n propuestas f\u00e1cilmente aplicables porque el pa\u00eds no cuenta con las divisas extranjeras suficientes para iniciar este proceso de transformaci\u00f3n de moneda.<\/p>\n\n\n\n<figure class=\"wp-block-image\"><a href=\"https:\/\/www.vozdeamerica.com\/a\/los-argentinos-celebran-la-victoria-del-presidente-electo-de-argentina-javier-milei\/7362948.html\"><img decoding=\"async\" src=\"https:\/\/gdb.voanews.com\/01000000-0a00-0242-c5ac-08dbe9fbc54f_w650_r1_s.jpg\" alt=\"En Fotos | Los argentinos celebran la victoria del presidente electo Milei\"\/><\/a><figcaption>Galer\u00eda de fotosEn Fotos | Los argentinos celebran la victoria del presidente electo Milei<\/figcaption><\/figure>\n\n\n\n<p>En ese sentido, el analista pol\u00edtico Federico Gonz\u00e1lez le admiti\u00f3 a la&nbsp;<strong><em>VOA<\/em><\/strong>&nbsp;que \u201ces muy dif\u00edcil saber con precisi\u00f3n la factibilidad de sus propuestas\u201d, al tiempo que plante\u00f3 que \u201chabr\u00e1 que ver c\u00f3mo se rodea\u201d el presidente electo.<\/p>\n\n\n\n<p>\u201cUna cosa es lo discursivo y la campa\u00f1a, otra bien distinta es lo conceptual y su aplicaci\u00f3n\u201d, inici\u00f3, para luego agregar: \u201cHay buenos ide\u00f3logos y malos implementadores, pero tambi\u00e9n los hay al rev\u00e9s, buenos implementadores que necesitan las ideas de otros. Los que hay que ver es si Milei es un buen implementador o si sabe aplicar correctamente esta f\u00f3rmula\u201d.<\/p>\n\n\n\n<h3 class=\"wp-block-heading\">El interrogante de la gobernabilidad<\/h3>\n\n\n\n<p>Si a datos concretos nos referimos, el gobierno que Javier Milei tome desde el pr\u00f3ximo 10 de diciembre cuando formalmente asuma su cargo tendr\u00e1 una debilidad pol\u00edtica tanto en el Congreso nacional como as\u00ed tambi\u00e9n en el interior del pa\u00eds, en todas las provincias argentinas.<\/p>\n\n\n\n<p>\u201cPara gobernar, Milei necesitar\u00e1 del apoyo de la centroderecha, principalmente del PRO de Mauricio Macri, porque la Libertad Avanza tiene una minor\u00eda marcada en la c\u00e1mara de Diputados y el Senado, lo que le supone un escenario desafiante a la hora de aprobar los proyectos de ley que env\u00ede al Congreso\u201d, analiz\u00f3 para este art\u00edculo la polit\u00f3loga Nayet Kademi\u00e1n.<\/p>\n\n\n\n<p>\u201cEn t\u00e9rminos comparativos, el gobierno de La Libertad Avanza arrancar\u00e1 con casi el 15 % de la c\u00e1mara de Diputados y apenas el 10 % del Senado de la Naci\u00f3n. Si contamos todos los gobiernos desde 1983 hasta 2019 inclusive, el promedio del peso legislativo de los presidentes electos es del 46 % en la primera c\u00e1mara y del 49 % en la segunda\u201d, explic\u00f3 Facundo Cruz, consultor pol\u00edtico e integrante del Centro de Investigaci\u00f3n para la Calidad Democr\u00e1tica (CICaD).<a href=\"https:\/\/www.vozdeamerica.com\/a\/quien-es-javier-milei-el-polemico-ultraderechista-elegido-por-los-argentinos\/7362222.html\"><\/a><a href=\"https:\/\/www.vozdeamerica.com\/a\/quien-es-javier-milei-el-polemico-ultraderechista-elegido-por-los-argentinos\/7362222.html\">TAMBI\u00c9N LEAQui\u00e9n es Javier Milei, el pol\u00e9mico ultraderechista elegido por los argentinos para sortear la crisis<\/a><\/p>\n\n\n\n<p>Sobre el peso territorial que el libertario tendr\u00e1 en el interior del pa\u00eds, el consultor Facundo Cruz agreg\u00f3 ante la consulta de la&nbsp;<strong><em>VOA<\/em><\/strong>: \u201cEncuadrado entre los gobiernos no peronistas, tendr\u00e1 menor cantidad de gobernadores propios que Ra\u00fal Alfons\u00edn, Fernando De La R\u00faa y Mauricio Macri: cero. Si a eso le sumamos que, seg\u00fan datos de la Red de Innovaci\u00f3n Local (RIL), contar\u00e1 con solamente 6 intendencias sobre 2019, hablamos de un presidente que tendr\u00e1 una capilaridad territorial pr\u00e1cticamente nula\u201d.<\/p>\n\n\n\n<p>La pregunta es, entonces, qu\u00e9 estrategia aplicar\u00e1 Milei para consolidarse frente a este panorama que se presume complejo. A esta consulta, tanto Cruz como el resto de los analistas coincidieron en que la clave estar\u00e1 en observar en qu\u00e9 medida el acuerdo con Macri le redunda en gobernabilidad y hasta qu\u00e9 punto lograr formar una coalici\u00f3n legislativa para unir fuerzas frente a un peronismo que indefectiblemente sufrir\u00e1 un cambio de liderazgo.<\/p>\n\n\n\n<h3 class=\"wp-block-heading\">Nueva agenda de pol\u00edtica exterior<\/h3>\n\n\n\n<p>La reconfiguraci\u00f3n en el mapa internacional no es para nada menor. El paquete de propuestas que Javier Milei repiti\u00f3 a lo largo de pr\u00e1cticamente toda la campa\u00f1a presidencial inclu\u00eda marcados cambios sobre la pol\u00edtica exterior actual de la Argentina.<\/p>\n\n\n\n<p>Entre ellos se destaca la promesa de \u201cromper relaciones con pa\u00edses comunistas como Brasil y China\u201d, tal como lo anunci\u00f3 en reiteradas oportunidades, y tener un acercamiento mayor al mundo Occidental, particularmente a Estados Unidos e Israel. Hoy por la ma\u00f1ana, en una de las primeras declaraciones p\u00fablicas que hizo Milei, anunci\u00f3 que planea viajar a estos \u00faltimos dos pa\u00edses antes de asumir su cargo el 10 de diciembre.<\/p>\n\n\n\n<p>\u201cDestruir relaciones comerciales toma mucho trabajo, porque muchas de esos v\u00ednculos est\u00e1n construidas sobre elementos legislativos. Entonces no se puede hacer de la noche a la ma\u00f1ana, es destruir toda una herencia institucional\u201d, analiz\u00f3 ante la consulta de la&nbsp;<strong><em>VOA<\/em><\/strong>&nbsp;el analista y consultor I\u00f1aki Mart\u00ednez Soria.<\/p>\n\n\n\n<p>Por su parte, el consultor Patricio Giusto consider\u00f3 que \u201cuno de los campos m\u00e1s espinosos en los que se est\u00e1 metiendo Milei es en el de romper relaciones con China y Brasil\u201d ya que, a su modo de ver, \u201cson cuestiones que uno puede decir durante la campa\u00f1a, pero que pueden resultar impracticables\u201d.<a href=\"https:\/\/www.vozdeamerica.com\/a\/como-gobernara-milei-con-minoria-en-el-congreso-para-sus-reformas\/7362586.html\"><\/a><a href=\"https:\/\/www.vozdeamerica.com\/a\/como-gobernara-milei-con-minoria-en-el-congreso-para-sus-reformas\/7362586.html\">TAMBI\u00c9N LEA\u00bfC\u00f3mo gobernar\u00e1 Milei con minor\u00eda en el Congreso para sus reformas?<\/a><\/p>\n\n\n\n<p>Diana Mondino, referente en materia internacional y la posible canciller del gobierno libertario, asegur\u00f3 hoy por la ma\u00f1ana que recibieron m\u00faltiples mensajes de los l\u00edderes extranjeros y, seg\u00fan pudo saber la&nbsp;<strong><em>VOA<\/em><\/strong>, ya trabajan para componer v\u00ednculos con el Vaticano, luego de que Milei tratara de \u201cmaligno\u201d al Papa Francisco semanas atr\u00e1s.<\/p>\n\n\n\n<p>Otra inc\u00f3gnita que asoma en el futuro es qu\u00e9 suceder\u00e1 con el ingreso de la Argentina a los BRICS. Este grupo de pa\u00edses con las principales econom\u00edas en desarrollo invitaron al pa\u00eds a que se una a partir del primero de enero. All\u00ed est\u00e1n Brasil, Rusia, India, China y Sud\u00e1frica. En reiteradas oportunidades Milei asegur\u00f3 que no estaba de acuerdo con esa decisi\u00f3n.<\/p>\n\n\n\n<p>\u00abEl ingreso a los BRICS permanece como una inc\u00f3gnita en estas primeras horas\u201d, confirm\u00f3 el analista internacional Juan Battaleme, para luego agregar: \u201cSi bien la decisi\u00f3n inicial supon\u00eda no aceptar la invitaci\u00f3n, hay cuestiones a ponderar como la relaci\u00f3n con Brasil, con India o con China, que puedan llevar a que la Argentina participe pero no se asuma ning\u00fan rol activo en dicho grupo\u00bb.<\/p>\n\n\n\n<p>Son todas inc\u00f3gnitas y desaf\u00edos que se ir\u00e1n dilucidando a medida que pasen los d\u00edas en una Argentina que decidi\u00f3 cambiar por completo el rumbo pol\u00edtico y econ\u00f3mico con el que ven\u00eda en los \u00faltimos a\u00f1os.<\/p>\n\n\n\n<p>VOA  Noticias<\/p>\n","protected":false},"excerpt":{"rendered":"<p>noviembre 20, 2023 Gonzalo Ba\u00f1ez Villar &nbsp;Vea comentarios &nbsp;Print Estabilizar la econom\u00eda argentina y fortalecer la gobernabilidad del pa\u00eds son dos de los desaf\u00edos m\u00e1s importantes a los que tendr\u00e1 que hacer frente de inmediato el presidente electo de Argentina, Javier Milei.BUENOS AIRES \u2014&nbsp; \u201cHoy comienza la reconstrucci\u00f3n de la Argentina, volveremos a ser potencia [&hellip;]<\/p>\n","protected":false},"author":28,"featured_media":490048,"comment_status":"closed","ping_status":"","sticky":true,"template":"","format":"standard","meta":{"footnotes":""},"categories":[36,23,22],"tags":[],"class_list":["post-490047","post","type-post","status-publish","format-standard","has-post-thumbnail","hentry","category-hombresmujeresycosas","category-internacional","category-politica"],"_links":{"self":[{"href":"https:\/\/diariodominicano.com\/index.php?rest_route=\/wp\/v2\/posts\/490047","targetHints":{"allow":["GET"]}}],"collection":[{"href":"https:\/\/diariodominicano.com\/index.php?rest_route=\/wp\/v2\/posts"}],"about":[{"href":"https:\/\/diariodominicano.com\/index.php?rest_route=\/wp\/v2\/types\/post"}],"author":[{"embeddable":true,"href":"https:\/\/diariodominicano.com\/index.php?rest_route=\/wp\/v2\/users\/28"}],"replies":[{"embeddable":true,"href":"https:\/\/diariodominicano.com\/index.php?rest_route=%2Fwp%2Fv2%2Fcomments&post=490047"}],"version-history":[{"count":2,"href":"https:\/\/diariodominicano.com\/index.php?rest_route=\/wp\/v2\/posts\/490047\/revisions"}],"predecessor-version":[{"id":490050,"href":"https:\/\/diariodominicano.com\/index.php?rest_route=\/wp\/v2\/posts\/490047\/revisions\/490050"}],"wp:featuredmedia":[{"embeddable":true,"href":"https:\/\/diariodominicano.com\/index.php?rest_route=\/wp\/v2\/media\/490048"}],"wp:attachment":[{"href":"https:\/\/diariodominicano.com\/index.php?rest_route=%2Fwp%2Fv2%2Fmedia&parent=490047"}],"wp:term":[{"taxonomy":"category","embeddable":true,"href":"https:\/\/diariodominicano.com\/index.php?rest_route=%2Fwp%2Fv2%2Fcategories&post=490047"},{"taxonomy":"post_tag","embeddable":true,"href":"https:\/\/diariodominicano.com\/index.php?rest_route=%2Fwp%2Fv2%2Ftags&post=490047"}],"curies":[{"name":"wp","href":"https:\/\/api.w.org\/{rel}","templated":true}]}}