{"id":490022,"date":"2023-11-20T23:12:37","date_gmt":"2023-11-21T03:12:37","guid":{"rendered":"https:\/\/diariodominicano.com\/?p=490022"},"modified":"2023-11-21T00:42:28","modified_gmt":"2023-11-21T04:42:28","slug":"grupo-pinero-y-la-cooperacion-alemana-promueven-la-participacion-comunitaria-y-la-sostenibilidad-turistica-en-samana","status":"publish","type":"post","link":"https:\/\/diariodominicano.com\/?p=490022","title":{"rendered":"Grupo Pi\u00f1ero y la Cooperaci\u00f3n Alemana promueven la participaci\u00f3n comunitaria y la sostenibilidad tur\u00edstica en Saman\u00e1"},"content":{"rendered":"\n<ul class=\"wp-block-list\"><li>El Proyecto Saman\u00e1 biodiverso, limpio y sostenible, present\u00f3 los resultados de su implementaci\u00f3n y su gran impacto en la provincia.<\/li><\/ul>\n\n\n\n<p><strong>Saman\u00e1, Rep\u00fablica Dominicana, 20 de noviembre 2023.<\/strong> Con m\u00e1s de 4000 personas involucradas en acciones de sensibilizaci\u00f3n, educaci\u00f3n y conservaci\u00f3n de la biodiversidad, as\u00ed como en gesti\u00f3n de residuos en Saman\u00e1, Grupo Pi\u00f1ero y la Cooperaci\u00f3n Alemana para el Desarrollo, GIZ, presentaron los resultados del proyecto Saman\u00e1 Biodiverso, limpio y sostenible.&nbsp;<\/p>\n\n\n\n<p>Esta iniciativa, implementada desde el 2020, tiene como objetivo promover la provincia como uno de los destinos ecol\u00f3gicos m\u00e1s importantes de Rep\u00fablica Dominica, a trav\u00e9s de tres temas fundamentales para la sostenibilidad: educaci\u00f3n ambiental, gesti\u00f3n y conservaci\u00f3n de la biodiversidad y experiencias piloto en gesti\u00f3n de residuos.<\/p>\n\n\n\n<p>Un proyecto encaminado a continuar impulsado a Saman\u00e1 como el polo tur\u00edstico referente de la sostenibilidad en Rep\u00fablica Dominicana, y que involucra a todos los actores sociales, incluyendo estudiantes, docentes, funcionarios p\u00fablicos, empresarios, empleados del sector tur\u00edstico y a la comunidad de provincia en general.<\/p>\n\n\n\n<figure class=\"wp-block-image size-large\"><img loading=\"lazy\" decoding=\"async\" width=\"1024\" height=\"768\" src=\"https:\/\/diariodominicano.com\/wp-content\/uploads\/2023\/11\/El-Proyecto-Samana-biodiverso-limpio-y-sostenible-presento-los-resultados-de-su-implementacion-y-su-gran-impacto-en-la-provincia-1024x768.jpeg\" alt=\"\" class=\"wp-image-490072\" srcset=\"https:\/\/diariodominicano.com\/wp-content\/uploads\/2023\/11\/El-Proyecto-Samana-biodiverso-limpio-y-sostenible-presento-los-resultados-de-su-implementacion-y-su-gran-impacto-en-la-provincia-1024x768.jpeg 1024w, https:\/\/diariodominicano.com\/wp-content\/uploads\/2023\/11\/El-Proyecto-Samana-biodiverso-limpio-y-sostenible-presento-los-resultados-de-su-implementacion-y-su-gran-impacto-en-la-provincia-300x225.jpeg 300w, https:\/\/diariodominicano.com\/wp-content\/uploads\/2023\/11\/El-Proyecto-Samana-biodiverso-limpio-y-sostenible-presento-los-resultados-de-su-implementacion-y-su-gran-impacto-en-la-provincia-768x576.jpeg 768w, https:\/\/diariodominicano.com\/wp-content\/uploads\/2023\/11\/El-Proyecto-Samana-biodiverso-limpio-y-sostenible-presento-los-resultados-de-su-implementacion-y-su-gran-impacto-en-la-provincia-1536x1152.jpeg 1536w, https:\/\/diariodominicano.com\/wp-content\/uploads\/2023\/11\/El-Proyecto-Samana-biodiverso-limpio-y-sostenible-presento-los-resultados-de-su-implementacion-y-su-gran-impacto-en-la-provincia-816x612.jpeg 816w, https:\/\/diariodominicano.com\/wp-content\/uploads\/2023\/11\/El-Proyecto-Samana-biodiverso-limpio-y-sostenible-presento-los-resultados-de-su-implementacion-y-su-gran-impacto-en-la-provincia.jpeg 2048w\" sizes=\"auto, (max-width: 1024px) 100vw, 1024px\" \/><\/figure>\n\n\n\n<p><em>\u201cLa provincia de Saman\u00e1 forma parte de la historia y \u00e9xito de Grupo Pi\u00f1ero como compa\u00f1\u00eda tur\u00edstica l\u00edder en Rep\u00fablica Dominicana. Apostamos por el destino hace casi dos d\u00e9cadas y estamos comprometidos con la conservaci\u00f3n y fortalecimiento de la red ecosist\u00e9mica de Saman\u00e1, cuidando sus recursos, apoyando a la comunidad e impulsando el desarrollo socio econ\u00f3mico de un lugar que tiene un gran significado para nuestra familia y nuestra empresa\u201d,<\/em> asegur\u00f3 Isabel Pi\u00f1ero, CSO de Grupo Pi\u00f1ero durante las palabras de apertura del encuentro.<\/p>\n\n\n\n<p>Gracias a la intervenci\u00f3n realizada, en colaboraci\u00f3n con CEBSE, el proyecto logr\u00f3 educaci\u00f3n y sensibilizaci\u00f3n de m\u00e1s de 700 estudiantes y 650 empleados de hoteles en temas como la gesti\u00f3n de residuos y la biodiversidad local.<\/p>\n\n\n\n<p>Svenja Paulino, Directora del Programa de Biodiversidad y Negocios en Centroam\u00e9rica y Rep\u00fablica Dominicana, destaca: \u00ab<em>Mediante alianzas p\u00fablico-privadas, como la que hemos forjado con Grupo Pi\u00f1ero, podemos impulsar destinos tur\u00edsticos responsables en t\u00e9rminos de biodiversidad y, simult\u00e1neamente, contribuir a la implementaci\u00f3n de medidas que involucren a las comunidades locales, promoviendo un turismo competitivo y sostenible, esencial para la conservaci\u00f3n de los servicios ecosist\u00e9micos de los que dependen estos modelos de negocio\u00bb<\/em>.<\/p>\n\n\n\n<p>Proyectos como el Plan de Rehabilitaci\u00f3n de Cuencas, que incluy\u00f3 jornadas de limpieza y reforestaci\u00f3n en r\u00edos de la provincia espec\u00edficamente en la zona de Los Cacaos, Pueblo Viejo y Grigri; se desprende de este programa y gracias a este m\u00e1s de 1900 plantas de Cacao, Drago, Icaco, Jobo entre otras especies, fueron de sembradas en los r\u00edos San Juan y Gri-gri, con participaci\u00f3n de 150 personas de la comunidad y hu\u00e9spedes de hoteles.<\/p>\n\n\n\n<p>As\u00ed mismo, con relaci\u00f3n a la Gesti\u00f3n Integral de Residuos, el proyecto gener\u00f3 hitos importantes como la firma de un acuerdo de trabajo conjunto a Memor\u00e1ndum de Entendimiento entre las seis alcald\u00edas que conforman la provincia (tres municipios cabecera y tres juntas distritales) de cara a la nueva ley de gesti\u00f3n de residuos, para elaborar e implementar un plan de trabajo que permita crear un modelo para la gesti\u00f3n de residuos en la provincia, con el apoyo de CEBSE, el Cluster Tur\u00edstico de Saman\u00e1 y la GIZ a trav\u00e9s de este proyecto y el programa regional Caribe Circular.<\/p>\n\n\n\n<p><em>\u201cEl acuerdo provincial para implementar el modelo de gesti\u00f3n de residuos nos permiti\u00f3 instalar estructuras para la separaci\u00f3n de residuos en Las Galeras, generar programas para la separaci\u00f3n y acopio de residuos en seis escuelas de la provincia y colocar un interceptor o \u201cbiobarda\u201d en Ca\u00f1o Seco que permite detener el paso de una gran cantidad de residuos sobre todo pl\u00e1sticos hacia el mar\u201d<\/em>, agreg\u00f3 Paulino.&nbsp;<\/p>\n\n\n\n<p>En otro orden, las acciones desarrolladas, en cooperaci\u00f3n con los proyectos Ideas para Una Recuperaci\u00f3n Verde, Caribe Circular y Biodiversidad y Negocios (todos de la GIZ), Grupo Pi\u00f1ero a trav\u00e9s de la Fundaci\u00f3n Eco-Bah\u00eda dar\u00e1 continuidad a las iniciativas de educaci\u00f3n ambiental y gesti\u00f3n de residuos en Las Terrenas, financiado por el Programa develoPPP e implementado por la GIZ por encargo de Ministerio Federal Alem\u00e1n de Cooperaci\u00f3n Econ\u00f3mica y Desarrollo (BMZ).&nbsp;<\/p>\n\n\n\n<p>Con un s\u00f3lido compromiso de conservaci\u00f3n de la biodiversidad y fortalecimiento de la gesti\u00f3n de residuos, Saman\u00e1 traza su ruta hacia un futuro sostenible. La colaboraci\u00f3n activa de actores locales y la ejecuci\u00f3n de iniciativas innovadoras aseguran un entorno m\u00e1s limpio y saludable que promueva a Saman\u00e1 como ejemplo en la preservaci\u00f3n de su patrimonio natural al impulsar el turismo responsable.<\/p>\n\n\n\n<p><strong>Contacto de prensa:<\/strong><br>Michael Leiton<br><a href=\"mailto:michael.leitonfernandez@giz.de\">michael.leitonfernandez@giz.de<br><\/a>(506) 8778 5138<\/p>\n","protected":false},"excerpt":{"rendered":"<p>El Proyecto Saman\u00e1 biodiverso, limpio y sostenible, present\u00f3 los resultados de su implementaci\u00f3n y su gran impacto en la provincia. Saman\u00e1, Rep\u00fablica Dominicana, 20 de noviembre 2023. Con m\u00e1s de 4000 personas involucradas en acciones de sensibilizaci\u00f3n, educaci\u00f3n y conservaci\u00f3n de la biodiversidad, as\u00ed como en gesti\u00f3n de residuos en Saman\u00e1, Grupo Pi\u00f1ero y la [&hellip;]<\/p>\n","protected":false},"author":7,"featured_media":490073,"comment_status":"closed","ping_status":"","sticky":true,"template":"","format":"standard","meta":{"footnotes":""},"categories":[36,32],"tags":[],"class_list":["post-490022","post","type-post","status-publish","format-standard","has-post-thumbnail","hentry","category-hombresmujeresycosas","category-turismo"],"_links":{"self":[{"href":"https:\/\/diariodominicano.com\/index.php?rest_route=\/wp\/v2\/posts\/490022","targetHints":{"allow":["GET"]}}],"collection":[{"href":"https:\/\/diariodominicano.com\/index.php?rest_route=\/wp\/v2\/posts"}],"about":[{"href":"https:\/\/diariodominicano.com\/index.php?rest_route=\/wp\/v2\/types\/post"}],"author":[{"embeddable":true,"href":"https:\/\/diariodominicano.com\/index.php?rest_route=\/wp\/v2\/users\/7"}],"replies":[{"embeddable":true,"href":"https:\/\/diariodominicano.com\/index.php?rest_route=%2Fwp%2Fv2%2Fcomments&post=490022"}],"version-history":[{"count":3,"href":"https:\/\/diariodominicano.com\/index.php?rest_route=\/wp\/v2\/posts\/490022\/revisions"}],"predecessor-version":[{"id":490108,"href":"https:\/\/diariodominicano.com\/index.php?rest_route=\/wp\/v2\/posts\/490022\/revisions\/490108"}],"wp:featuredmedia":[{"embeddable":true,"href":"https:\/\/diariodominicano.com\/index.php?rest_route=\/wp\/v2\/media\/490073"}],"wp:attachment":[{"href":"https:\/\/diariodominicano.com\/index.php?rest_route=%2Fwp%2Fv2%2Fmedia&parent=490022"}],"wp:term":[{"taxonomy":"category","embeddable":true,"href":"https:\/\/diariodominicano.com\/index.php?rest_route=%2Fwp%2Fv2%2Fcategories&post=490022"},{"taxonomy":"post_tag","embeddable":true,"href":"https:\/\/diariodominicano.com\/index.php?rest_route=%2Fwp%2Fv2%2Ftags&post=490022"}],"curies":[{"name":"wp","href":"https:\/\/api.w.org\/{rel}","templated":true}]}}