{"id":48995,"date":"2020-10-04T01:43:58","date_gmt":"2020-10-04T01:43:58","guid":{"rendered":"http:\/\/diariodominicano.ddns.net\/?p=48995"},"modified":"2020-10-04T01:43:58","modified_gmt":"2020-10-04T01:43:58","slug":"instalan-en-santo-domingo-el-primer-tribunal-de-apelacion-que-tuvo-la-monarquia-de-espana-en-america","status":"publish","type":"post","link":"https:\/\/diariodominicano.com\/?p=48995","title":{"rendered":"Instalan en Santo Domingo el primer tribunal de apelaci\u00f3n que tuvo la monarqu\u00eda de Espa\u00f1a en Am\u00e9rica&#13;"},"content":{"rendered":"<p><body><\/p>\n<p><img decoding=\"async\" src=\"img3\/Real000.jpg.jpg\" \/>  <\/p>\n<p><strong> Diariodominicano.com<\/strong><\/p>\n<p><strong>La sede de la Real Audiencia de Santo Domingo.<\/strong><\/p>\n<\/p>\n<p><strong>Instalan en Santo Domingo el primer tribunal de apelaci\u00f3n que tuvo la monarqu\u00eda de Espa\u00f1a en Am\u00e9rica<\/strong><\/p>\n<p><strong> La Real Audiencia de Santo Domingo,  tuvo jurisdicci\u00f3n hasta el a\u00f1o 1786, sobre Venezuela, Cuba y Puerto Rico. Luego Espa\u00f1a cre\u00f3 otros tribunales similares en sus  colonias americanas. <\/strong><\/p>\n<\/p>\n<p><strong>Por H\u00e9ctor Tineo Nolasco<\/strong><\/p>\n<p><strong>Diariodominicano.com<\/strong><\/p>\n<p><strong> <\/strong><\/p>\n<p><strong>SANTO DOMINGO,  el  4 de octubre  de 1511<\/strong>, fue instalada en la ciudad de Santo Domingo, la Real Audiencia, el primer tribunal de apelaci\u00f3n que tuvo la monarqu\u00eda de Espa\u00f1a en Am\u00e9rica.<\/p>\n<\/p>\n<p>    La Real Audiencia ten\u00eda jurisdicci\u00f3n en todas las colonias de Espa\u00f1a en Am\u00e9rica, incluidos los territorios de M\u00e9xico, Per\u00fa, Centroam\u00e9rica y la zona de la Plata.<\/p>\n<\/p>\n<p>    La Real Audiencia de Santo Domingo,  tuvo jurisdicci\u00f3n hasta el a\u00f1o 1786, sobre Venezuela, Cuba y Puerto Rico. Luego Espa\u00f1a cre\u00f3 otros tribunales similares en sus  colonias americanas.<\/p>\n<\/p>\n<p>   El  tribunal fue instalado en la ciudad de Santo Domingo, para limitar las acciones del gobernador Diego Col\u00f3n, quien en opini\u00f3n de la monarqu\u00eda actuaba m\u00e1s como un encomendero que un funcionario al servicio de la Corona.<\/p>\n<\/p>\n<p>    En efecto, la Real Audiencia fue un medio de control del poder del Gobernador, porque uno de los tres jueces que lo integraban el tribunal, Lucas V\u00e1squez de Ayll\u00f3n, era un encomendero de la \u00e9lite burocr\u00e1tica de Nicol\u00e1s de Ovando, y los otros dos no tardaron en comprender que s\u00f3lo adquiriendo indios para s\u00ed y ali\u00e1ndose con Pasamonte, que representaba a la Monarqu\u00eda, y a  la mayor\u00eda de los encomenderos, podr\u00edan tener \u00e9xitos en la Colonia.<\/p>\n<\/p>\n<\/p>\n<h6> 2020-10-04 01:43:58 <\/h6>\n<p><!--\n<link rel=\"stylesheet\" href=\"css\/bootstrap.min.css\">\n\n\n<ul class=\"pagination\">\n\t    \n\t\n\n<li >\n\t<a href='?page_no=167'>Previous<\/a>\n\t<\/li>\n\n\n       \n    \n\n<li><a href='?page_no=1'>1<\/a><\/li>\n\n\n\n<li><a href='?page_no=2'>2<\/a><\/li>\n\n\n\n<li><a>...<\/a><\/li>\n\n\n\n<li><a href='?page_no=166'>166<\/a><\/li>\n\n\n\n<li><a href='?page_no=167'>167<\/a><\/li>\n\n\n\n<li class='active'><a>168<\/a><\/li>\n\n\n\n<li><a href='?page_no=169'>169<\/a><\/li>\n\n\n\n<li><a href='?page_no=170'>170<\/a><\/li>\n\n\n\n<li><a>...<\/a><\/li>\n\n\n\n<li><a href='?page_no=22911'>22911<\/a><\/li>\n\n\n\n<li><a href='?page_no=22912'>22912<\/a><\/li>\n\n    \n\t\n\n<li >\n\t<a href='?page_no=169'>Next<\/a>\n\t<\/li>\n\n\n    \n\n<li><a href='?page_no=22912'>Last &rsaquo;&rsaquo;<\/a><\/li>\n\n<\/ul>\n\n\n--><br \/>\n<\/body><\/p>\n","protected":false},"excerpt":{"rendered":"<p>Diariodominicano.com La sede de la Real Audiencia de Santo Domingo. Instalan en Santo Domingo el primer tribunal de apelaci\u00f3n que tuvo la monarqu\u00eda de Espa\u00f1a en Am\u00e9rica La Real Audiencia de Santo Domingo, tuvo jurisdicci\u00f3n hasta el a\u00f1o 1786, sobre Venezuela, Cuba y Puerto Rico. Luego Espa\u00f1a cre\u00f3 otros tribunales similares en sus colonias americanas. [&hellip;]<\/p>\n","protected":false},"author":3,"featured_media":0,"comment_status":"open","ping_status":"open","sticky":false,"template":"","format":"standard","meta":{"footnotes":""},"categories":[21],"tags":[],"class_list":["post-48995","post","type-post","status-publish","format-standard","hentry","category-cultura"],"_links":{"self":[{"href":"https:\/\/diariodominicano.com\/index.php?rest_route=\/wp\/v2\/posts\/48995","targetHints":{"allow":["GET"]}}],"collection":[{"href":"https:\/\/diariodominicano.com\/index.php?rest_route=\/wp\/v2\/posts"}],"about":[{"href":"https:\/\/diariodominicano.com\/index.php?rest_route=\/wp\/v2\/types\/post"}],"author":[{"embeddable":true,"href":"https:\/\/diariodominicano.com\/index.php?rest_route=\/wp\/v2\/users\/3"}],"replies":[{"embeddable":true,"href":"https:\/\/diariodominicano.com\/index.php?rest_route=%2Fwp%2Fv2%2Fcomments&post=48995"}],"version-history":[{"count":0,"href":"https:\/\/diariodominicano.com\/index.php?rest_route=\/wp\/v2\/posts\/48995\/revisions"}],"wp:attachment":[{"href":"https:\/\/diariodominicano.com\/index.php?rest_route=%2Fwp%2Fv2%2Fmedia&parent=48995"}],"wp:term":[{"taxonomy":"category","embeddable":true,"href":"https:\/\/diariodominicano.com\/index.php?rest_route=%2Fwp%2Fv2%2Fcategories&post=48995"},{"taxonomy":"post_tag","embeddable":true,"href":"https:\/\/diariodominicano.com\/index.php?rest_route=%2Fwp%2Fv2%2Ftags&post=48995"}],"curies":[{"name":"wp","href":"https:\/\/api.w.org\/{rel}","templated":true}]}}