{"id":489890,"date":"2023-11-20T01:46:24","date_gmt":"2023-11-20T05:46:24","guid":{"rendered":"https:\/\/diariodominicano.com\/?p=489890"},"modified":"2023-11-20T01:46:54","modified_gmt":"2023-11-20T05:46:54","slug":"anuncian-en-san-cristobal-simposio-imagenes-diagnosticas","status":"publish","type":"post","link":"https:\/\/diariodominicano.com\/?p=489890","title":{"rendered":"Anuncian en San Crist\u00f3bal simposio im\u00e1genes diagn\u00f3sticas\u00a0"},"content":{"rendered":"\n<p> Doctor Claudio Almonte Germ\u00e1n<\/p>\n\n\n\n<p><br>SAN CRISTOBAL.- El Centro Diagn\u00f3stico San Crist\u00f3bal (Cedisanc) celebrar\u00e1 el pr\u00f3ximo s\u00e1bado 26 del presente noviembre su tercer simposio de im\u00e1genes m\u00e9dicas<br>La actividad se efectuar\u00e1 a partir de las 7:30 de la ma\u00f1ana en el sal\u00f3n de caoba y espejos del hotel San Crist\u00f3bal, inform\u00f3 el director de Cedisanc, doctor Claudio Almonte Germ\u00e1n.<br>Los conferencistas ser\u00e1n los doctores Ana C. S\u00e1nchez, sobre \u00abSecuencias b\u00e1sicas de resonancia magn\u00e9tica en neuroradiolog\u00eda\u00bb; Mart\u00edn Sald\u00edvar, acerca de \u00abHallazgos m\u00e1s importantes en una radiograf\u00eda de t\u00f3rax\u00bb; Jos\u00e9 Homero de los Santos Berrido, en torno a \u00abTrauma craneoencef\u00e1lico y hallazgos por im\u00e1genes\u00bb; y Ambar P\u00e9rez, sobre \u00abImportancia de la neuroimagen en en neurocirug\u00eda\u00bb.\u00a0<br>Tambi\u00e9n ser\u00e1n expositores los doctor Adrian Garc\u00eda (Doppler arterial y venoso : utilidad para el cl\u00ednico); Mabel Jones (Doppler materno-fetal para la toma de decisi\u00f3n); Jos\u00e9 Rivas (Importancia del eco en la valoraci\u00f3n de los pacientes adultos y ni\u00f1os) y Gabriel Garc\u00eda (Prueba de esfuerzo: por qu\u00e9 hacerla); y Luis Martin (Utilidad del ecocardiograma en valoraci\u00f3n diagn\u00f3stica del dolor tor\u00e1cico).<em>(<a rel=\"noreferrer noopener\" href=\"mailto:josepimentelmunoz@hotmail.com\" target=\"_blank\">josepimentelmunoz@hotmail.com<\/a>)<\/em>&#8230;<\/p>\n","protected":false},"excerpt":{"rendered":"<p>Doctor Claudio Almonte Germ\u00e1n SAN CRISTOBAL.- El Centro Diagn\u00f3stico San Crist\u00f3bal (Cedisanc) celebrar\u00e1 el pr\u00f3ximo s\u00e1bado 26 del presente noviembre su tercer simposio de im\u00e1genes m\u00e9dicasLa actividad se efectuar\u00e1 a partir de las 7:30 de la ma\u00f1ana en el sal\u00f3n de caoba y espejos del hotel San Crist\u00f3bal, inform\u00f3 el director de Cedisanc, doctor Claudio [&hellip;]<\/p>\n","protected":false},"author":28,"featured_media":489891,"comment_status":"closed","ping_status":"","sticky":true,"template":"","format":"standard","meta":{"footnotes":""},"categories":[36,20,27,32],"tags":[],"class_list":["post-489890","post","type-post","status-publish","format-standard","has-post-thumbnail","hentry","category-hombresmujeresycosas","category-dominicana-hoy","category-portada","category-turismo"],"_links":{"self":[{"href":"https:\/\/diariodominicano.com\/index.php?rest_route=\/wp\/v2\/posts\/489890","targetHints":{"allow":["GET"]}}],"collection":[{"href":"https:\/\/diariodominicano.com\/index.php?rest_route=\/wp\/v2\/posts"}],"about":[{"href":"https:\/\/diariodominicano.com\/index.php?rest_route=\/wp\/v2\/types\/post"}],"author":[{"embeddable":true,"href":"https:\/\/diariodominicano.com\/index.php?rest_route=\/wp\/v2\/users\/28"}],"replies":[{"embeddable":true,"href":"https:\/\/diariodominicano.com\/index.php?rest_route=%2Fwp%2Fv2%2Fcomments&post=489890"}],"version-history":[{"count":2,"href":"https:\/\/diariodominicano.com\/index.php?rest_route=\/wp\/v2\/posts\/489890\/revisions"}],"predecessor-version":[{"id":489893,"href":"https:\/\/diariodominicano.com\/index.php?rest_route=\/wp\/v2\/posts\/489890\/revisions\/489893"}],"wp:featuredmedia":[{"embeddable":true,"href":"https:\/\/diariodominicano.com\/index.php?rest_route=\/wp\/v2\/media\/489891"}],"wp:attachment":[{"href":"https:\/\/diariodominicano.com\/index.php?rest_route=%2Fwp%2Fv2%2Fmedia&parent=489890"}],"wp:term":[{"taxonomy":"category","embeddable":true,"href":"https:\/\/diariodominicano.com\/index.php?rest_route=%2Fwp%2Fv2%2Fcategories&post=489890"},{"taxonomy":"post_tag","embeddable":true,"href":"https:\/\/diariodominicano.com\/index.php?rest_route=%2Fwp%2Fv2%2Ftags&post=489890"}],"curies":[{"name":"wp","href":"https:\/\/api.w.org\/{rel}","templated":true}]}}