{"id":489885,"date":"2023-11-20T01:40:04","date_gmt":"2023-11-20T05:40:04","guid":{"rendered":"https:\/\/diariodominicano.com\/?p=489885"},"modified":"2023-11-20T01:41:07","modified_gmt":"2023-11-20T05:41:07","slug":"en-fotos-gana-la-derecha-en-argentina-javier-milei-es-elegido-presidente","status":"publish","type":"post","link":"https:\/\/diariodominicano.com\/?p=489885","title":{"rendered":"En FOTOS | Gana la derecha en Argentina: Javier Milei es elegido presidente"},"content":{"rendered":"\n<p><\/p>\n\n\n\n<p>noviembre 19, 2023<\/p>\n\n\n\n<ul class=\"wp-block-list\"><li><a href=\"https:\/\/www.vozdeamerica.com\/author\/voz-de-america-redaccion\/p_kym\">Voz de Am\u00e9rica &#8211; Redacci\u00f3n<\/a><\/li><\/ul>\n\n\n\n<p>El libertario Javier Milei result\u00f3 electo el domingo en los comicios presidenciales de segunda vuelta en Argentina en los que super\u00f3 al oficialista, el economista Sergio Massa. Las reacciones de ambos bandos en la ciudadan\u00eda no se hicieron esperar.<\/p>\n\n\n\n<hr class=\"wp-block-separator\"\/>\n\n\n\n<figure class=\"wp-block-image\"><img decoding=\"async\" src=\"https:\/\/gdb.voanews.com\/58b517e7-01e1-4528-b236-312558968c12_w1023_s.jpg\" alt=\"El candidato presidencial argentino Javier Milei se dirige a sus partidarios mientras reaccionan a los resultados de la segunda vuelta de las elecciones presidenciales de Argentina, en Buenos Aires, Argentina, el 19 de noviembre de 2023.\"\/><figcaption>1El candidato presidencial argentino Javier Milei se dirige a sus partidarios mientras reaccionan a los resultados de la segunda vuelta de las elecciones presidenciales de Argentina, en Buenos Aires, Argentina, el 19 de noviembre de 2023.<\/figcaption><\/figure>\n\n\n\n<figure class=\"wp-block-image\"><img decoding=\"async\" src=\"https:\/\/gdb.voanews.com\/01000000-0a00-0242-bf3f-08dbe95fd793_w1023_s.jpg\" alt=\"Partidarios del candidato presidencial argentino Sergio Massa reaccionan cuando Massa concedi\u00f3 la derrota al libertario de extrema derecha Javier Milei durante la segunda vuelta de las elecciones presidenciales de Argentina, en Buenos Aires, Argentina, el 19 de noviembre de 2023.\"\/><figcaption>2Partidarios del candidato presidencial argentino Sergio Massa reaccionan cuando Massa concedi\u00f3 la derrota al libertario de extrema derecha Javier Milei durante la segunda vuelta de las elecciones presidenciales de Argentina, en Buenos Aires, Argentina, el 19 de noviembre de 2023.<\/figcaption><\/figure>\n\n\n\n<p><\/p>\n\n\n\n<figure class=\"wp-block-image\"><img decoding=\"async\" src=\"https:\/\/gdb.voanews.com\/01000000-c0a8-0242-221a-08dbe9569a3b_w1023_s.jpg\" alt=\"El candidato presidencial argentino Sergio Massa habla con sus partidarios durante la segunda vuelta de las elecciones presidenciales de Argentina, en Buenos Aires, Argentina, el 19 de noviembre de 2023. Su oponente, Javier Milei fue elegio presidente.\"\/><figcaption>3El candidato presidencial argentino Sergio Massa habla con sus partidarios durante la segunda vuelta de las elecciones presidenciales de Argentina, en Buenos Aires, Argentina, el 19 de noviembre de 2023. Su oponente, Javier Milei fue elegio presidente.<\/figcaption><\/figure>\n\n\n\n<figure class=\"wp-block-image\"><img decoding=\"async\" src=\"https:\/\/gdb.voanews.com\/01000000-c0a8-0242-567b-08dbe95fd790_w1023_s.jpg\" alt=\"Los folletos electorales para los candidatos presidenciales argentinos Javier Milei y Sergio Massa se exhiben en una mesa electoral, durante la segunda vuelta de las elecciones presidenciales de Argentina, en Buenos Aires, Argentina, el 19 de noviembre de 2023.\"\/><figcaption>4Los folletos electorales para los candidatos presidenciales argentinos Javier Milei y Sergio Massa se exhiben en una mesa electoral, durante la segunda vuelta de las elecciones presidenciales de Argentina, en Buenos Aires, Argentina, el 19 de noviembre de 2023.<\/figcaption><\/figure>\n\n\n\n<figure class=\"wp-block-image\"><img decoding=\"async\" src=\"https:\/\/gdb.voanews.com\/01000000-0a00-0242-611b-08dbe95fe56c_w1023_s.jpg\" alt=\"Una multitud de partidarios del candidato presidencial argentino Javier Milei se reune frente a su sede, durante la segunda vuelta de las elecciones presidenciales de Argentina, en Buenos Aires, Argentina, el 19 de noviembre de 2023.\"\/><figcaption>5Una multitud de partidarios del candidato presidencial argentino Javier Milei se reune frente a su sede, durante la segunda vuelta de las elecciones presidenciales de Argentina, en Buenos Aires, Argentina, el 19 de noviembre de 2023.<\/figcaption><\/figure>\n\n\n\n<figure class=\"wp-block-image\"><img decoding=\"async\" src=\"https:\/\/gdb.voanews.com\/01000000-c0a8-0242-d511-08dbe95fd796_w1023_s.jpg\" alt=\"Victoria Villarruel, compa\u00f1era de f\u00f3rmula del candidato presidencial argentino Javier Milei, saluda a sus partidarios fuera de la sede de campa\u00f1a durante la segunda vuelta de las elecciones presidenciales de Argentina, en Buenos Aires, Argentina, el 19 de noviembre de 2023.\"\/><figcaption>6Victoria Villarruel, compa\u00f1era de f\u00f3rmula del candidato presidencial argentino Javier Milei, saluda a sus partidarios fuera de la sede de campa\u00f1a durante la segunda vuelta de las elecciones presidenciales de Argentina, en Buenos Aires, Argentina, el 19 de noviembre de 2023.<\/figcaption><\/figure>\n\n\n\n<figure class=\"wp-block-image\"><img decoding=\"async\" src=\"https:\/\/gdb.voanews.com\/01000000-0a00-0242-f6c8-08dbe95fe45f_w1023_s.jpg\" alt=\"Simpatizantes del ministro de Econom\u00eda, Sergio Massa, candidato presidencial por la coalici\u00f3n gobernante Uni\u00f3n por la Patria, aplauden afuera de su sede de campa\u00f1a la noche electoral despu\u00e9s del cierre de las urnas durante la segunda vuelta presidencial en Buenos Aires, Argentina, el domingo 19 de noviembre de 2023.\"\/><figcaption>7Simpatizantes del ministro de Econom\u00eda, Sergio Massa, candidato presidencial por la coalici\u00f3n gobernante Uni\u00f3n por la Patria, aplauden afuera de su sede de campa\u00f1a la noche electoral despu\u00e9s del cierre de las urnas durante la segunda vuelta presidencial en Buenos Aires, Argentina, el domingo 19 de noviembre de 2023.<\/figcaption><\/figure>\n\n\n\n<figure class=\"wp-block-image\"><img decoding=\"async\" src=\"https:\/\/gdb.voanews.com\/01000000-c0a8-0242-e829-08dbe95fd792_w1023_s.jpg\" alt=\"Los partidarios del candidato presidencial Javier Milei se re\u00fanen frente a su sede de campa\u00f1a despu\u00e9s de que el ministro de Econom\u00eda, Sergio Massa, candidato del partido peronista, admitiera su derrota en la segunda vuelta presidencial en Buenos Aires, Argentina, el domingo 19 de noviembre de 2023.\"\/><figcaption>8Los partidarios del candidato presidencial Javier Milei se re\u00fanen frente a su sede de campa\u00f1a despu\u00e9s de que el ministro de Econom\u00eda, Sergio Massa, candidato del partido peronista, admitiera su derrota en la segunda vuelta presidencial en Buenos Aires, Argentina, el domingo 19 de noviembre de 2023.<\/figcaption><\/figure>\n\n\n\n<p>Voa Noticias<\/p>\n\n\n\n<p><\/p>\n","protected":false},"excerpt":{"rendered":"<p>noviembre 19, 2023 Voz de Am\u00e9rica &#8211; Redacci\u00f3n El libertario Javier Milei result\u00f3 electo el domingo en los comicios presidenciales de segunda vuelta en Argentina en los que super\u00f3 al oficialista, el economista Sergio Massa. Las reacciones de ambos bandos en la ciudadan\u00eda no se hicieron esperar. Voa Noticias<\/p>\n","protected":false},"author":28,"featured_media":0,"comment_status":"closed","ping_status":"","sticky":false,"template":"","format":"standard","meta":{"footnotes":""},"categories":[23,22],"tags":[],"class_list":["post-489885","post","type-post","status-publish","format-standard","hentry","category-internacional","category-politica"],"_links":{"self":[{"href":"https:\/\/diariodominicano.com\/index.php?rest_route=\/wp\/v2\/posts\/489885","targetHints":{"allow":["GET"]}}],"collection":[{"href":"https:\/\/diariodominicano.com\/index.php?rest_route=\/wp\/v2\/posts"}],"about":[{"href":"https:\/\/diariodominicano.com\/index.php?rest_route=\/wp\/v2\/types\/post"}],"author":[{"embeddable":true,"href":"https:\/\/diariodominicano.com\/index.php?rest_route=\/wp\/v2\/users\/28"}],"replies":[{"embeddable":true,"href":"https:\/\/diariodominicano.com\/index.php?rest_route=%2Fwp%2Fv2%2Fcomments&post=489885"}],"version-history":[{"count":3,"href":"https:\/\/diariodominicano.com\/index.php?rest_route=\/wp\/v2\/posts\/489885\/revisions"}],"predecessor-version":[{"id":489888,"href":"https:\/\/diariodominicano.com\/index.php?rest_route=\/wp\/v2\/posts\/489885\/revisions\/489888"}],"wp:attachment":[{"href":"https:\/\/diariodominicano.com\/index.php?rest_route=%2Fwp%2Fv2%2Fmedia&parent=489885"}],"wp:term":[{"taxonomy":"category","embeddable":true,"href":"https:\/\/diariodominicano.com\/index.php?rest_route=%2Fwp%2Fv2%2Fcategories&post=489885"},{"taxonomy":"post_tag","embeddable":true,"href":"https:\/\/diariodominicano.com\/index.php?rest_route=%2Fwp%2Fv2%2Ftags&post=489885"}],"curies":[{"name":"wp","href":"https:\/\/api.w.org\/{rel}","templated":true}]}}