{"id":489847,"date":"2023-11-20T00:55:10","date_gmt":"2023-11-20T04:55:10","guid":{"rendered":"https:\/\/diariodominicano.com\/?p=489847"},"modified":"2023-11-20T00:58:28","modified_gmt":"2023-11-20T04:58:28","slug":"uapa-realiza-panel-el-merengue-tipico-genuina-identidad-dominicana","status":"publish","type":"post","link":"https:\/\/diariodominicano.com\/?p=489847","title":{"rendered":"UAPA realiza panel El Merengue T\u00edpico Genuina Identidad Dominicana"},"content":{"rendered":"\n<p><em>Wison Inoa y La Barbie del Acorde\u00f3n fueron los expositores<\/em><\/p>\n\n\n\n<figure class=\"wp-block-image size-large\"><img loading=\"lazy\" decoding=\"async\" width=\"1024\" height=\"575\" src=\"https:\/\/diariodominicano.com\/wp-content\/uploads\/2023\/11\/A42A8484-1024x575.jpg\" alt=\"\" class=\"wp-image-489850\" srcset=\"https:\/\/diariodominicano.com\/wp-content\/uploads\/2023\/11\/A42A8484-1024x575.jpg 1024w, https:\/\/diariodominicano.com\/wp-content\/uploads\/2023\/11\/A42A8484-300x169.jpg 300w, https:\/\/diariodominicano.com\/wp-content\/uploads\/2023\/11\/A42A8484-768x432.jpg 768w, https:\/\/diariodominicano.com\/wp-content\/uploads\/2023\/11\/A42A8484-1536x863.jpg 1536w, https:\/\/diariodominicano.com\/wp-content\/uploads\/2023\/11\/A42A8484-2048x1151.jpg 2048w, https:\/\/diariodominicano.com\/wp-content\/uploads\/2023\/11\/A42A8484-816x459.jpg 816w\" sizes=\"auto, (max-width: 1024px) 100vw, 1024px\" \/><\/figure>\n\n\n\n<p><strong>SANTIAGO.-&nbsp;<\/strong>En el marco de la XIV Feria del Libro y XI de Tecnolog\u00eda Educativa , la Universidad Abierta para Adultos (UAPA) realiz\u00f3 un panel sobre \u00b4Merengue T\u00edpico: Genuina Identidad Dominicana\u00b4\u00b4, con la participaci\u00f3n del folklorista Wilosn Inoa y la merenguera Danibel Bret\u00f3n mejor conocida como \u00b4\u00b4 La Barbie del Acorde\u00f3n\u00b4\u00b4<\/p>\n\n\n\n<figure class=\"wp-block-image size-large\"><img loading=\"lazy\" decoding=\"async\" width=\"1024\" height=\"683\" src=\"https:\/\/diariodominicano.com\/wp-content\/uploads\/2023\/11\/La-barbie-denl-acordeon-1024x683.jpg\" alt=\"\" class=\"wp-image-489854\" srcset=\"https:\/\/diariodominicano.com\/wp-content\/uploads\/2023\/11\/La-barbie-denl-acordeon-1024x683.jpg 1024w, https:\/\/diariodominicano.com\/wp-content\/uploads\/2023\/11\/La-barbie-denl-acordeon-300x200.jpg 300w, https:\/\/diariodominicano.com\/wp-content\/uploads\/2023\/11\/La-barbie-denl-acordeon-768x512.jpg 768w, https:\/\/diariodominicano.com\/wp-content\/uploads\/2023\/11\/La-barbie-denl-acordeon-1536x1024.jpg 1536w, https:\/\/diariodominicano.com\/wp-content\/uploads\/2023\/11\/La-barbie-denl-acordeon-2048x1365.jpg 2048w, https:\/\/diariodominicano.com\/wp-content\/uploads\/2023\/11\/La-barbie-denl-acordeon-816x544.jpg 816w\" sizes=\"auto, (max-width: 1024px) 100vw, 1024px\" \/><figcaption>  La Barbie del Acorde\u00f3n<\/figcaption><\/figure>\n\n\n\n<p>Ambos resaltaron la importancia del ritmo de&nbsp; \u00b4\u00b4tierra adentro\u00b4 como identidad musical de la Rep\u00fablica Dominicana, por su &nbsp;historia, aportes al desarrollo cultural &nbsp;y por estar presente en el discurrir de la vida misma, de los nacidos en Quisqueya.<\/p>\n\n\n\n<p>En su disertaci\u00f3n, el historiador y autor de libros que abordan el folklore y el merengue, se refiri\u00f3 a los or\u00edgenes y evoluci\u00f3n del ritmo criollo y a&nbsp;las influencias de otros g\u00e9neros como el paseo, la polka,&nbsp; tumba, la contradanza, entre otros.<\/p>\n\n\n\n<p>Asimismo, trat\u00f3 la declaraci\u00f3n de la D\u00eda Nacional del Merengue el 26 de noviembre de 2016 por la UNESCO como\u00b4\u00b4 Patrimonio Cultural Inmaterial de la Humanidad \u00b4\u00b4, fecha referente a su surgimiento en el siglo XVIII.<\/p>\n\n\n\n<figure class=\"wp-block-image size-large\"><img loading=\"lazy\" decoding=\"async\" width=\"683\" height=\"1024\" src=\"https:\/\/diariodominicano.com\/wp-content\/uploads\/2023\/11\/A42A8400-683x1024.jpg\" alt=\"\" class=\"wp-image-489852\" srcset=\"https:\/\/diariodominicano.com\/wp-content\/uploads\/2023\/11\/A42A8400-683x1024.jpg 683w, https:\/\/diariodominicano.com\/wp-content\/uploads\/2023\/11\/A42A8400-200x300.jpg 200w, https:\/\/diariodominicano.com\/wp-content\/uploads\/2023\/11\/A42A8400-768x1152.jpg 768w, https:\/\/diariodominicano.com\/wp-content\/uploads\/2023\/11\/A42A8400-1024x1536.jpg 1024w, https:\/\/diariodominicano.com\/wp-content\/uploads\/2023\/11\/A42A8400-1365x2048.jpg 1365w, https:\/\/diariodominicano.com\/wp-content\/uploads\/2023\/11\/A42A8400-816x1224.jpg 816w, https:\/\/diariodominicano.com\/wp-content\/uploads\/2023\/11\/A42A8400-scaled.jpg 1707w\" sizes=\"auto, (max-width: 683px) 100vw, 683px\" \/><figcaption> Danibel Breton <\/figcaption><\/figure>\n\n\n\n<p>De su lado, Danibel Breton como exponente del g\u00e9nero , expres\u00f3 que el merengue se lleva \u00b4en las venas \u00b4 y que aunque algunas generaciones le han dado algunas variantes, tambi\u00e9n es parte del desarrollo del ritmo, sin que \u00e9ste pierda su identidad.<\/p>\n\n\n\n<p>Adem\u00e1s la acordeonista habl\u00f3&nbsp; de los instrumentos que representan y que conformaron la idiosincrasia&nbsp; de la cultura dominicana; \u00b4\u00b4&nbsp; el acorde\u00f3n representa la influencia europea, la g\u00fcira la ta\u00edna y la tambora la africana\u00b4\u00b4.<\/p>\n\n\n\n<p>Los expositores exhortaron a los estudiantes a sentirse orgullosos del baile nacional &nbsp;y mantenerlo vivo a trav\u00e9s de sus hijos y familiares, para que otras generaciones lo conozcan y le den continuidad.<\/p>\n\n\n\n<p>Al final del encuentro cultural en ocasi\u00f3n del mes del Merengue, la artista interpret\u00f3 un tema acompa\u00f1ada de su acorde\u00f3n, para el deleite de la concurrencia en el Auditorio de la universidad.<\/p>\n\n\n\n<p>Por la universidad y el Comit\u00e9 Organizador de la Feria, habl\u00f3 Mario Torres, quien destac\u00f3 que la casa de altos estudios siempre incluye actividades referentes a la identidad musical, como educaci\u00f3n integral de sus participantes.\/\/Pie de foto:La barbie del acorde\u00f3n, Wilson Inia, Ketty Deschamps y Mario Torres.-Pane en el marco de la Feria del Libro de la UAPA .&#8211;<\/p>\n","protected":false},"excerpt":{"rendered":"<p>Wison Inoa y La Barbie del Acorde\u00f3n fueron los expositores SANTIAGO.-&nbsp;En el marco de la XIV Feria del Libro y XI de Tecnolog\u00eda Educativa , la Universidad Abierta para Adultos (UAPA) realiz\u00f3 un panel sobre \u00b4Merengue T\u00edpico: Genuina Identidad Dominicana\u00b4\u00b4, con la participaci\u00f3n del folklorista Wilosn Inoa y la merenguera Danibel Bret\u00f3n mejor conocida como [&hellip;]<\/p>\n","protected":false},"author":28,"featured_media":489848,"comment_status":"closed","ping_status":"","sticky":true,"template":"","format":"standard","meta":{"footnotes":""},"categories":[36,25,32],"tags":[],"class_list":["post-489847","post","type-post","status-publish","format-standard","has-post-thumbnail","hentry","category-hombresmujeresycosas","category-gente","category-turismo"],"_links":{"self":[{"href":"https:\/\/diariodominicano.com\/index.php?rest_route=\/wp\/v2\/posts\/489847","targetHints":{"allow":["GET"]}}],"collection":[{"href":"https:\/\/diariodominicano.com\/index.php?rest_route=\/wp\/v2\/posts"}],"about":[{"href":"https:\/\/diariodominicano.com\/index.php?rest_route=\/wp\/v2\/types\/post"}],"author":[{"embeddable":true,"href":"https:\/\/diariodominicano.com\/index.php?rest_route=\/wp\/v2\/users\/28"}],"replies":[{"embeddable":true,"href":"https:\/\/diariodominicano.com\/index.php?rest_route=%2Fwp%2Fv2%2Fcomments&post=489847"}],"version-history":[{"count":4,"href":"https:\/\/diariodominicano.com\/index.php?rest_route=\/wp\/v2\/posts\/489847\/revisions"}],"predecessor-version":[{"id":489855,"href":"https:\/\/diariodominicano.com\/index.php?rest_route=\/wp\/v2\/posts\/489847\/revisions\/489855"}],"wp:featuredmedia":[{"embeddable":true,"href":"https:\/\/diariodominicano.com\/index.php?rest_route=\/wp\/v2\/media\/489848"}],"wp:attachment":[{"href":"https:\/\/diariodominicano.com\/index.php?rest_route=%2Fwp%2Fv2%2Fmedia&parent=489847"}],"wp:term":[{"taxonomy":"category","embeddable":true,"href":"https:\/\/diariodominicano.com\/index.php?rest_route=%2Fwp%2Fv2%2Fcategories&post=489847"},{"taxonomy":"post_tag","embeddable":true,"href":"https:\/\/diariodominicano.com\/index.php?rest_route=%2Fwp%2Fv2%2Ftags&post=489847"}],"curies":[{"name":"wp","href":"https:\/\/api.w.org\/{rel}","templated":true}]}}