{"id":489837,"date":"2023-11-20T00:42:57","date_gmt":"2023-11-20T04:42:57","guid":{"rendered":"https:\/\/diariodominicano.com\/?p=489837"},"modified":"2023-11-20T00:44:24","modified_gmt":"2023-11-20T04:44:24","slug":"delegado-de-la-fp-revela-que-jce-cancela-cambio-fraudulento-de-domicilio-de-electores","status":"publish","type":"post","link":"https:\/\/diariodominicano.com\/?p=489837","title":{"rendered":"Delegado de la FP revela que JCE cancela cambio fraudulento de domicilio de electores"},"content":{"rendered":"\n<p>Doctor  <strong>Jos\u00e9 Manuel Hern\u00e1ndez Peguero<\/strong> <\/p>\n\n\n\n<p><strong>\u201cNos preocupa la existencia de un grupo de apoyo que nada tiene que ver con el Departamento de Inform\u00e1tica de la Junta\u201d<\/strong><\/p>\n\n\n\n<p><strong>Jos\u00e9 Manuel Hern\u00e1ndez Peguero: Hay una preocupaci\u00f3n latente del candidato del PRM<\/strong><\/p>\n\n\n\n<p>El delegado t\u00e9cnico de la Fuerza del Pueblo (FP) ante la Junta Central Electoral (JCE), doctor Jos\u00e9 Manuel Hern\u00e1ndez Peguero, advirti\u00f3 que esa organizaci\u00f3n estar\u00e1 muy atenta a lo que suceda en el organismo comicial, no por duda, sino por el surgimiento de elementos como la detecci\u00f3n de 10,800 electores que cambiaron de domicilio de manera fraudulenta para beneficiar a candidatos de pueblos y municipios que necesariamente decidir\u00e1n los comicios con pocos votos.<\/p>\n\n\n\n<figure class=\"wp-block-image size-full\"><img loading=\"lazy\" decoding=\"async\" width=\"795\" height=\"452\" src=\"https:\/\/diariodominicano.com\/wp-content\/uploads\/2023\/11\/PHOTO-2023-11-17-19-48-35-1.jpg\" alt=\"\" class=\"wp-image-489839\" srcset=\"https:\/\/diariodominicano.com\/wp-content\/uploads\/2023\/11\/PHOTO-2023-11-17-19-48-35-1.jpg 795w, https:\/\/diariodominicano.com\/wp-content\/uploads\/2023\/11\/PHOTO-2023-11-17-19-48-35-1-300x171.jpg 300w, https:\/\/diariodominicano.com\/wp-content\/uploads\/2023\/11\/PHOTO-2023-11-17-19-48-35-1-768x437.jpg 768w\" sizes=\"auto, (max-width: 795px) 100vw, 795px\" \/><\/figure>\n\n\n\n<p>Entrevistado por el periodista Federico M\u00e9ndez, en el programa Esferas de Poder, que se transmite los domingos de 8:00 a 9:00 de la ma\u00f1ana, por RNN Canal 27, afirm\u00f3 que las direcciones de Elecciones y de Cedulaci\u00f3n comunicaron a la FP que la JCE procedi\u00f3 con la cancelaci\u00f3n de esos traslados.<\/p>\n\n\n\n<p>Hern\u00e1ndez Peguero plante\u00f3 que en lo que respecta a la JCE, no hay objeci\u00f3n por parte de la organizaci\u00f3n opositora, que conf\u00eda en su trabajo frente a las elecciones del 2024.<\/p>\n\n\n\n<p>\u201cPero es evidente de que hay un patr\u00f3n de conducta de alguien que se siente ya perdido y cambiar 10,800 electores fraudulentamente significa que nosotros debemos tener ojos bien abiertos\u201d, recalc\u00f3.<\/p>\n\n\n\n<p>El ex magistrado del Tribunal Superior Electoral manifest\u00f3 que la FP hizo la denuncia al respecto ante la JCE, la cual procedi\u00f3 con una investigaci\u00f3n que detect\u00f3 la cifra se\u00f1alada y determin\u00f3 la cancelaci\u00f3n de esos cambios de domicilio y lugar de votaci\u00f3n.<\/p>\n\n\n\n<p>Advirti\u00f3 que el \u00e1rea de inform\u00e1tica del organismo electoral debe ser resguardada frente a la participaci\u00f3n de personas que nada tienen que ver con el Departamento y cuyo tema no ha sido puesto en conocimiento de los partidos pol\u00edticos.<\/p>\n\n\n\n<p>\u201cEso nos preocupa y hemos solicitado a la Junta Central Electoral, ya en agosto, que nos identificara un grupo de apoyo, que denominan ellos, que est\u00e1 interactuando en la Direcci\u00f3n de Inform\u00e1tica y de lo cual nosotros no fuimos convocados a opinar, ni tenemos conocimientos sobre c\u00f3mo se eligieron\u201d, signific\u00f3.<\/p>\n\n\n\n<p>Se\u00f1al\u00f3 que la JCE debe cuidar su forma de interactuar con los delegados, en el sentido del respeto que deben merecer, a los fines de que cuando ocurran situaciones como esas&nbsp;puedan tener la informaci\u00f3n precisa de una manera oportuna, lo cual no ha sucedido en el caso.<\/p>\n\n\n\n<p>Declar\u00f3 que la JCE acogi\u00f3 una propuesta de la FP, de la creaci\u00f3n de una Mesa T\u00e9cnica, que asista a todo lo que tiene que ver con los procesos inform\u00e1ticos.<\/p>\n\n\n\n<p>Record\u00f3 que recientemente fue aprobada una auditor\u00eda al software que se utilizar\u00e1 en la transmisi\u00f3n de los resultados y el Centro de Asesor\u00eda y Promoci\u00f3n Electoral (CAPEL) est\u00e1 haciendo el an\u00e1lisis.<\/p>\n\n\n\n<p>\u201cA pesar de que los equipos fueron comprados recientemente y se recib\u00edan a finales de octubre, me refiero a los equipos que se van a utilizar en la transmisi\u00f3n de los resultados, todos los partidos y sus delegados estamos acompa\u00f1ando a la Junta Central Electoral para poder lograr unas elecciones sin contratiempos, di\u00e1fanas, transparentes y que respondan a las expectativas de la democracia que todos esperamos\u201d, subray\u00f3.<\/p>\n\n\n\n<p>Indic\u00f3 que los resultados de la auditor\u00eda al software ser\u00e1n dados a principios de enero, si no hay ning\u00fan contratiempo.<\/p>\n\n\n\n<p>\u201cLo que nosotros advertimos es que tal vez haya muy poco tiempo para poder ejecutar cualquier modificaci\u00f3n o soluci\u00f3n a alg\u00fan inconveniente que se presente en esa auditor\u00eda\u201d, agreg\u00f3.<\/p>\n\n\n\n<figure class=\"wp-block-image size-full\"><img loading=\"lazy\" decoding=\"async\" width=\"801\" height=\"449\" src=\"https:\/\/diariodominicano.com\/wp-content\/uploads\/2023\/11\/PHOTO-2023-11-17-19-48-35-2.jpg\" alt=\"\" class=\"wp-image-489842\" srcset=\"https:\/\/diariodominicano.com\/wp-content\/uploads\/2023\/11\/PHOTO-2023-11-17-19-48-35-2.jpg 801w, https:\/\/diariodominicano.com\/wp-content\/uploads\/2023\/11\/PHOTO-2023-11-17-19-48-35-2-300x168.jpg 300w, https:\/\/diariodominicano.com\/wp-content\/uploads\/2023\/11\/PHOTO-2023-11-17-19-48-35-2-768x431.jpg 768w\" sizes=\"auto, (max-width: 801px) 100vw, 801px\" \/><\/figure>\n\n\n\n<p>Sostuvo que, de todas formas, en el transcurso de ese proceso la FP estar\u00e1 atenta y acompa\u00f1ando a CAPEL y a la JCE para lograr solucionar cualquier dificultad.<\/p>\n\n\n\n<p>\u201cLas quejas que tenemos todos los partidos es que las decisiones se han adoptado fuera del tiempo previsto en la ley, que es un a\u00f1o antes de las elecciones con el fin de garantizar que todos los inconvenientes pudiesen estar resueltos\u201d, enfatiz\u00f3.<\/p>\n\n\n\n<p>Hern\u00e1ndez Peguero observ\u00f3 que si el proceso de fiscalizaci\u00f3n presenta un inconveniente, debe contar con el tiempo suficiente para producir una soluci\u00f3n.<\/p>\n\n\n\n<p>Sin embargo, consider\u00f3 que lo bueno que presenta el panorama es que tanto la votaci\u00f3n como el conteo ser\u00e1n manuales y todos los delegados de los partidos tendr\u00e1n un acta.<\/p>\n\n\n\n<p><strong>Hern\u00e1ndez Peguero: Hay una preocupaci\u00f3n latente del candidato del PRM<\/strong><\/p>\n\n\n\n<p>El delegado t\u00e9cnico de la Fuerza del Pueblo ante la Junta Central Electoral (JCE), doctor Jos\u00e9 Manuel Hern\u00e1ndez Peguero, consider\u00f3 que hay una preocupaci\u00f3n latente por parte del candidato presidencial del oficialista Partido Revolucionario Moderno (PRM), Luis Abinader, por la realidad que plantea la Alianza Rescate RD que postula al expresidente Leonel Fern\u00e1ndez.<\/p>\n\n\n\n<p>Consider\u00f3 que no se trata de cantidad de partidos, sino de n\u00famero de votos y militantes, porque los tres principales partidos pol\u00edticos de la oposici\u00f3n est\u00e1n aliados, frente al partido de gobierno y las dem\u00e1s organizaciones.<\/p>\n\n\n\n<p>El ex fiscal del Distrito Nacional sostuvo que, a partir de la crisis en la frontera, por el cierre que ha perjudicado a los comerciantes y empresarios, sigue disminuyendo la tendencia de aceptaci\u00f3n del presidente.<\/p>\n\n\n\n<p>Hern\u00e1ndez Peguero se\u00f1al\u00f3 que el presidente Abinader no llega al 50% de las preferencias electorales, como lo reflejan algunas encuestas.<\/p>\n\n\n\n<p>\u201cCuando digo no llega, no es que est\u00e1 cerca tampoco, es que estamos hablando que las diferencias con el principal candidato de la oposici\u00f3n, que es Leonel Fern\u00e1ndez, ronda de un 3 a un 4%, a lo sumo un 5%, que pr\u00e1cticamente es el margen de error t\u00e9cnico, sin contar todav\u00eda la alianza que nosotros tenemos, de que el quede en tercero apoya al que quede en segundo lugar\u201d, a\u00f1adi\u00f3.<\/p>\n\n\n\n<p>El dirigente opositor sostiene que no hay dudas de que el candidato de su partido ganar\u00e1 las elecciones con el voto consciente del dominicano que quiere cambiar lo que est\u00e1 sucediendo.<\/p>\n\n\n\n<p>Dijo que la encuesta cotidiana de lo que sucede en el pueblo puede dar un resultado tangible de lo que est\u00e1 ocurriendo, en cuanto a las preferencias electorales.<\/p>\n\n\n\n<p>\u201cCreo que no es que la suerte est\u00e1 echada, es que la decisi\u00f3n ya est\u00e1 tomada, Leonel Fern\u00e1ndez ser\u00e1 presidente de la Rep\u00fablica y eso en base a una coalici\u00f3n de voluntades, que no tan solo se suman en la cantidad, sino tambi\u00e9n electoral y lo oportuno que ha sido, y en la identidad de los prop\u00f3sitos y fines que nos unen.\u00a0<\/p>\n\n\n\n<p>federico mendez nova<a target=\"_blank\" href=\"mailto:federico.mendeznova@gmail.com\" rel=\"noreferrer noopener\">federico.mendeznova@gmail.com<\/a><\/p>\n","protected":false},"excerpt":{"rendered":"<p>Doctor Jos\u00e9 Manuel Hern\u00e1ndez Peguero \u201cNos preocupa la existencia de un grupo de apoyo que nada tiene que ver con el Departamento de Inform\u00e1tica de la Junta\u201d Jos\u00e9 Manuel Hern\u00e1ndez Peguero: Hay una preocupaci\u00f3n latente del candidato del PRM El delegado t\u00e9cnico de la Fuerza del Pueblo (FP) ante la Junta Central Electoral (JCE), doctor [&hellip;]<\/p>\n","protected":false},"author":28,"featured_media":489838,"comment_status":"closed","ping_status":"","sticky":true,"template":"","format":"standard","meta":{"footnotes":""},"categories":[22,27],"tags":[],"class_list":["post-489837","post","type-post","status-publish","format-standard","has-post-thumbnail","hentry","category-politica","category-portada"],"_links":{"self":[{"href":"https:\/\/diariodominicano.com\/index.php?rest_route=\/wp\/v2\/posts\/489837","targetHints":{"allow":["GET"]}}],"collection":[{"href":"https:\/\/diariodominicano.com\/index.php?rest_route=\/wp\/v2\/posts"}],"about":[{"href":"https:\/\/diariodominicano.com\/index.php?rest_route=\/wp\/v2\/types\/post"}],"author":[{"embeddable":true,"href":"https:\/\/diariodominicano.com\/index.php?rest_route=\/wp\/v2\/users\/28"}],"replies":[{"embeddable":true,"href":"https:\/\/diariodominicano.com\/index.php?rest_route=%2Fwp%2Fv2%2Fcomments&post=489837"}],"version-history":[{"count":3,"href":"https:\/\/diariodominicano.com\/index.php?rest_route=\/wp\/v2\/posts\/489837\/revisions"}],"predecessor-version":[{"id":489843,"href":"https:\/\/diariodominicano.com\/index.php?rest_route=\/wp\/v2\/posts\/489837\/revisions\/489843"}],"wp:featuredmedia":[{"embeddable":true,"href":"https:\/\/diariodominicano.com\/index.php?rest_route=\/wp\/v2\/media\/489838"}],"wp:attachment":[{"href":"https:\/\/diariodominicano.com\/index.php?rest_route=%2Fwp%2Fv2%2Fmedia&parent=489837"}],"wp:term":[{"taxonomy":"category","embeddable":true,"href":"https:\/\/diariodominicano.com\/index.php?rest_route=%2Fwp%2Fv2%2Fcategories&post=489837"},{"taxonomy":"post_tag","embeddable":true,"href":"https:\/\/diariodominicano.com\/index.php?rest_route=%2Fwp%2Fv2%2Ftags&post=489837"}],"curies":[{"name":"wp","href":"https:\/\/api.w.org\/{rel}","templated":true}]}}