{"id":489740,"date":"2023-11-19T16:53:30","date_gmt":"2023-11-19T20:53:30","guid":{"rendered":"https:\/\/diariodominicano.com\/?p=489740"},"modified":"2023-11-19T16:54:27","modified_gmt":"2023-11-19T20:54:27","slug":"los-argentinos-definen-a-su-proximo-presidente-entre-dos-modelos-de-pais-bien-distintos","status":"publish","type":"post","link":"https:\/\/diariodominicano.com\/?p=489740","title":{"rendered":"Los argentinos definen a su pr\u00f3ximo presidente entre dos modelos de pa\u00eds bien distintos"},"content":{"rendered":"\n<p> Carteles de los partidos en el balotaje presidencial de Argentina el 19 de noviembre de 2023. <\/p>\n\n\n\n<p>noviembre 19, 2023<\/p>\n\n\n\n<ul class=\"wp-block-list\"><li><a href=\"https:\/\/www.vozdeamerica.com\/author\/gonzalo-banez-villar\/-pkyq\">Gonzalo Ba\u00f1ez Villar<\/a><\/li><\/ul>\n\n\n\n<hr class=\"wp-block-separator\"\/>\n\n\n\n<p><\/p>\n\n\n\n<ul class=\"wp-block-list\"><li><a href=\"https:\/\/facebook.com\/sharer.php?u=https%3a%2f%2fwww.vozdeamerica.com%2fa%2flos-argentinos-definen-proximo-presidente-dos-modelos-pais-bien-distintos%2f7361437.html\" target=\"_blank\" rel=\"noreferrer noopener\"><\/a><\/li><li><a href=\"https:\/\/twitter.com\/share?url=https%3a%2f%2fwww.vozdeamerica.com%2fa%2flos-argentinos-definen-proximo-presidente-dos-modelos-pais-bien-distintos%2f7361437.html&amp;text=Los+argentinos+definen+a+su+pr%c3%b3ximo+presidente+entre+dos+modelos+de+pa%c3%ads+bien+distintos\" target=\"_blank\" rel=\"noreferrer noopener\"><\/a><\/li><li><\/li><li><a href=\"mailto:?body=https%3a%2f%2fwww.vozdeamerica.com%2fa%2flos-argentinos-definen-proximo-presidente-dos-modelos-pais-bien-distintos%2f7361437.html&amp;subject=Los%20argentinos%20definen%20a%20su%20pr%C3%B3ximo%20presidente%20entre%20dos%20modelos%20de%20pa%C3%ADs%20bien%20distintos\"><\/a><\/li><\/ul>\n\n\n\n<p><a href=\"https:\/\/www.vozdeamerica.com\/a\/los-argentinos-definen-proximo-presidente-dos-modelos-pais-bien-distintos\/7361437.html#comments\">&nbsp;Vea comentarios<\/a><\/p>\n\n\n\n<p>&nbsp;Print<\/p>\n\n\n\n<p>Los argentinos eligen este domingo a su pr\u00f3ximo presidente, entre los candidatos Sergio Massa y el economista libertario Javier Milei.BUENOS AIRES \u2014&nbsp;<\/p>\n\n\n\n<p>En un hist\u00f3rico balotaje, poco m\u00e1s de 35 millones de personas eligen al pr\u00f3ximo presidente de la Argentina por los pr\u00f3ximos cuatro a\u00f1os. Los candidatos que alcanzaron la segunda vuelta electoral son el actual&nbsp;<strong><em><a href=\"https:\/\/www.vozdeamerica.com\/a\/podra-reinventarse-el-peronismo-con-sergio-massa-en-argentina\/7354122.html\" target=\"_blank\" rel=\"noreferrer noopener\">ministro de Econom\u00eda, Sergio Massa<\/a><\/em><\/strong>, y el economista libertario&nbsp;<em><strong><a href=\"https:\/\/www.vozdeamerica.com\/a\/7348112.html\" target=\"_blank\" rel=\"noreferrer noopener\">Javier Milei.<\/a><\/strong><\/em><\/p>\n\n\n\n<p>Los centros de votaci\u00f3n en todo el pa\u00eds abrieron a las 8:00 de la ma\u00f1ana y se espera que el resultado de la elecci\u00f3n se conozca alrededor de las 9:00 de la noche.<\/p>\n\n\n\n<p>\u201cEs un d\u00eda hist\u00f3rico, no importa que los candidatos no nos gusten, tenemos que votar para defender la democracia\u201d, asegur\u00f3, emocionado, Carlos, un jubilado de 75 a\u00f1os que emiti\u00f3 el sufragio en una escuela de la ciudad de Buenos Aires.<\/p>\n\n\n\n<p>Muchos analistas consideran que nunca en los 40 a\u00f1os de democracia ininterrumpida que lleva la Argentina se hab\u00eda experimentado un elecci\u00f3n como \u00e9sta, donde los candidatos plantean dos modelos de pa\u00edses completamente distintos entre s\u00ed.<\/p>\n\n\n\n<p>Por un lado, el economista libertario Javier Milei promete, como hizo desde el inicio de su campa\u00f1a, reducir fuertemente el tama\u00f1o del Estado, privatizar parte de la salud y de la educaci\u00f3n, dolarizar la econom\u00eda y cerrar el Banco Central de la Rep\u00fablica Argentina, entre otras propuestas.<\/p>\n\n\n\n<p>Por el otro, Sergio Massa, el oficialista que actualmente ocupa el cargo de ministro de Econom\u00eda, intenta mostrarse como un candidato moderado que llama a \u201cla unidad nacional\u201d, tal como \u00e9l mismo se declar\u00f3 en la elecci\u00f3n general de octubre. All\u00ed, en esa primera vuelta, fue el m\u00e1s votado, secundado por Javier Milei.<\/p>\n\n\n\n<p>\u201cEn esta elecci\u00f3n vemos una caracter\u00edstica muy marcada y es que se est\u00e1 jugando entre dos emociones\u201d, para la&nbsp;<em><strong>Voz de Am\u00e9rica<\/strong><\/em>&nbsp;la polit\u00f3loga Nayet Kademi\u00e1n, para luego agregar: \u201cUna es el miedo que genera Milei en aproximadamente la mitad de la poblaci\u00f3n y, la otra, la desconfianza que despierta Massa en pr\u00e1cticamente la otra mitad de la sociedad\u201d.<a href=\"https:\/\/www.vozdeamerica.com\/a\/el-rol-clave--indecisos--desencanto-social-balotaje-presidencial-argentina\/7358313.html\"><\/a><a href=\"https:\/\/www.vozdeamerica.com\/a\/el-rol-clave--indecisos--desencanto-social-balotaje-presidencial-argentina\/7358313.html\">TAMBI\u00c9N LEAIndecisos y desencanto social: pilares determinantes en el balotaje presidencial de Argentina<\/a><\/p>\n\n\n\n<p>Este sentimiento del electorado se genera, tal como asegura la analista, por la compleja situaci\u00f3n econ\u00f3mica y social que vive la Argentina. Seg\u00fan datos oficiales, el pa\u00eds cuenta con una inflaci\u00f3n interanual del 138 %, una pobreza del 40,1 % de la poblaci\u00f3n y cerca del 45 % de los trabajadores lo hace en el \u00e1mbito informal.<\/p>\n\n\n\n<p>\u201cEstamos mal, es cierto, pero conf\u00edo mucho en que el pr\u00f3ximo presidente pueda torcer el rumbo de la Argentina\u201d, se\u00f1al\u00f3 en di\u00e1logo con este medio Viviana, una vez que emiti\u00f3 su voto en una escuela en el centro de la Ciudad de Buenos Aires. \u201cYo ya estoy grande y las viv\u00ed todas, pero pienso en mis nietos, no quiero que se vayan del pa\u00eds\u201d, agreg\u00f3.<\/p>\n\n\n\n<p>\u201cSea quien sea el ganador, en t\u00e9rminos simples me pesa un pensamiento pesimista donde para 2024 nos espera una Argentina complicada, con vaivenes y mucho conflicto social\u201d, reflexion\u00f3 en di\u00e1logo con la&nbsp;<em><strong>VOA<\/strong><\/em>&nbsp;el consultor y encuestador Federico Gonz\u00e1lez. Es la misma sensaci\u00f3n que tiene gran parte del electorado.<\/p>\n\n\n\n<h3 class=\"wp-block-heading\">La clave de los indecisos y la centroderecha<\/h3>\n\n\n\n<p>Esta hist\u00f3rica jornada electoral estar\u00e1 marcada por la trascendencia que tendr\u00e1n los votantes indecisos y los de la centroderecha, aquel que en la primera vuelta electoral se inclin\u00f3 por Patricia Bullrich, quien qued\u00f3 tercera con el 23,83 % de los votos.<\/p>\n\n\n\n<p>Tambi\u00e9n ser\u00e1 importante el electorado que hab\u00eda optado por el gobernador de C\u00f3rdoba, el peronista Juan Schiaretti que cosech\u00f3 un 6,78 % de los sufragios.<\/p>\n\n\n\n<p>\u201cLos indecisos son clave para esta elecci\u00f3n, dado que todos los pron\u00f3sticos dan un resultado muy cerrado\u201d, asegur\u00f3 el polit\u00f3logo Patricio Giusto. Adem\u00e1s, agreg\u00f3: \u201cMilei tiene que intentar que la mayor parte de ese 23,83 % vaya para \u00e9l, Massa sabe que es muy dif\u00edcil lograr seducir a los votantes de ese sector, aunque tambi\u00e9n puede ser un electorado que en esta situaci\u00f3n se incline por no votar o hacerlo en blanco\u201d.<\/p>\n\n\n\n<p>Este panorama qued\u00f3 bien expuesto en el cierre de campa\u00f1as el jueves. Sergio Massa lo hizo en el colegio Carlos Pellegrini junto con centenares de alumnos secundarios, una instituci\u00f3n pertenece a la Universidad de Buenos Aires. All\u00ed busc\u00f3 captar al voto joven, que en gran medida es un pilar fundamental para Milei, como reflejan las encuestadoras.<\/p>\n\n\n\n<p>Milei, por su parte, eligi\u00f3 a la provincia de C\u00f3rdoba para finalizar sus actos proselitistas. Es un distrito muy esquivo para Massa, donde en las elecciones generales de octubre qued\u00f3 cuarto. All\u00ed, en C\u00f3rdoba, la \u201cinvitada especial\u201d -tal como la presentaron- fue la propia Patricia Bullrich, quien se subi\u00f3 al escenario y llam\u00f3 a votar por Milei.<\/p>\n\n\n\n<figure class=\"wp-block-image\"><img decoding=\"async\" src=\"https:\/\/gdb.voanews.com\/01000000-c0a8-0242-9a05-08dbe7a23250_tv_w650_r1.jpg\" alt=\"Argentina se prepara para el balotaje presidencial\" title=\"Argentina se prepara para el balotaje presidencial\"\/><\/figure>\n\n\n\n<p><video poster=\"https:\/\/gdb.voanews.com\/01000000-c0a8-0242-9a05-08dbe7a23250_tv_w650_r1.jpg\" src=\"blob:https:\/\/www.vozdeamerica.com\/96fabf0f-d1ab-4b41-a69b-19804bb10bf5\"><\/video><\/p>\n\n\n\n<h5 class=\"wp-block-heading\"><a href=\"https:\/\/www.vozdeamerica.com\/a\/7359778.html\" target=\"_blank\" rel=\"noreferrer noopener\">Argentina se prepara para el balotaje presidencial<\/a><\/h5>\n\n\n\n<p>El c\u00f3digo se ha copiado en su portapapeles.&nbsp;<\/p>\n\n\n\n<hr class=\"wp-block-separator\"\/>\n\n\n\n<p>Ancho&nbsp;&nbsp;px&nbsp;Altura&nbsp;&nbsp;px<\/p>\n\n\n\n<ul class=\"wp-block-list\"><li><a href=\"https:\/\/facebook.com\/sharer.php?u=https%3a%2f%2fwww.vozdeamerica.com%2fa%2f7359778.html\" target=\"_blank\" rel=\"noreferrer noopener\">Comparta en Facebook<\/a><\/li><li><a href=\"https:\/\/twitter.com\/share?url=https%3a%2f%2fwww.vozdeamerica.com%2fa%2f7359778.html&amp;text=Argentina+se+prepara+para+el+balotaje+presidencial\" target=\"_blank\" rel=\"noreferrer noopener\">Comparta en Twitter<\/a><\/li><\/ul>\n\n\n\n<p>The URL has been copied to your clipboard<\/p>\n\n\n\n<ul class=\"wp-block-list\"><li>Auto<\/li><li>240p<\/li><li>360p<\/li><li>480p<\/li><li>720p<\/li><li>1080p<\/li><\/ul>\n\n\n\n<p>No media source currently available0:001:390:00<\/p>\n\n\n\n<ul class=\"wp-block-list\"><li><\/li><li><\/li><li><\/li><li><\/li><li><\/li><li><\/li><\/ul>\n\n\n\n<p><a href=\"https:\/\/www.vozdeamerica.com\/embed\/player\/Article\/7359778.html?type=video&amp;FullScreenMode=True\" target=\"_blank\" rel=\"noreferrer noopener\"><\/a>&nbsp;Descargar&nbsp;<\/p>\n\n\n\n<p>Bullrich y el expresidente Mauricio Macri se volcaron r\u00e1pidamente por el bando del libertario cuando en la semana posterior a la elecci\u00f3n general celebraron una conferencia de prensa en que aseguraron que hab\u00edan \u201checho las paces\u201d con Milei y le ped\u00edan a su electorado que lo votara para \u201cterminar de una vez por todas con el kirchnerismo\u201d.<br><br>\u201cLa verdad es que dud\u00e9 hasta \u00faltimo momento en venir y mucho m\u00e1s en saber a qu\u00e9 candidato votar, pero hoy me despert\u00e9 y entend\u00ed que era muy importante defender la democracia y mi derecho a elegir el futuro de mi pa\u00eds\u201d, se sincer\u00f3 Alberto, un trabajador del \u00e1rea de comercio. Su situaci\u00f3n es la representaci\u00f3n de muchos otros, seg\u00fan entienden los analistas.<\/p>\n\n\n\n<p>Sin dar predicciones ni concretar, las encuestadoras aseguran que es dif\u00edcil vaticinar el comportamiento del electorado en un clima de marcado descontento con la dirigencia pol\u00edtica y la grave situaci\u00f3n econ\u00f3mica, por lo que el rumbo de la elecci\u00f3n ser\u00e1 una inc\u00f3gnita hasta que se conozcan los primeros resultados bien entrada la noche en Argentina.<\/p>\n\n\n\n<p>VOA<\/p>\n","protected":false},"excerpt":{"rendered":"<p>Carteles de los partidos en el balotaje presidencial de Argentina el 19 de noviembre de 2023. noviembre 19, 2023 Gonzalo Ba\u00f1ez Villar &nbsp;Vea comentarios &nbsp;Print Los argentinos eligen este domingo a su pr\u00f3ximo presidente, entre los candidatos Sergio Massa y el economista libertario Javier Milei.BUENOS AIRES \u2014&nbsp; En un hist\u00f3rico balotaje, poco m\u00e1s de 35 [&hellip;]<\/p>\n","protected":false},"author":28,"featured_media":489741,"comment_status":"closed","ping_status":"","sticky":false,"template":"","format":"standard","meta":{"footnotes":""},"categories":[23,22],"tags":[],"class_list":["post-489740","post","type-post","status-publish","format-standard","has-post-thumbnail","hentry","category-internacional","category-politica"],"_links":{"self":[{"href":"https:\/\/diariodominicano.com\/index.php?rest_route=\/wp\/v2\/posts\/489740","targetHints":{"allow":["GET"]}}],"collection":[{"href":"https:\/\/diariodominicano.com\/index.php?rest_route=\/wp\/v2\/posts"}],"about":[{"href":"https:\/\/diariodominicano.com\/index.php?rest_route=\/wp\/v2\/types\/post"}],"author":[{"embeddable":true,"href":"https:\/\/diariodominicano.com\/index.php?rest_route=\/wp\/v2\/users\/28"}],"replies":[{"embeddable":true,"href":"https:\/\/diariodominicano.com\/index.php?rest_route=%2Fwp%2Fv2%2Fcomments&post=489740"}],"version-history":[{"count":3,"href":"https:\/\/diariodominicano.com\/index.php?rest_route=\/wp\/v2\/posts\/489740\/revisions"}],"predecessor-version":[{"id":489744,"href":"https:\/\/diariodominicano.com\/index.php?rest_route=\/wp\/v2\/posts\/489740\/revisions\/489744"}],"wp:featuredmedia":[{"embeddable":true,"href":"https:\/\/diariodominicano.com\/index.php?rest_route=\/wp\/v2\/media\/489741"}],"wp:attachment":[{"href":"https:\/\/diariodominicano.com\/index.php?rest_route=%2Fwp%2Fv2%2Fmedia&parent=489740"}],"wp:term":[{"taxonomy":"category","embeddable":true,"href":"https:\/\/diariodominicano.com\/index.php?rest_route=%2Fwp%2Fv2%2Fcategories&post=489740"},{"taxonomy":"post_tag","embeddable":true,"href":"https:\/\/diariodominicano.com\/index.php?rest_route=%2Fwp%2Fv2%2Ftags&post=489740"}],"curies":[{"name":"wp","href":"https:\/\/api.w.org\/{rel}","templated":true}]}}