{"id":48973,"date":"2020-10-05T07:34:37","date_gmt":"2020-10-05T07:34:37","guid":{"rendered":"http:\/\/diariodominicano.ddns.net\/?p=48973"},"modified":"2020-10-05T07:34:37","modified_gmt":"2020-10-05T07:34:37","slug":"ignacio-maria-gonzalez-encabeza-golpistas-contra-el-presidente-espaillat","status":"publish","type":"post","link":"https:\/\/diariodominicano.com\/?p=48973","title":{"rendered":"&#13;Ignacio Mar\u00eda Gonz\u00e1lez encabeza golpistas contra el presidente Espaillat"},"content":{"rendered":"<p><body><\/p>\n<p><img decoding=\"async\" src=\"img3\/Presidente Ulises Francisco Espaillat Ignacio Maria Gonzalez.jpg\" \/>  <\/p>\n<p><span class=\"text1noticias\">Hab\u00eda sido electo el 24 de Marzo de 1876<\/span><\/p>\n<p><span class=\"text1noticias\"><strong>Ignacio Mar\u00eda Gonz\u00e1lez encabeza golpistas contra el presidente Espaillat<\/strong><\/span><\/p>\n<p><span class=\"text1noticias\"><strong>SANTO DOMINGO, el  5 de octubre de 1876,<\/strong> un movimiento militar encabezado por el general Ignacio Mar\u00eda Gonz\u00e1lez entr\u00f3 a la ciudad de Santo Domingo con el prop\u00f3sito de derrocar al Presidente Ulises Francisco Espaillat,  quien hab\u00eda sido  elegido Presidente de la Rep\u00fablica Dominicana en las elecciones del d\u00eda 24 de Marzo del mismo a\u00f1o 1876, con el apoyo del Partido Azul, liderado por el pr\u00f3cer Gregorio Luper\u00f3n.<\/span><\/p>\n<\/p>\n<p><span class=\"text1noticias\">    <strong>De los 26 mil 410 votos echados en el proceso de elecci\u00f3n, Espaillat logr\u00f3 24 mil 329. El segundo m\u00e1s votado fue el general Gregorio Luper\u00f3n, quien obtuvo 559 votos, seg\u00fan se registra en la Gaceta de Santo Domingo, n\u00famero 119, del 18 de abril de 1876.<\/strong><\/span><\/p>\n<\/p>\n<p><span class=\"text1noticias\">     El 18 de abril de 1876, el Presidente  Espaillat recibi\u00f3 el apoyo de la Iglesia Cat\u00f3lica, que hizo votos para  en el nuevo Gobierno florecieran la piedad y la moralidad, que a su juicio son las bases de la paz y de la prosperidad de los pueblos.<\/span><\/p>\n<\/p>\n<p><span class=\"text1noticias\">    La posici\u00f3n de la Iglesia fue expresada por el Delegado y Vicario Apost\u00f3lico, Fray Roque Coch\u00eda.<\/span><\/p>\n<\/p>\n<p><span class=\"text1noticias\">     Ulises Francisco Espaillat, un exponente del pensamiento liberal, quiso desde el poder poner en pr\u00e1ctica  sus ideas, pero las conspiraciones militares no le dieron tregua a su Gobierno.<\/span><\/p>\n<\/p>\n<p><span class=\"text1noticias\">    Su prop\u00f3sito de organizar el pa\u00eds dentro de un esquema democr\u00e1tico fue saboteado por los conservadores.<\/span><\/p>\n<\/p>\n<p><span class=\"text1noticias\">    Espaillat cre\u00eda en el ejercicio de una prensa libre de censura y favorec\u00eda  el libre juego de las ideas.<\/span><\/p>\n<\/p>\n<p><span class=\"text1noticias\">     Respecto a los militares, sosten\u00eda la idea de que ten\u00edan que organizarse como Ej\u00e9rcito Profesional. En procura de ese objetivo nombr\u00f3 al general Gregorio Luper\u00f3n, ministro de Guerra y Marina.<\/span><\/p>\n<\/p>\n<p><span class=\"text1noticias\">    Sin embargo, en el momento que le toc\u00f3 gobernar, Espaillat no ten\u00eda grupos militares a su servicio, como era costumbre en la \u00e9poca cuando un grupo de generales constitu\u00edan c\u00edrculos militares particulares que usaban para sus fines pol\u00edticos y personales.<\/span><\/p>\n<\/p>\n<p><span class=\"text1noticias\">    De manera que el personaje  que pod\u00eda pagar militares reun\u00eda un grupo a su alrededor y lo pon\u00eda a su servicio de manera incondicional.<\/span><\/p>\n<\/p>\n<p><span class=\"text1noticias\">    El hecho de que al terminar la Guerra de la Restauraci\u00f3n  en el a\u00f1o 1865, quedaron muchos militares sin trabajo, se vieron en la necesidad de vender sus servicios al general que  pudiera pagar. <\/span><\/p>\n<\/p>\n<p><span class=\"text1noticias\"> Esa situaci\u00f3n se convirti\u00f3 en un factor de inestabilidad en la Rep\u00fablica Dominicana.  Por lo  que el Gobierno de Espaillat no tuvo paz desde el primer d\u00eda de su gesti\u00f3n. Fue  frustrado su ideal de lograr la  organizaci\u00f3n del Estado, especialmente en  la pol\u00edtica econ\u00f3mica  y la forma  de la administraci\u00f3n p\u00fablica.<\/span><\/p>\n<\/p>\n<p><span class=\"text1noticias\">     El general Ignacio Mar\u00eda Gonz\u00e1lez luego que entr\u00f3 con sus tropas a la ciudad de Santo Domingo, el 5 de octubre de 1876, a pesar de las concesiones que le hizo el Presidente   Espaillat como desplazar a los azules y darle participaci\u00f3n a sus hombres, sigui\u00f3 su plan golpista y el 20 de diciembre de 1876, logr\u00f3 que el Jefe del Estado presentara renuncia.<\/span><\/p>\n<\/p>\n<p><span class=\"text1noticias\">    De esa manera, se frustr\u00f3  un proceso democr\u00e1tico que se hab\u00eda iniciado en el pa\u00eds menos de  ocho  meses antes.<\/span><\/p>\n<\/p>\n<p><span class=\"text1noticias\">     Al presentar renuncia a la Presidencia de la Rep\u00fablica, Espaillat, busc\u00f3 asilo en el Consulado de Francia.<\/span><\/p>\n<p><span class=\"text1noticias\"> <\/span><\/p>\n<p><span class=\"text1noticias\">     Luego del golpe de Estado se retir\u00f3 de las actividades pol\u00edticas. Muri\u00f3 el 25 de Abril de 1878.  En la historia dominicana es recordado como uno de los sustentadores del pensamiento liberal.<\/span><\/p>\n<\/p>\n<p><span class=\"text1noticias\">     Hab\u00eda expuesto  sus ideas democr\u00e1ticas en la revoluci\u00f3n de 1857, en la guerra de la Restauraci\u00f3n y contra el Gobierno del Presidente Buenaventura B\u00e1ez.<\/span><\/p>\n<\/p>\n<p><span class=\"text1noticias\">     En el a\u00f1o 1863 fue escogido Vicepresidente de la Rep\u00fablica en el Gobierno provisional de la Restauraci\u00f3n.<\/span><\/p>\n<\/p>\n<\/p>\n<\/p>\n<\/p>\n<\/p>\n<h6> 2020-10-05 07:34:37 <\/h6>\n<p><!--\n<link rel=\"stylesheet\" href=\"css\/bootstrap.min.css\">\n\n\n<ul class=\"pagination\">\n\t    \n\t\n\n<li >\n\t<a href='?page_no=165'>Previous<\/a>\n\t<\/li>\n\n\n       \n    \n\n<li><a href='?page_no=1'>1<\/a><\/li>\n\n\n\n<li><a href='?page_no=2'>2<\/a><\/li>\n\n\n\n<li><a>...<\/a><\/li>\n\n\n\n<li><a href='?page_no=164'>164<\/a><\/li>\n\n\n\n<li><a href='?page_no=165'>165<\/a><\/li>\n\n\n\n<li class='active'><a>166<\/a><\/li>\n\n\n\n<li><a href='?page_no=167'>167<\/a><\/li>\n\n\n\n<li><a href='?page_no=168'>168<\/a><\/li>\n\n\n\n<li><a>...<\/a><\/li>\n\n\n\n<li><a href='?page_no=22911'>22911<\/a><\/li>\n\n\n\n<li><a href='?page_no=22912'>22912<\/a><\/li>\n\n    \n\t\n\n<li >\n\t<a href='?page_no=167'>Next<\/a>\n\t<\/li>\n\n\n    \n\n<li><a href='?page_no=22912'>Last &rsaquo;&rsaquo;<\/a><\/li>\n\n<\/ul>\n\n\n--><br \/>\n<\/body><\/p>\n","protected":false},"excerpt":{"rendered":"<p>Hab\u00eda sido electo el 24 de Marzo de 1876 Ignacio Mar\u00eda Gonz\u00e1lez encabeza golpistas contra el presidente Espaillat SANTO DOMINGO, el 5 de octubre de 1876, un movimiento militar encabezado por el general Ignacio Mar\u00eda Gonz\u00e1lez entr\u00f3 a la ciudad de Santo Domingo con el prop\u00f3sito de derrocar al Presidente Ulises Francisco Espaillat, quien hab\u00eda [&hellip;]<\/p>\n","protected":false},"author":3,"featured_media":0,"comment_status":"open","ping_status":"open","sticky":false,"template":"","format":"standard","meta":{"footnotes":""},"categories":[21],"tags":[],"class_list":["post-48973","post","type-post","status-publish","format-standard","hentry","category-cultura"],"_links":{"self":[{"href":"https:\/\/diariodominicano.com\/index.php?rest_route=\/wp\/v2\/posts\/48973","targetHints":{"allow":["GET"]}}],"collection":[{"href":"https:\/\/diariodominicano.com\/index.php?rest_route=\/wp\/v2\/posts"}],"about":[{"href":"https:\/\/diariodominicano.com\/index.php?rest_route=\/wp\/v2\/types\/post"}],"author":[{"embeddable":true,"href":"https:\/\/diariodominicano.com\/index.php?rest_route=\/wp\/v2\/users\/3"}],"replies":[{"embeddable":true,"href":"https:\/\/diariodominicano.com\/index.php?rest_route=%2Fwp%2Fv2%2Fcomments&post=48973"}],"version-history":[{"count":0,"href":"https:\/\/diariodominicano.com\/index.php?rest_route=\/wp\/v2\/posts\/48973\/revisions"}],"wp:attachment":[{"href":"https:\/\/diariodominicano.com\/index.php?rest_route=%2Fwp%2Fv2%2Fmedia&parent=48973"}],"wp:term":[{"taxonomy":"category","embeddable":true,"href":"https:\/\/diariodominicano.com\/index.php?rest_route=%2Fwp%2Fv2%2Fcategories&post=48973"},{"taxonomy":"post_tag","embeddable":true,"href":"https:\/\/diariodominicano.com\/index.php?rest_route=%2Fwp%2Fv2%2Ftags&post=48973"}],"curies":[{"name":"wp","href":"https:\/\/api.w.org\/{rel}","templated":true}]}}