{"id":48940,"date":"2020-10-08T12:30:08","date_gmt":"2020-10-08T12:30:08","guid":{"rendered":"http:\/\/diariodominicano.ddns.net\/?p=48940"},"modified":"2020-10-08T12:30:08","modified_gmt":"2020-10-08T12:30:08","slug":"el-dia-que-fallecio-el-jurista-manuel-ubaldo-gomez","status":"publish","type":"post","link":"https:\/\/diariodominicano.com\/?p=48940","title":{"rendered":"El d\u00eda que falleci\u00f3 el jurista Manuel Ubaldo G\u00f3mez"},"content":{"rendered":"<p><body><\/p>\n<p><img decoding=\"async\" src=\"img3\/Manuel-Ubaldo-Gomez.jpg\" \/><br \/><img decoding=\"async\" src=\"img3\/Manuel-Ubaldo-Gomez.jpg\" \/>  <\/p>\n<p><strong>Diatriodominicano.com<\/strong><\/p>\n<p><strong>El d\u00eda que falleci\u00f3 el jurista Manuel Ubaldo G\u00f3mez<\/strong><\/p>\n<p><strong>LA VEGA, el  8 de octubre de 1941,<\/strong>  falleci\u00f3 en la ciudad  de La Vega, el historiador  y abogado Manuel Ubaldo G\u00f3mez. Hab\u00eda nacido en  esta ciudad el d\u00eda 8 de septiembre de 1857. <\/p>\n<\/p>\n<p>Se destac\u00f3  como maestro, abogado, historiador, periodista, doctrinario y orador.  Curs\u00f3 sus estudios hasta el nivel secundario en la ciudad de La Vega, donde se gradu\u00f3 de bachiller en Ciencias y Letras.<\/p>\n<\/p>\n<p>    En el a\u00f1o 1888 fue investido por la Suprema Corte de Justicia, como licenciado en derecho. En esa etapa el m\u00e1ximo tribunal del pa\u00eds era el encargado de conceder el grado de abogado.<\/p>\n<\/p>\n<p>     En ese mismo a\u00f1o, el Presidente Ulises Heuraux  lo nombr\u00f3 miembro de la Junta Provincial de Estudios de La Vega. Y en el a\u00f1o 1903, en su condici\u00f3n de Presidente del Congreso Nacional jurament\u00f3 al Presidente Alejandro Woss y G\u00edl.<\/p>\n<\/p>\n<p>      En esa ocasi\u00f3n advirti\u00f3 al nuevo jefe del Estado:<\/p>\n<\/p>\n<p>     \u00abDeb\u00e9is manteneros a distancia de todo extremo que pueda falsear la rectitud de vuestra elevada funci\u00f3n p\u00fablica, sin incidir en energ\u00edas peligrosas para la libertad, pero sin caer tampoco en debilidad que comprometa el \u00e9xito de vuestra gesti\u00f3n  gubernativa. La ley debe ser la norma de todos vuestros actos, y dentro de ella encontrar\u00e9is los medios eficientes de contener los impacientes reclamos de la demagogia, tan funesta para los Estados como la tiran\u00eda\u00bb.<\/p>\n<\/p>\n<p>    En  el a\u00f1o 1910, Manuel Ubaldo G\u00f3mez fue nombrado por el Presidente Ram\u00f3n C\u00e1ceres, presidente de la Corte de Apelaci\u00f3n de Santiago.<\/p>\n<\/p>\n<p>     En el a\u00f1o 1936 fue declarado por el Ayuntamiento de La  Vega, \u00abHijo Preclaro\u00bb, como reconocimiento a los servicios que hizo a la comunidad.<\/p>\n<\/p>\n<p>     Manuel Ubaldo G\u00f3mez se destac\u00f3 como un hombre muy estricto en sus obligaciones; nunca se sustrajo al cumplimiento del deber por embarazoso que fuera.<\/p>\n<\/p>\n<p>   En un perfil sobre su personalidad el doctor Jorge Tena Reyes afirma que Manuel Ubaldo G\u00f3mez fue una autoridad moral de gran prestigio.<\/p>\n<\/p>\n<p>    Resalta que su pensamiento lo rigi\u00f3 siempre un elevado principio \u00e9tico. \u00abNo es un escritor florido, ni castizo en el sentido acad\u00e9mico del t\u00e9rmino. Su prosa es cruda, llana, sin subterfugios  ni ambig\u00fcedades, como corresponde a un hombre de alma sencilla y honrada.<\/p>\n<\/p>\n<p>    Manuel Ubaldo G\u00f3mez escribi\u00f3  en tres tomos \u00abResumen de la Historia de Santo Domingo\u00bb, lo que constituye su principal aporte a la cultura dominicana.<\/p>\n<\/p>\n<p>     El doctor Joaqu\u00edn Balaguer  al analizar esa obra sostiene: \u00abEs un compendio escrito en excelente prosa did\u00e1ctica, con la claridad y sencillez recomendables en obras destinadas a la ense\u00f1anza\u00bb.<\/p>\n<\/p>\n<p>    En el a\u00f1o 1920, Manuel Ubaldo G\u00f3mez public\u00f3 un folleto con el t\u00edtulo \u00abRecuerdos\u00bb, en el que narra, en prosa sencilla, pero clara y correcta, una serie de hechos anecd\u00f3ticos de gran utilidad para el conocimiento de la vida dominicana.<\/p>\n<\/p>\n<p>    Fue un colaborador de los peri\u00f3dicos de la \u00e9poca, entre los que figuran El Ideal, \u00f3rgano de la Sociedad Amor al Estudio, El Adalid y El Progreso, en el cual se distingui\u00f3 como un cr\u00edtico de los males sociales que sufr\u00eda la Rep\u00fablica Dominicana.<\/p>\n<\/p>\n<p>   Durante los a\u00f1os 1915-1916, escribi\u00f3 una serie de art\u00edculos titulados la  \u00abEpidemia del Rev\u00f3lver\u00bb.<\/p>\n<\/p>\n<p>   Manuel Ubaldo G\u00f3mez muri\u00f3 en La Vega, el  8 de Octubre de 1941.<\/p>\n<\/p>\n<\/p>\n<\/p>\n<h6> 2020-10-08 12:30:08 <\/h6>\n<p><!--\n<link rel=\"stylesheet\" href=\"css\/bootstrap.min.css\">\n\n\n<ul class=\"pagination\">\n\t    \n\t\n\n<li >\n\t<a href='?page_no=162'>Previous<\/a>\n\t<\/li>\n\n\n       \n    \n\n<li><a href='?page_no=1'>1<\/a><\/li>\n\n\n\n<li><a href='?page_no=2'>2<\/a><\/li>\n\n\n\n<li><a>...<\/a><\/li>\n\n\n\n<li><a href='?page_no=161'>161<\/a><\/li>\n\n\n\n<li><a href='?page_no=162'>162<\/a><\/li>\n\n\n\n<li class='active'><a>163<\/a><\/li>\n\n\n\n<li><a href='?page_no=164'>164<\/a><\/li>\n\n\n\n<li><a href='?page_no=165'>165<\/a><\/li>\n\n\n\n<li><a>...<\/a><\/li>\n\n\n\n<li><a href='?page_no=22911'>22911<\/a><\/li>\n\n\n\n<li><a href='?page_no=22912'>22912<\/a><\/li>\n\n    \n\t\n\n<li >\n\t<a href='?page_no=164'>Next<\/a>\n\t<\/li>\n\n\n    \n\n<li><a href='?page_no=22912'>Last &rsaquo;&rsaquo;<\/a><\/li>\n\n<\/ul>\n\n\n--><br \/>\n<\/body><\/p>\n","protected":false},"excerpt":{"rendered":"<p>Diatriodominicano.com El d\u00eda que falleci\u00f3 el jurista Manuel Ubaldo G\u00f3mez LA VEGA, el 8 de octubre de 1941, falleci\u00f3 en la ciudad de La Vega, el historiador y abogado Manuel Ubaldo G\u00f3mez. Hab\u00eda nacido en esta ciudad el d\u00eda 8 de septiembre de 1857. Se destac\u00f3 como maestro, abogado, historiador, periodista, doctrinario y orador. Curs\u00f3 [&hellip;]<\/p>\n","protected":false},"author":3,"featured_media":0,"comment_status":"open","ping_status":"open","sticky":false,"template":"","format":"standard","meta":{"footnotes":""},"categories":[21],"tags":[],"class_list":["post-48940","post","type-post","status-publish","format-standard","hentry","category-cultura"],"_links":{"self":[{"href":"https:\/\/diariodominicano.com\/index.php?rest_route=\/wp\/v2\/posts\/48940","targetHints":{"allow":["GET"]}}],"collection":[{"href":"https:\/\/diariodominicano.com\/index.php?rest_route=\/wp\/v2\/posts"}],"about":[{"href":"https:\/\/diariodominicano.com\/index.php?rest_route=\/wp\/v2\/types\/post"}],"author":[{"embeddable":true,"href":"https:\/\/diariodominicano.com\/index.php?rest_route=\/wp\/v2\/users\/3"}],"replies":[{"embeddable":true,"href":"https:\/\/diariodominicano.com\/index.php?rest_route=%2Fwp%2Fv2%2Fcomments&post=48940"}],"version-history":[{"count":0,"href":"https:\/\/diariodominicano.com\/index.php?rest_route=\/wp\/v2\/posts\/48940\/revisions"}],"wp:attachment":[{"href":"https:\/\/diariodominicano.com\/index.php?rest_route=%2Fwp%2Fv2%2Fmedia&parent=48940"}],"wp:term":[{"taxonomy":"category","embeddable":true,"href":"https:\/\/diariodominicano.com\/index.php?rest_route=%2Fwp%2Fv2%2Fcategories&post=48940"},{"taxonomy":"post_tag","embeddable":true,"href":"https:\/\/diariodominicano.com\/index.php?rest_route=%2Fwp%2Fv2%2Ftags&post=48940"}],"curies":[{"name":"wp","href":"https:\/\/api.w.org\/{rel}","templated":true}]}}