{"id":489366,"date":"2023-11-17T02:07:56","date_gmt":"2023-11-17T06:07:56","guid":{"rendered":"https:\/\/diariodominicano.com\/?p=489366"},"modified":"2023-11-17T02:07:56","modified_gmt":"2023-11-17T06:07:56","slug":"moca-fc-tiene-nuevo-dt-interino-mariano-tejada-releva-a-sergio-guzman-partidos-finales-copa-caribena","status":"publish","type":"post","link":"https:\/\/diariodominicano.com\/?p=489366","title":{"rendered":"MOCA FC tiene nuevo DT interino: Mariano Tejada releva a Sergio Guzm\u00e1n partidos finales Copa Caribe\u00f1a"},"content":{"rendered":"\n<p>El DT Interino del MOCA FC, el joven Mariano Tejada junto al preparador fisico Johan Ortiz<\/p>\n\n\n\n<p>MOCA, RD. &#8211; El\u00a0MOCA FC\u00a0comunica que, el joven Mariano Tejada, asume el cargo de\u00a0director t\u00e9cnico interino\u00a0del primer equipo, en sustituci\u00f3n de Sergio Guzm\u00e1n, al quedar dos partidos por el tercer lugar de la Copa Caribe\u00f1a, programado el 28 noviembre (partido de ida) y el 5 de diciembre (Partido de vuelta).<\/p>\n\n\n\n<p>El&nbsp;equipo aurinegro despu\u00e9s de una reuni\u00f3n de la&nbsp;Directiva se decidi\u00f3 dar por&nbsp;terminada su vinculaci\u00f3n contractual&nbsp;con el colombiano Guzm\u00e1n de la Instituci\u00f3n, revel\u00f3 el club aurinegro que se prepara para el \u00faltimo cupo en la Copa Caribe\u00f1a de la Concacaf 2023.<\/p>\n\n\n\n<p>Tejada a su llegada a los entrenamientos del club, destac\u00f3, que sabe del gran reto que tiene en estos momentos y agradeci\u00f3 el gran recibimiento de los jugadores, parte t\u00e9cnica y los directivos del equipo aurinegro.<\/p>\n\n\n\n<p>\u201cEsto representa una gran oportunidad en mi carrera, aqu\u00ed recib\u00ed un trato especial a mi llegada por parte de todos los jugadores y directivos, es una forma de arrancar bien un trabajo\u201d dijo.<\/p>\n\n\n\n<p>Adem\u00e1s, declar\u00f3 que sabe de la importancia del reto que tiene en sus manos y la encomienda es la clasificaci\u00f3n a la Copa de Campeones en febrero del 2024. &nbsp;<\/p>\n\n\n\n<p>\u201cTenemos plena confianza en el trabajo en equipo, la mentalidad ganadora y la capacidad para encabezar este nuevo reto\u201d, apuntaba Tejada.<\/p>\n\n\n\n<figure class=\"wp-block-image size-large\"><img loading=\"lazy\" decoding=\"async\" width=\"674\" height=\"1024\" src=\"https:\/\/diariodominicano.com\/wp-content\/uploads\/2023\/11\/El-DT-Interino-Mariano-Tejada-que-estara-al-frente-del-MOCA-FC-para-su-compromiso-en-la-Copa-Caribena-2023-en-busca-del-tercer-lugar-674x1024.jpg\" alt=\"\" class=\"wp-image-489368\" srcset=\"https:\/\/diariodominicano.com\/wp-content\/uploads\/2023\/11\/El-DT-Interino-Mariano-Tejada-que-estara-al-frente-del-MOCA-FC-para-su-compromiso-en-la-Copa-Caribena-2023-en-busca-del-tercer-lugar-674x1024.jpg 674w, https:\/\/diariodominicano.com\/wp-content\/uploads\/2023\/11\/El-DT-Interino-Mariano-Tejada-que-estara-al-frente-del-MOCA-FC-para-su-compromiso-en-la-Copa-Caribena-2023-en-busca-del-tercer-lugar-198x300.jpg 198w, https:\/\/diariodominicano.com\/wp-content\/uploads\/2023\/11\/El-DT-Interino-Mariano-Tejada-que-estara-al-frente-del-MOCA-FC-para-su-compromiso-en-la-Copa-Caribena-2023-en-busca-del-tercer-lugar-768x1166.jpg 768w, https:\/\/diariodominicano.com\/wp-content\/uploads\/2023\/11\/El-DT-Interino-Mariano-Tejada-que-estara-al-frente-del-MOCA-FC-para-su-compromiso-en-la-Copa-Caribena-2023-en-busca-del-tercer-lugar-1012x1536.jpg 1012w, https:\/\/diariodominicano.com\/wp-content\/uploads\/2023\/11\/El-DT-Interino-Mariano-Tejada-que-estara-al-frente-del-MOCA-FC-para-su-compromiso-en-la-Copa-Caribena-2023-en-busca-del-tercer-lugar-1349x2048.jpg 1349w, https:\/\/diariodominicano.com\/wp-content\/uploads\/2023\/11\/El-DT-Interino-Mariano-Tejada-que-estara-al-frente-del-MOCA-FC-para-su-compromiso-en-la-Copa-Caribena-2023-en-busca-del-tercer-lugar-816x1239.jpg 816w, https:\/\/diariodominicano.com\/wp-content\/uploads\/2023\/11\/El-DT-Interino-Mariano-Tejada-que-estara-al-frente-del-MOCA-FC-para-su-compromiso-en-la-Copa-Caribena-2023-en-busca-del-tercer-lugar-scaled.jpg 1686w\" sizes=\"auto, (max-width: 674px) 100vw, 674px\" \/><\/figure>\n\n\n\n<p>Junto a Tejada se integran el venezolano Johan Ortiz preparador f\u00edsico, Jhoan P\u00e9rez fisioterapeuta, Jos\u00e9 Cruz doctor y Lewis Garc\u00eda utilero.<\/p>\n\n\n\n<p>MOCA FC, todav\u00eda est\u00e1 en la fase de eliminaci\u00f3n directa de la Copa de Campeones Concacaf 2024, ya que el ganador del tercer lugar entra a la Ronda Uno en el mes de febrero.<\/p>\n\n\n\n<p><strong>Prensa y Relaciones P\u00fablicas MOCA FC<\/strong><\/p>\n","protected":false},"excerpt":{"rendered":"<p>El DT Interino del MOCA FC, el joven Mariano Tejada junto al preparador fisico Johan Ortiz MOCA, RD. &#8211; El\u00a0MOCA FC\u00a0comunica que, el joven Mariano Tejada, asume el cargo de\u00a0director t\u00e9cnico interino\u00a0del primer equipo, en sustituci\u00f3n de Sergio Guzm\u00e1n, al quedar dos partidos por el tercer lugar de la Copa Caribe\u00f1a, programado el 28 noviembre [&hellip;]<\/p>\n","protected":false},"author":28,"featured_media":489367,"comment_status":"closed","ping_status":"","sticky":false,"template":"","format":"standard","meta":{"footnotes":""},"categories":[17,32],"tags":[],"class_list":["post-489366","post","type-post","status-publish","format-standard","has-post-thumbnail","hentry","category-deportes","category-turismo"],"_links":{"self":[{"href":"https:\/\/diariodominicano.com\/index.php?rest_route=\/wp\/v2\/posts\/489366","targetHints":{"allow":["GET"]}}],"collection":[{"href":"https:\/\/diariodominicano.com\/index.php?rest_route=\/wp\/v2\/posts"}],"about":[{"href":"https:\/\/diariodominicano.com\/index.php?rest_route=\/wp\/v2\/types\/post"}],"author":[{"embeddable":true,"href":"https:\/\/diariodominicano.com\/index.php?rest_route=\/wp\/v2\/users\/28"}],"replies":[{"embeddable":true,"href":"https:\/\/diariodominicano.com\/index.php?rest_route=%2Fwp%2Fv2%2Fcomments&post=489366"}],"version-history":[{"count":1,"href":"https:\/\/diariodominicano.com\/index.php?rest_route=\/wp\/v2\/posts\/489366\/revisions"}],"predecessor-version":[{"id":489369,"href":"https:\/\/diariodominicano.com\/index.php?rest_route=\/wp\/v2\/posts\/489366\/revisions\/489369"}],"wp:featuredmedia":[{"embeddable":true,"href":"https:\/\/diariodominicano.com\/index.php?rest_route=\/wp\/v2\/media\/489367"}],"wp:attachment":[{"href":"https:\/\/diariodominicano.com\/index.php?rest_route=%2Fwp%2Fv2%2Fmedia&parent=489366"}],"wp:term":[{"taxonomy":"category","embeddable":true,"href":"https:\/\/diariodominicano.com\/index.php?rest_route=%2Fwp%2Fv2%2Fcategories&post=489366"},{"taxonomy":"post_tag","embeddable":true,"href":"https:\/\/diariodominicano.com\/index.php?rest_route=%2Fwp%2Fv2%2Ftags&post=489366"}],"curies":[{"name":"wp","href":"https:\/\/api.w.org\/{rel}","templated":true}]}}