{"id":489330,"date":"2023-11-17T01:18:46","date_gmt":"2023-11-17T05:18:46","guid":{"rendered":"https:\/\/diariodominicano.com\/?p=489330"},"modified":"2025-03-31T21:59:32","modified_gmt":"2025-04-01T01:59:32","slug":"ex-diputado-rafael-mendez-asegura-erraticas-politicas-del-gobierno-agravan-relaciones-con-haiti","status":"publish","type":"post","link":"https:\/\/diariodominicano.com\/?p=489330","title":{"rendered":"Ex diputado Rafael M\u00e9ndez asegura \u201cerr\u00e1ticas pol\u00edticas\u201d del gobierno agravan relaciones con Hait\u00ed"},"content":{"rendered":"\n<p>NEIBA, Bahoruco.- El ex diputado Rafael M\u00e9ndez responsabiliz\u00f3 \u00a0al gobierno del presidente Luis Abinader del agravamiento de las relaciones \u201cen el campo diplom\u00e1tico y comercial\u201d con Hait\u00ed, porque \u201cresulta m\u00e1s que evidente que las autoridades dominicanas precipitaron trascendentes decisiones sin medir las consecuencias en el orden econ\u00f3mico y social para las dos naciones\u201d.<\/p>\n\n\n\n<p><\/p>\n\n\n\n<p>Hablando aqu\u00ed ante personas que requirieron su opini\u00f3n sobre el estado de la situaci\u00f3n Hait\u00ed-Rep\u00fablica Dominicana, el tambi\u00e9n candidato a diputado por la Fuerza del Pueblo, dijo que \u201cuna consecuencia de la err\u00e1tica pol\u00edtica a oficial es la quiebra de los productores agr\u00edcolas y pecuarios, pero tambi\u00e9n es la dif\u00edcil situaci\u00f3n por la que atraviesan las miles de personas que se ganaban la vida en el intercambio fronterizo\u201d.<\/p>\n\n\n\n<p>\u201cAl inobservar y precipitar acciones que pudieron tener consecuencias menos gravosas para ambas naciones, el Mandatario incurri\u00f3 en un grave error estrat\u00e9gico, la decisi\u00f3n de sellar totalmente las fronteras con Hait\u00ed, derivada de la construcci\u00f3n unilateral de un canal de riego en el r\u00edo Masacre\u201d, acot\u00f3.<\/p>\n\n\n\n<p>M\u00e9ndez, quien fuera presidente de la Comisi\u00f3n de Frontera de la C\u00e1mara de Diputados, \u00a0record\u00f3 que esa err\u00e1tica pol\u00edtica oficial hacia la frontera y hacia Hait\u00ed, la coloc\u00f3 sobre la mesa el ministro de Econom\u00eda, Pavel Isa Contreras, cuando dijo que el gobierno \u201cni analiz\u00f3, ni se estudi\u00f3 el impacto o los efectos\u201d que provocar\u00eda a la econom\u00eda nacional el cierre de la frontera dom\u00ednico-haitiana.<\/p>\n\n\n\n<p>Ohelmis Sanchez<a target=\"_blank\" href=\"mailto:ohelmissanchez01@gmail.com\" rel=\"noreferrer noopener\">ohelmissanchez01@gmail.co<\/a><\/p>\n","protected":false},"excerpt":{"rendered":"<p>NEIBA, Bahoruco.- El ex diputado Rafael M\u00e9ndez responsabiliz\u00f3 \u00a0al gobierno del presidente Luis Abinader del agravamiento de las relaciones \u201cen el campo diplom\u00e1tico y comercial\u201d con Hait\u00ed, porque \u201cresulta m\u00e1s que evidente que las autoridades dominicanas precipitaron trascendentes decisiones sin medir las consecuencias en el orden econ\u00f3mico y social para las dos naciones\u201d. Hablando aqu\u00ed [&hellip;]<\/p>\n","protected":false},"author":28,"featured_media":489332,"comment_status":"closed","ping_status":"closed","sticky":false,"template":"","format":"standard","meta":{"footnotes":""},"categories":[22],"tags":[178],"class_list":["post-489330","post","type-post","status-publish","format-standard","has-post-thumbnail","hentry","category-politica","tag-rafael-mendez"],"_links":{"self":[{"href":"https:\/\/diariodominicano.com\/index.php?rest_route=\/wp\/v2\/posts\/489330","targetHints":{"allow":["GET"]}}],"collection":[{"href":"https:\/\/diariodominicano.com\/index.php?rest_route=\/wp\/v2\/posts"}],"about":[{"href":"https:\/\/diariodominicano.com\/index.php?rest_route=\/wp\/v2\/types\/post"}],"author":[{"embeddable":true,"href":"https:\/\/diariodominicano.com\/index.php?rest_route=\/wp\/v2\/users\/28"}],"replies":[{"embeddable":true,"href":"https:\/\/diariodominicano.com\/index.php?rest_route=%2Fwp%2Fv2%2Fcomments&post=489330"}],"version-history":[{"count":2,"href":"https:\/\/diariodominicano.com\/index.php?rest_route=\/wp\/v2\/posts\/489330\/revisions"}],"predecessor-version":[{"id":489333,"href":"https:\/\/diariodominicano.com\/index.php?rest_route=\/wp\/v2\/posts\/489330\/revisions\/489333"}],"wp:featuredmedia":[{"embeddable":true,"href":"https:\/\/diariodominicano.com\/index.php?rest_route=\/wp\/v2\/media\/489332"}],"wp:attachment":[{"href":"https:\/\/diariodominicano.com\/index.php?rest_route=%2Fwp%2Fv2%2Fmedia&parent=489330"}],"wp:term":[{"taxonomy":"category","embeddable":true,"href":"https:\/\/diariodominicano.com\/index.php?rest_route=%2Fwp%2Fv2%2Fcategories&post=489330"},{"taxonomy":"post_tag","embeddable":true,"href":"https:\/\/diariodominicano.com\/index.php?rest_route=%2Fwp%2Fv2%2Ftags&post=489330"}],"curies":[{"name":"wp","href":"https:\/\/api.w.org\/{rel}","templated":true}]}}