{"id":48918,"date":"2020-10-09T21:45:45","date_gmt":"2020-10-09T21:45:45","guid":{"rendered":"http:\/\/diariodominicano.ddns.net\/?p=48918"},"modified":"2020-10-09T21:45:45","modified_gmt":"2020-10-09T21:45:45","slug":"el-dia-que-fallecio-carolina-conina-mainardi-viuda-cuello","status":"publish","type":"post","link":"https:\/\/diariodominicano.com\/?p=48918","title":{"rendered":"El d\u00eda que falleci\u00f3  Carolina  -Conina-  Mainardi viuda Cuello"},"content":{"rendered":"<p><body><\/p>\n<p><strong><span class=\"text1noticias\">Diariodominicano.com<\/span><\/strong><\/p>\n<p><strong><span class=\"text1noticias\">El d\u00eda que falleci\u00f3  Carolina  -Conina-  Mainardi viuda Cuello<\/span><\/strong><\/p>\n<p><strong><span class=\"text1noticias\"> \tHab\u00eda nacido en la ciudad de Santiago de los Caballeros, el 29 de mayo de 1906. En 1927 fue investida en la Universidad de Santo Domingo, como la primera mujer que se gradu\u00f3 de  farmac\u00e9utica.<\/span><\/strong><\/p>\n<p><strong><span class=\"text1noticias\"> <\/span><\/strong><\/p>\n<p><strong><span class=\"text1noticias\"> Por HTN<\/span><\/strong><\/p>\n<p><strong><span class=\"text1noticias\">Diariodominicano.com<\/span><\/strong><\/p>\n<\/p>\n<p><strong><span class=\"text1noticias\">      \tSANTO DOMINGO, el  10 de octubre de 1999<\/span><\/strong><span class=\"text1noticias\">, falleci\u00f3  en la ciudad de Santo Domingo,  Carolina -Conina- Mainardi viuda Cuello, quien se destac\u00f3 como una luchadora antitrujillista y defensora de los derechos humanos.<\/span><\/p>\n<p><span class=\"text1noticias\"> <\/span><\/p>\n<p><span class=\"text1noticias\">    \tHab\u00eda nacido en la ciudad de Santiago de los Caballeros, el 29 de mayo de 1906. En 1927 fue investida en la Universidad de Santo Domingo, como la primera mujer que se gradu\u00f3 de  farmac\u00e9utica.<\/span><\/p>\n<p><span class=\"text1noticias\"> <\/span><\/p>\n<p><span class=\"text1noticias\">      \tEn 1930,  Conina Mainardi sali\u00f3 al exilio con su familia luego de que el dictador Trujillo ordenara  su expulsi\u00f3n al acusar a los Mainardi Cuello de conspirar contra su r\u00e9gimen.<\/span><\/p>\n<p><span class=\"text1noticias\"> <\/span><\/p>\n<p><span class=\"text1noticias\">    \tDesde entonces fue  una luchadora contra la tiran\u00eda trujillista y una defensora de los derechos humanos. <\/span><\/p>\n<p><span class=\"text1noticias\"> <\/span><\/p>\n<p><span class=\"text1noticias\">Hasta la hora de su muerte,  a la edad de 93 a\u00f1os, presid\u00eda la Fundaci\u00f3n H\u00e9roes de Constanza, Maim\u00f3n y Estero Hondo, que honra la memoria de los que abandonaron la vida del exilio para venir al pa\u00eds a luchar contra la tiran\u00eda  de Trujillo.<\/span><\/p>\n<p><span class=\"text1noticias\"> <\/span><\/p>\n<p><span class=\"text1noticias\">     Su familia fue parte de la gesta de  Constanza, Maim\u00f3n y Estero Hondo.<\/span><\/p>\n<p><span class=\"text1noticias\"> <\/span><\/p>\n<p><span class=\"text1noticias\">    \tEn el exilio  Conina Mainardi particip\u00f3 en m\u00faltiples actividades contra la tiran\u00eda y colabor\u00f3 en la fundaci\u00f3n de entidades culturales que ten\u00edan como fin luchar por el advenimiento de la libertad en su patria, Rep\u00fablica Dominicana.<\/span><\/p>\n<p><span class=\"text1noticias\"> <\/span><\/p>\n<p><span class=\"text1noticias\">    \t<strong>En el a\u00f1o 1939, en la Habana, Cuba, particip\u00f3 con su hermano Virgilio Mainardi Reyna, en la fundaci\u00f3n del Partido Revolucionario Dominicano, a cuyo Comit\u00e9 Ejecutivo Nacional pertenec\u00eda hasta la hora de su muerte el 10 de octubre de 1999.<\/strong><\/span><\/p>\n<p><span class=\"text1noticias\"> <\/span><\/p>\n<p><span class=\"text1noticias\">    \t Conina Mainardi dej\u00f3 como legado su ejemplo y sus aportes en procura de la instauraci\u00f3n de la democracia en la Rep\u00fablica Dominicana.<\/span><\/p>\n<p><span class=\"text1noticias\">Fue   la madre de los m\u00e9dicos cardi\u00f3logos Leovilgido Cuello Mainardi, Luis Cuello Mainardi, y el psiquiatra Jorge Cuello Mainardi.<\/span><\/p>\n<p><span class=\"text1noticias\"> <\/span><\/p>\n<\/p>\n<h6> 2020-10-09 21:45:45 <\/h6>\n<p><!--\n<link rel=\"stylesheet\" href=\"css\/bootstrap.min.css\">\n\n\n<ul class=\"pagination\">\n\t    \n\t\n\n<li >\n\t<a href='?page_no=160'>Previous<\/a>\n\t<\/li>\n\n\n       \n    \n\n<li><a href='?page_no=1'>1<\/a><\/li>\n\n\n\n<li><a href='?page_no=2'>2<\/a><\/li>\n\n\n\n<li><a>...<\/a><\/li>\n\n\n\n<li><a href='?page_no=159'>159<\/a><\/li>\n\n\n\n<li><a href='?page_no=160'>160<\/a><\/li>\n\n\n\n<li class='active'><a>161<\/a><\/li>\n\n\n\n<li><a href='?page_no=162'>162<\/a><\/li>\n\n\n\n<li><a href='?page_no=163'>163<\/a><\/li>\n\n\n\n<li><a>...<\/a><\/li>\n\n\n\n<li><a href='?page_no=22911'>22911<\/a><\/li>\n\n\n\n<li><a href='?page_no=22912'>22912<\/a><\/li>\n\n    \n\t\n\n<li >\n\t<a href='?page_no=162'>Next<\/a>\n\t<\/li>\n\n\n    \n\n<li><a href='?page_no=22912'>Last &rsaquo;&rsaquo;<\/a><\/li>\n\n<\/ul>\n\n\n--><br \/>\n<\/body><\/p>\n","protected":false},"excerpt":{"rendered":"<p>Diariodominicano.com El d\u00eda que falleci\u00f3 Carolina -Conina- Mainardi viuda Cuello Hab\u00eda nacido en la ciudad de Santiago de los Caballeros, el 29 de mayo de 1906. En 1927 fue investida en la Universidad de Santo Domingo, como la primera mujer que se gradu\u00f3 de farmac\u00e9utica. Por HTN Diariodominicano.com SANTO DOMINGO, el 10 de octubre de [&hellip;]<\/p>\n","protected":false},"author":3,"featured_media":0,"comment_status":"open","ping_status":"open","sticky":false,"template":"","format":"standard","meta":{"footnotes":""},"categories":[21],"tags":[],"class_list":["post-48918","post","type-post","status-publish","format-standard","hentry","category-cultura"],"_links":{"self":[{"href":"https:\/\/diariodominicano.com\/index.php?rest_route=\/wp\/v2\/posts\/48918","targetHints":{"allow":["GET"]}}],"collection":[{"href":"https:\/\/diariodominicano.com\/index.php?rest_route=\/wp\/v2\/posts"}],"about":[{"href":"https:\/\/diariodominicano.com\/index.php?rest_route=\/wp\/v2\/types\/post"}],"author":[{"embeddable":true,"href":"https:\/\/diariodominicano.com\/index.php?rest_route=\/wp\/v2\/users\/3"}],"replies":[{"embeddable":true,"href":"https:\/\/diariodominicano.com\/index.php?rest_route=%2Fwp%2Fv2%2Fcomments&post=48918"}],"version-history":[{"count":0,"href":"https:\/\/diariodominicano.com\/index.php?rest_route=\/wp\/v2\/posts\/48918\/revisions"}],"wp:attachment":[{"href":"https:\/\/diariodominicano.com\/index.php?rest_route=%2Fwp%2Fv2%2Fmedia&parent=48918"}],"wp:term":[{"taxonomy":"category","embeddable":true,"href":"https:\/\/diariodominicano.com\/index.php?rest_route=%2Fwp%2Fv2%2Fcategories&post=48918"},{"taxonomy":"post_tag","embeddable":true,"href":"https:\/\/diariodominicano.com\/index.php?rest_route=%2Fwp%2Fv2%2Ftags&post=48918"}],"curies":[{"name":"wp","href":"https:\/\/api.w.org\/{rel}","templated":true}]}}